{"id":2217,"date":"2014-02-03T12:00:00","date_gmt":"2014-02-03T11:00:00","guid":{"rendered":"https:\/\/newsroom.armandotesta.it\/\/2014\/02\/03\/fater-lines-e-soggetto-sparisce\/"},"modified":"2019-03-14T12:40:40","modified_gmt":"2019-03-14T11:40:40","slug":"fater-lines-e-soggetto-sparisce","status":"publish","type":"post","link":"https:\/\/newsroom.armandotesta.it\/en\/fater-lines-e-soggetto-sparisce\/","title":{"rendered":"FATER &#8211; LINES \u00e8 &#8211; SOGGETTO &#8220;SPARISCE&#8221;"},"content":{"rendered":"<p>Dopo  il successo del filmato \u201cFabbrica\u201d che ha presentato alle donne italiane la  rivoluzionaria innovazione del Lactifless nel mercato degli assorbenti, Lines \u00e8  va in onda dal 2 febbraio con una nuova campagna Tv sulle principali reti  nazionali.<\/p><p>La protagonista \u00e8 una  bellissima, giovane donna, affascinante ed elegante nella sua simpatica  normalit\u00e0. Entra in scena avvolta da un\u2019atmosfera misteriosamente glamour. In  un party raffinato, mentre dialoga con gli ospiti, confida con uno sguardo  complice alle telespettatrici il suo desiderio: far sparire il fastidio di  alcune cose che indossa. Il fastidio del tacco 12 ad esempio. Ed ecco che con  effetto sorprendente le scarpe che indossa spariscono lasciandole per\u00f2 la  stessa elegante postura con i piedi rialzati da terra.<\/p><p>Ma questo \u00e8 un sogno. La  realt\u00e0 \u00e8 che ha scoperto come far sparire il fastidio di indossare  l\u2019assorbente: usa Lines \u00e8.<\/p><p>La demo evidenzia la  flessibilit\u00e0  del Lactifless che premuto  su una mano si adatta come se sparisse. L\u2019effetto visivo e sonoro della  sparizione \u00e8 uguale a quello dei tacchi. E poi la demo evidenzia la doppia  assorbenza rispetto agli attuali assorbenti. Non a caso Lines \u00e8 \u00e8 &#8220;creato  dalle donne per te\u201d .<\/p><p>La colonna sonora Lujon di  Henry Mancini, riorchestrata dalla Black Mighty Orchestra,  avvolge con la sua elegante morbidezza senza  tempo l\u2019atmosfera raffinata del film.<\/p><p>Agli spot tv da 40\u201d e 30\u201d si  unir\u00e0 una campagna video web. Pianificazione di Media Italia.<\/p><p>Sotto la direzione creativa  di Piero Reinerio, hanno lavorato al progetto l\u2019art Laura Pelissero e la copy  Francesca Palazzo. La regia \u00e8 di Pierluca De Carlo per la casa di produzione  Little Bull. <\/p>\r\n\r\n<ul class=\"is-layout-flex wp-block-gallery-1 wp-block-gallery columns-1 is-cropped\">\r\n<li class=\"blocks-gallery-item\">\n <figure>\n  <a href=\"https:\/\/newsroom.armandotesta.it\/\/wp-content\/uploads\/2019\/03\/121152-d785eba6-1e13-4a06-a2e7-3e6654f86fb7-2-original-1391598925.jpeg\">\n    <img decoding=\"async\" src=\"https:\/\/newsroom.armandotesta.it\/\/wp-content\/uploads\/2019\/03\/121152-d785eba6-1e13-4a06-a2e7-3e6654f86fb7-2-original-1391598925.jpeg\" \n        alt=\"\" \n      data-link=\"https:\/\/newsroom.armandotesta.it\/\/wp-content\/uploads\/2019\/03\/121152-d785eba6-1e13-4a06-a2e7-3e6654f86fb7-2-original-1391598925.jpeg\" \n      class=\"td-modal-image\"\/>\n  <\/a>\n  <\/figure>\n <\/li><li class=\"blocks-gallery-item\">\n <figure>\n  <a href=\"https:\/\/newsroom.armandotesta.it\/\/wp-content\/uploads\/2019\/03\/121151-55aa8766-d4f5-4d8d-a87a-a7a4f3745834-1-original-1391598923.jpeg\">\n    <img decoding=\"async\" src=\"https:\/\/newsroom.armandotesta.it\/\/wp-content\/uploads\/2019\/03\/121151-55aa8766-d4f5-4d8d-a87a-a7a4f3745834-1-original-1391598923.jpeg\" \n        alt=\"\" \n      data-link=\"https:\/\/newsroom.armandotesta.it\/\/wp-content\/uploads\/2019\/03\/121151-55aa8766-d4f5-4d8d-a87a-a7a4f3745834-1-original-1391598923.jpeg\" \n      class=\"td-modal-image\"\/>\n  <\/a>\n  <\/figure>\n <\/li><\/ul>\r\n\r\n\n<figure class=\"wp-block-embed-youtube wp-block-embed is-type-video is-provider-youtube wp-embed-aspect-16-9 wp-has-aspect-ratio\"><div class=\"wp-block-embed__wrapper\">\n<iframe loading=\"lazy\" width=\"696\" height=\"392\" src=\"https:\/\/www.youtube.com\/embed\/-Z6I8IQe27g?feature=oembed\" frameborder=\"0\" allow=\"accelerometer; autoplay; encrypted-media; gyroscope; picture-in-picture\" allowfullscreen><\/iframe>\n<\/div>\n<\/figure>\n","protected":false},"excerpt":{"rendered":"<p>Lines \u00e8 torna in comunicazione da febbraio, con il nuovo spot &#8220;Sparisci&#8221; che ha per protagonista una bellissima giovane donna mentre dialoga con gli ospiti ad un party raffinato. Il suo desiderio \u00e8 far sparire magicamente il fastidio di alcune cose che indossa.<br \/>\nL&#8217;unico fastidio che riesce a far &#8220;sparire&#8221; \u00e8 quello di indossare l&#8217;assorbente: grazie a Lines \u00e8 realizzato in Lactifless e &#8220;creato dalle donne per te&#8221;<\/p>\n","protected":false},"author":2,"featured_media":2218,"comment_status":"closed","ping_status":"open","sticky":false,"template":"","format":"standard","meta":{"_mi_skip_tracking":false},"tags":[],"yoast_head":"<!-- This site is optimized with the Yoast SEO plugin v20.2.1 - https:\/\/yoast.com\/wordpress\/plugins\/seo\/ -->\n<title>FATER - LINES \u00e8 - SOGGETTO &quot;SPARISCE&quot; - AT News Room<\/title>\n<meta name=\"robots\" content=\"index, follow, max-snippet:-1, max-image-preview:large, max-video-preview:-1\" \/>\n<link rel=\"canonical\" href=\"https:\/\/newsroom.armandotesta.it\/it\/fater-lines-e-soggetto-sparisce\/\" \/>\n<meta name=\"twitter:card\" content=\"summary_large_image\" \/>\n<meta name=\"twitter:title\" content=\"FATER - LINES \u00e8 - SOGGETTO &quot;SPARISCE&quot; - AT News Room\" \/>\n<meta name=\"twitter:description\" content=\"Lines \u00e8 torna in comunicazione da febbraio, con il nuovo spot &quot;Sparisci&quot; che ha per protagonista una bellissima giovane donna mentre dialoga con gli ospiti ad un party raffinato. Il suo desiderio \u00e8 far sparire magicamente il fastidio di alcune cose che indossa. L&#039;unico fastidio che riesce a far &quot;sparire&quot; \u00e8 quello di indossare l&#039;assorbente: grazie a Lines \u00e8 realizzato in Lactifless e &quot;creato dalle donne per te&quot;\" \/>\n<meta name=\"twitter:image\" content=\"https:\/\/newsroom.armandotesta.it\/wp-content\/uploads\/2019\/03\/121153-bb1eb0bf-bd52-40a1-b226-9f705811ed87-cover-original-1391600080.jpg\" \/>\n<meta name=\"twitter:creator\" content=\"@ArmandoTestaSpA\" \/>\n<meta name=\"twitter:site\" content=\"@ArmandoTestaSpA\" \/>\n<meta name=\"twitter:label1\" content=\"Scritto da\" \/>\n\t<meta name=\"twitter:data1\" content=\"Andrea Vincenzi\" \/>\n\t<meta name=\"twitter:label2\" content=\"Tempo di lettura stimato\" \/>\n\t<meta name=\"twitter:data2\" content=\"1 minuto\" \/>\n<script type=\"application\/ld+json\" class=\"yoast-schema-graph\">{\"@context\":\"https:\/\/schema.org\",\"@graph\":[{\"@type\":\"WebPage\",\"@id\":\"https:\/\/newsroom.armandotesta.it\/en\/fater-lines-e-soggetto-sparisce\/\",\"url\":\"https:\/\/newsroom.armandotesta.it\/en\/fater-lines-e-soggetto-sparisce\/\",\"name\":\"FATER - LINES \u00e8 - SOGGETTO \\\"SPARISCE\\\" - AT News Room\",\"isPartOf\":{\"@id\":\"https:\/\/newsroom.armandotesta.it\/it\/#website\"},\"datePublished\":\"2014-02-03T11:00:00+00:00\",\"dateModified\":\"2019-03-14T11:40:40+00:00\",\"author\":{\"@id\":\"https:\/\/newsroom.armandotesta.it\/it\/#\/schema\/person\/097102a7d9da7e918db236bada3a1c5a\"},\"breadcrumb\":{\"@id\":\"https:\/\/newsroom.armandotesta.it\/en\/fater-lines-e-soggetto-sparisce\/#breadcrumb\"},\"inLanguage\":\"it-IT\",\"potentialAction\":[{\"@type\":\"ReadAction\",\"target\":[\"https:\/\/newsroom.armandotesta.it\/en\/fater-lines-e-soggetto-sparisce\/\"]}]},{\"@type\":\"BreadcrumbList\",\"@id\":\"https:\/\/newsroom.armandotesta.it\/en\/fater-lines-e-soggetto-sparisce\/#breadcrumb\",\"itemListElement\":[{\"@type\":\"ListItem\",\"position\":1,\"name\":\"Home\",\"item\":\"https:\/\/newsroom.armandotesta.it\/it\/\"},{\"@type\":\"ListItem\",\"position\":2,\"name\":\"FATER &#8211; LINES \u00e8 &#8211; SOGGETTO &#8220;SPARISCE&#8221;\"}]},{\"@type\":\"WebSite\",\"@id\":\"https:\/\/newsroom.armandotesta.it\/it\/#website\",\"url\":\"https:\/\/newsroom.armandotesta.it\/it\/\",\"name\":\"AT News Room\",\"description\":\"\",\"potentialAction\":[{\"@type\":\"SearchAction\",\"target\":{\"@type\":\"EntryPoint\",\"urlTemplate\":\"https:\/\/newsroom.armandotesta.it\/it\/?s={search_term_string}\"},\"query-input\":\"required name=search_term_string\"}],\"inLanguage\":\"it-IT\"},{\"@type\":\"Person\",\"@id\":\"https:\/\/newsroom.armandotesta.it\/it\/#\/schema\/person\/097102a7d9da7e918db236bada3a1c5a\",\"name\":\"Andrea Vincenzi\",\"image\":{\"@type\":\"ImageObject\",\"inLanguage\":\"it-IT\",\"@id\":\"https:\/\/newsroom.armandotesta.it\/it\/#\/schema\/person\/image\/\",\"url\":\"https:\/\/secure.gravatar.com\/avatar\/314572425b98ddd7b713352e3f07cfca?s=96&d=blank&r=g\",\"contentUrl\":\"https:\/\/secure.gravatar.com\/avatar\/314572425b98ddd7b713352e3f07cfca?s=96&d=blank&r=g\",\"caption\":\"Andrea Vincenzi\"},\"sameAs\":[\"https:\/\/twitter.com\/ArmandoTestaSpA\"],\"url\":\"https:\/\/newsroom.armandotesta.it\/it\/author\/avincenzi\/\"}]}<\/script>\n<!-- \/ Yoast SEO plugin. -->","yoast_head_json":{"title":"FATER - LINES \u00e8 - SOGGETTO \"SPARISCE\" - AT News Room","robots":{"index":"index","follow":"follow","max-snippet":"max-snippet:-1","max-image-preview":"max-image-preview:large","max-video-preview":"max-video-preview:-1"},"canonical":"https:\/\/newsroom.armandotesta.it\/it\/fater-lines-e-soggetto-sparisce\/","twitter_card":"summary_large_image","twitter_title":"FATER - LINES \u00e8 - SOGGETTO \"SPARISCE\" - AT News Room","twitter_description":"Lines \u00e8 torna in comunicazione da febbraio, con il nuovo spot \"Sparisci\" che ha per protagonista una bellissima giovane donna mentre dialoga con gli ospiti ad un party raffinato. Il suo desiderio \u00e8 far sparire magicamente il fastidio di alcune cose che indossa. L'unico fastidio che riesce a far \"sparire\" \u00e8 quello di indossare l'assorbente: grazie a Lines \u00e8 realizzato in Lactifless e \"creato dalle donne per te\"","twitter_image":"https:\/\/newsroom.armandotesta.it\/wp-content\/uploads\/2019\/03\/121153-bb1eb0bf-bd52-40a1-b226-9f705811ed87-cover-original-1391600080.jpg","twitter_creator":"@ArmandoTestaSpA","twitter_site":"@ArmandoTestaSpA","twitter_misc":{"Scritto da":"Andrea Vincenzi","Tempo di lettura stimato":"1 minuto"},"schema":{"@context":"https:\/\/schema.org","@graph":[{"@type":"WebPage","@id":"https:\/\/newsroom.armandotesta.it\/en\/fater-lines-e-soggetto-sparisce\/","url":"https:\/\/newsroom.armandotesta.it\/en\/fater-lines-e-soggetto-sparisce\/","name":"FATER - LINES \u00e8 - SOGGETTO \"SPARISCE\" - AT News Room","isPartOf":{"@id":"https:\/\/newsroom.armandotesta.it\/it\/#website"},"datePublished":"2014-02-03T11:00:00+00:00","dateModified":"2019-03-14T11:40:40+00:00","author":{"@id":"https:\/\/newsroom.armandotesta.it\/it\/#\/schema\/person\/097102a7d9da7e918db236bada3a1c5a"},"breadcrumb":{"@id":"https:\/\/newsroom.armandotesta.it\/en\/fater-lines-e-soggetto-sparisce\/#breadcrumb"},"inLanguage":"it-IT","potentialAction":[{"@type":"ReadAction","target":["https:\/\/newsroom.armandotesta.it\/en\/fater-lines-e-soggetto-sparisce\/"]}]},{"@type":"BreadcrumbList","@id":"https:\/\/newsroom.armandotesta.it\/en\/fater-lines-e-soggetto-sparisce\/#breadcrumb","itemListElement":[{"@type":"ListItem","position":1,"name":"Home","item":"https:\/\/newsroom.armandotesta.it\/it\/"},{"@type":"ListItem","position":2,"name":"FATER &#8211; LINES \u00e8 &#8211; SOGGETTO &#8220;SPARISCE&#8221;"}]},{"@type":"WebSite","@id":"https:\/\/newsroom.armandotesta.it\/it\/#website","url":"https:\/\/newsroom.armandotesta.it\/it\/","name":"AT News Room","description":"","potentialAction":[{"@type":"SearchAction","target":{"@type":"EntryPoint","urlTemplate":"https:\/\/newsroom.armandotesta.it\/it\/?s={search_term_string}"},"query-input":"required name=search_term_string"}],"inLanguage":"it-IT"},{"@type":"Person","@id":"https:\/\/newsroom.armandotesta.it\/it\/#\/schema\/person\/097102a7d9da7e918db236bada3a1c5a","name":"Andrea Vincenzi","image":{"@type":"ImageObject","inLanguage":"it-IT","@id":"https:\/\/newsroom.armandotesta.it\/it\/#\/schema\/person\/image\/","url":"https:\/\/secure.gravatar.com\/avatar\/314572425b98ddd7b713352e3f07cfca?s=96&d=blank&r=g","contentUrl":"https:\/\/secure.gravatar.com\/avatar\/314572425b98ddd7b713352e3f07cfca?s=96&d=blank&r=g","caption":"Andrea Vincenzi"},"sameAs":["https:\/\/twitter.com\/ArmandoTestaSpA"],"url":"https:\/\/newsroom.armandotesta.it\/it\/author\/avincenzi\/"}]}},"_links":{"self":[{"href":"https:\/\/newsroom.armandotesta.it\/en\/wp-json\/wp\/v2\/posts\/2217\/"}],"collection":[{"href":"https:\/\/newsroom.armandotesta.it\/en\/wp-json\/wp\/v2\/posts\/"}],"about":[{"href":"https:\/\/newsroom.armandotesta.it\/en\/wp-json\/wp\/v2\/types\/post\/"}],"author":[{"embeddable":true,"href":"https:\/\/newsroom.armandotesta.it\/en\/wp-json\/wp\/v2\/users\/2\/"}],"replies":[{"embeddable":true,"href":"https:\/\/newsroom.armandotesta.it\/en\/wp-json\/wp\/v2\/comments\/?post=2217"}],"version-history":[{"count":1,"href":"https:\/\/newsroom.armandotesta.it\/en\/wp-json\/wp\/v2\/posts\/2217\/revisions\/"}],"predecessor-version":[{"id":2793,"href":"https:\/\/newsroom.armandotesta.it\/en\/wp-json\/wp\/v2\/posts\/2217\/revisions\/2793\/"}],"wp:featuredmedia":[{"embeddable":true,"href":"https:\/\/newsroom.armandotesta.it\/en\/wp-json\/wp\/v2\/media\/2218\/"}],"wp:attachment":[{"href":"https:\/\/newsroom.armandotesta.it\/en\/wp-json\/wp\/v2\/media\/?parent=2217"}],"wp:term":[{"taxonomy":"post_tag","embeddable":true,"href":"https:\/\/newsroom.armandotesta.it\/en\/wp-json\/wp\/v2\/tags\/?post=2217"}],"curies":[{"name":"wp","href":"https:\/\/api.w.org\/{rel}","templated":true}]}}