{"id":2225,"date":"2014-01-27T16:22:44","date_gmt":"2014-01-27T15:22:44","guid":{"rendered":"https:\/\/newsroom.armandotesta.it\/\/2014\/01\/27\/armando-testa-offre-la-creativita-alle-start-up-italiane\/"},"modified":"2019-03-14T12:40:41","modified_gmt":"2019-03-14T11:40:41","slug":"armando-testa-offre-la-creativita-alle-start-up-italiane","status":"publish","type":"post","link":"https:\/\/newsroom.armandotesta.it\/en\/armando-testa-offre-la-creativita-alle-start-up-italiane\/","title":{"rendered":"ARMANDO TESTA OFFRE LA CREATIVITA&#8217; ALLE START UP ITALIANE."},"content":{"rendered":"<p>I progetti vincitori di &#8220;Ripartiamo dalle idee&#8221; -concorso nato un anno fa da una collaborazione tra Corriere della Sera,  SDA Bocconi, Intesa Sanpaolo e Armando Testa continuano a vedere la luce.<\/p><p>Armando Testa offre la sua creativit\u00e0 gratuitamente, come segno concreto a favore del rilancio delle nuove idee imprenditoriali italiane. <br \/>Un investimento nelle nuove imprese e nel Paese.<\/p><p>Dopo l&#8217;uscita di Corsoalto, un progetto di e-commerce innovativo, ecco che Armando Testa produce anche la creativit\u00e0 per Domus Rental, un servizio per location e soggiorni di alto livello on air il 25, 26 e 27 gennaio sugli spazi messi a disposizione dal Corriere della Sera.<\/p><p>Promuovere la creativit\u00e0 a tutti i livelli, come vero talento italiano, \u00e8 uno dei temi rilanciati con forza da Marco Testa, anche come nuovo presidente Assocom. Un tema eccezionalmente di attualit\u00e0 -quello del valore della creativit\u00e0-, che la Armando Testa, con il progetto &#8220;Ripartiamo dalle idee&#8221;, persegue gi\u00e0 da tempo.<\/p>\r\n\r\n<ul class=\"is-layout-flex wp-block-gallery-1 wp-block-gallery columns-1 is-cropped\">\r\n<li class=\"blocks-gallery-item\">\n   <figure>\n  <a href=\"https:\/\/newsroom.armandotesta.it\/\/wp-content\/uploads\/2019\/03\/120198-04236a94-aee1-4081-9f55-7a63af64228f-domussoggiornireali_g-original-1390837443.jpg\">\n <img decoding=\"async\" src=\"https:\/\/newsroom.armandotesta.it\/\/wp-content\/uploads\/2019\/03\/120198-04236a94-aee1-4081-9f55-7a63af64228f-domussoggiornireali_g-original-1390837443.jpg\" \n         alt=\"\" \n      data-link=\"https:\/\/newsroom.armandotesta.it\/\/wp-content\/uploads\/2019\/03\/120198-04236a94-aee1-4081-9f55-7a63af64228f-domussoggiornireali_g-original-1390837443.jpg\" \n       class=\"td-modal-image\"\/>\n  <\/a>\n  <\/figure>\n <\/li><li class=\"blocks-gallery-item\">\n <figure>\n  <a href=\"https:\/\/newsroom.armandotesta.it\/\/wp-content\/uploads\/2019\/03\/120197-89e8dd16-fe9b-43bc-8121-bd25ebd260ba-corsoalto-original-1390837442.jpg\">\n <img decoding=\"async\" src=\"https:\/\/newsroom.armandotesta.it\/\/wp-content\/uploads\/2019\/03\/120197-89e8dd16-fe9b-43bc-8121-bd25ebd260ba-corsoalto-original-1390837442.jpg\" \n         alt=\"\" \n      data-link=\"https:\/\/newsroom.armandotesta.it\/\/wp-content\/uploads\/2019\/03\/120197-89e8dd16-fe9b-43bc-8121-bd25ebd260ba-corsoalto-original-1390837442.jpg\" \n       class=\"td-modal-image\"\/>\n  <\/a>\n  <\/figure>\n <\/li><\/ul>\r\n\r\n","protected":false},"excerpt":{"rendered":"<p>Armando Testa prosegue il lavoro di creativit\u00e0 su altre due start up vincitrici del concorso &#8220;Ripartiamo dalle idee&#8221; realizzando due campagne on air il 25, 26 e 27 gennaio sugli spazi messi a disposizione dal Corriere della Sera.<\/p>\n","protected":false},"author":2,"featured_media":2226,"comment_status":"closed","ping_status":"open","sticky":false,"template":"","format":"standard","meta":{"_mi_skip_tracking":false},"tags":[],"yoast_head":"<!-- This site is optimized with the Yoast SEO plugin v20.2.1 - https:\/\/yoast.com\/wordpress\/plugins\/seo\/ -->\n<title>ARMANDO TESTA OFFRE LA CREATIVITA&#039; ALLE START UP ITALIANE. - AT News Room<\/title>\n<meta name=\"robots\" content=\"index, follow, max-snippet:-1, max-image-preview:large, max-video-preview:-1\" \/>\n<link rel=\"canonical\" href=\"https:\/\/newsroom.armandotesta.it\/it\/armando-testa-offre-la-creativita-alle-start-up-italiane\/\" \/>\n<meta name=\"twitter:card\" content=\"summary_large_image\" \/>\n<meta name=\"twitter:title\" content=\"ARMANDO TESTA OFFRE LA CREATIVITA&#039; ALLE START UP ITALIANE. - AT News Room\" \/>\n<meta name=\"twitter:description\" content=\"Armando Testa prosegue il lavoro di creativit\u00e0 su altre due start up vincitrici del concorso &quot;Ripartiamo dalle idee&quot; realizzando due campagne on air il 25, 26 e 27 gennaio sugli spazi messi a disposizione dal Corriere della Sera.\" \/>\n<meta name=\"twitter:image\" content=\"https:\/\/newsroom.armandotesta.it\/wp-content\/uploads\/2019\/03\/120190-311184c4-f4c8-487a-8b65-78e4a7e53fcd-header-original-1390836161.png\" \/>\n<meta name=\"twitter:creator\" content=\"@ArmandoTestaSpA\" \/>\n<meta name=\"twitter:site\" content=\"@ArmandoTestaSpA\" \/>\n<meta name=\"twitter:label1\" content=\"Scritto da\" \/>\n\t<meta name=\"twitter:data1\" content=\"Andrea Vincenzi\" \/>\n\t<meta name=\"twitter:label2\" content=\"Tempo di lettura stimato\" \/>\n\t<meta name=\"twitter:data2\" content=\"1 minuto\" \/>\n<script type=\"application\/ld+json\" class=\"yoast-schema-graph\">{\"@context\":\"https:\/\/schema.org\",\"@graph\":[{\"@type\":\"WebPage\",\"@id\":\"https:\/\/newsroom.armandotesta.it\/en\/armando-testa-offre-la-creativita-alle-start-up-italiane\/\",\"url\":\"https:\/\/newsroom.armandotesta.it\/en\/armando-testa-offre-la-creativita-alle-start-up-italiane\/\",\"name\":\"ARMANDO TESTA OFFRE LA CREATIVITA' ALLE START UP ITALIANE. - AT News Room\",\"isPartOf\":{\"@id\":\"https:\/\/newsroom.armandotesta.it\/it\/#website\"},\"datePublished\":\"2014-01-27T15:22:44+00:00\",\"dateModified\":\"2019-03-14T11:40:41+00:00\",\"author\":{\"@id\":\"https:\/\/newsroom.armandotesta.it\/it\/#\/schema\/person\/097102a7d9da7e918db236bada3a1c5a\"},\"breadcrumb\":{\"@id\":\"https:\/\/newsroom.armandotesta.it\/en\/armando-testa-offre-la-creativita-alle-start-up-italiane\/#breadcrumb\"},\"inLanguage\":\"it-IT\",\"potentialAction\":[{\"@type\":\"ReadAction\",\"target\":[\"https:\/\/newsroom.armandotesta.it\/en\/armando-testa-offre-la-creativita-alle-start-up-italiane\/\"]}]},{\"@type\":\"BreadcrumbList\",\"@id\":\"https:\/\/newsroom.armandotesta.it\/en\/armando-testa-offre-la-creativita-alle-start-up-italiane\/#breadcrumb\",\"itemListElement\":[{\"@type\":\"ListItem\",\"position\":1,\"name\":\"Home\",\"item\":\"https:\/\/newsroom.armandotesta.it\/it\/\"},{\"@type\":\"ListItem\",\"position\":2,\"name\":\"ARMANDO TESTA OFFRE LA CREATIVITA&#8217; ALLE START UP ITALIANE.\"}]},{\"@type\":\"WebSite\",\"@id\":\"https:\/\/newsroom.armandotesta.it\/it\/#website\",\"url\":\"https:\/\/newsroom.armandotesta.it\/it\/\",\"name\":\"AT News Room\",\"description\":\"\",\"potentialAction\":[{\"@type\":\"SearchAction\",\"target\":{\"@type\":\"EntryPoint\",\"urlTemplate\":\"https:\/\/newsroom.armandotesta.it\/it\/?s={search_term_string}\"},\"query-input\":\"required name=search_term_string\"}],\"inLanguage\":\"it-IT\"},{\"@type\":\"Person\",\"@id\":\"https:\/\/newsroom.armandotesta.it\/it\/#\/schema\/person\/097102a7d9da7e918db236bada3a1c5a\",\"name\":\"Andrea Vincenzi\",\"image\":{\"@type\":\"ImageObject\",\"inLanguage\":\"it-IT\",\"@id\":\"https:\/\/newsroom.armandotesta.it\/it\/#\/schema\/person\/image\/\",\"url\":\"https:\/\/secure.gravatar.com\/avatar\/314572425b98ddd7b713352e3f07cfca?s=96&d=blank&r=g\",\"contentUrl\":\"https:\/\/secure.gravatar.com\/avatar\/314572425b98ddd7b713352e3f07cfca?s=96&d=blank&r=g\",\"caption\":\"Andrea Vincenzi\"},\"sameAs\":[\"https:\/\/twitter.com\/ArmandoTestaSpA\"],\"url\":\"https:\/\/newsroom.armandotesta.it\/it\/author\/avincenzi\/\"}]}<\/script>\n<!-- \/ Yoast SEO plugin. -->","yoast_head_json":{"title":"ARMANDO TESTA OFFRE LA CREATIVITA' ALLE START UP ITALIANE. - AT News Room","robots":{"index":"index","follow":"follow","max-snippet":"max-snippet:-1","max-image-preview":"max-image-preview:large","max-video-preview":"max-video-preview:-1"},"canonical":"https:\/\/newsroom.armandotesta.it\/it\/armando-testa-offre-la-creativita-alle-start-up-italiane\/","twitter_card":"summary_large_image","twitter_title":"ARMANDO TESTA OFFRE LA CREATIVITA' ALLE START UP ITALIANE. - AT News Room","twitter_description":"Armando Testa prosegue il lavoro di creativit\u00e0 su altre due start up vincitrici del concorso \"Ripartiamo dalle idee\" realizzando due campagne on air il 25, 26 e 27 gennaio sugli spazi messi a disposizione dal Corriere della Sera.","twitter_image":"https:\/\/newsroom.armandotesta.it\/wp-content\/uploads\/2019\/03\/120190-311184c4-f4c8-487a-8b65-78e4a7e53fcd-header-original-1390836161.png","twitter_creator":"@ArmandoTestaSpA","twitter_site":"@ArmandoTestaSpA","twitter_misc":{"Scritto da":"Andrea Vincenzi","Tempo di lettura stimato":"1 minuto"},"schema":{"@context":"https:\/\/schema.org","@graph":[{"@type":"WebPage","@id":"https:\/\/newsroom.armandotesta.it\/en\/armando-testa-offre-la-creativita-alle-start-up-italiane\/","url":"https:\/\/newsroom.armandotesta.it\/en\/armando-testa-offre-la-creativita-alle-start-up-italiane\/","name":"ARMANDO TESTA OFFRE LA CREATIVITA' ALLE START UP ITALIANE. - AT News Room","isPartOf":{"@id":"https:\/\/newsroom.armandotesta.it\/it\/#website"},"datePublished":"2014-01-27T15:22:44+00:00","dateModified":"2019-03-14T11:40:41+00:00","author":{"@id":"https:\/\/newsroom.armandotesta.it\/it\/#\/schema\/person\/097102a7d9da7e918db236bada3a1c5a"},"breadcrumb":{"@id":"https:\/\/newsroom.armandotesta.it\/en\/armando-testa-offre-la-creativita-alle-start-up-italiane\/#breadcrumb"},"inLanguage":"it-IT","potentialAction":[{"@type":"ReadAction","target":["https:\/\/newsroom.armandotesta.it\/en\/armando-testa-offre-la-creativita-alle-start-up-italiane\/"]}]},{"@type":"BreadcrumbList","@id":"https:\/\/newsroom.armandotesta.it\/en\/armando-testa-offre-la-creativita-alle-start-up-italiane\/#breadcrumb","itemListElement":[{"@type":"ListItem","position":1,"name":"Home","item":"https:\/\/newsroom.armandotesta.it\/it\/"},{"@type":"ListItem","position":2,"name":"ARMANDO TESTA OFFRE LA CREATIVITA&#8217; ALLE START UP ITALIANE."}]},{"@type":"WebSite","@id":"https:\/\/newsroom.armandotesta.it\/it\/#website","url":"https:\/\/newsroom.armandotesta.it\/it\/","name":"AT News Room","description":"","potentialAction":[{"@type":"SearchAction","target":{"@type":"EntryPoint","urlTemplate":"https:\/\/newsroom.armandotesta.it\/it\/?s={search_term_string}"},"query-input":"required name=search_term_string"}],"inLanguage":"it-IT"},{"@type":"Person","@id":"https:\/\/newsroom.armandotesta.it\/it\/#\/schema\/person\/097102a7d9da7e918db236bada3a1c5a","name":"Andrea Vincenzi","image":{"@type":"ImageObject","inLanguage":"it-IT","@id":"https:\/\/newsroom.armandotesta.it\/it\/#\/schema\/person\/image\/","url":"https:\/\/secure.gravatar.com\/avatar\/314572425b98ddd7b713352e3f07cfca?s=96&d=blank&r=g","contentUrl":"https:\/\/secure.gravatar.com\/avatar\/314572425b98ddd7b713352e3f07cfca?s=96&d=blank&r=g","caption":"Andrea Vincenzi"},"sameAs":["https:\/\/twitter.com\/ArmandoTestaSpA"],"url":"https:\/\/newsroom.armandotesta.it\/it\/author\/avincenzi\/"}]}},"_links":{"self":[{"href":"https:\/\/newsroom.armandotesta.it\/en\/wp-json\/wp\/v2\/posts\/2225\/"}],"collection":[{"href":"https:\/\/newsroom.armandotesta.it\/en\/wp-json\/wp\/v2\/posts\/"}],"about":[{"href":"https:\/\/newsroom.armandotesta.it\/en\/wp-json\/wp\/v2\/types\/post\/"}],"author":[{"embeddable":true,"href":"https:\/\/newsroom.armandotesta.it\/en\/wp-json\/wp\/v2\/users\/2\/"}],"replies":[{"embeddable":true,"href":"https:\/\/newsroom.armandotesta.it\/en\/wp-json\/wp\/v2\/comments\/?post=2225"}],"version-history":[{"count":1,"href":"https:\/\/newsroom.armandotesta.it\/en\/wp-json\/wp\/v2\/posts\/2225\/revisions\/"}],"predecessor-version":[{"id":2795,"href":"https:\/\/newsroom.armandotesta.it\/en\/wp-json\/wp\/v2\/posts\/2225\/revisions\/2795\/"}],"wp:featuredmedia":[{"embeddable":true,"href":"https:\/\/newsroom.armandotesta.it\/en\/wp-json\/wp\/v2\/media\/2226\/"}],"wp:attachment":[{"href":"https:\/\/newsroom.armandotesta.it\/en\/wp-json\/wp\/v2\/media\/?parent=2225"}],"wp:term":[{"taxonomy":"post_tag","embeddable":true,"href":"https:\/\/newsroom.armandotesta.it\/en\/wp-json\/wp\/v2\/tags\/?post=2225"}],"curies":[{"name":"wp","href":"https:\/\/api.w.org\/{rel}","templated":true}]}}