{"id":2285,"date":"2013-05-13T10:00:00","date_gmt":"2013-05-13T08:00:00","guid":{"rendered":"https:\/\/newsroom.armandotesta.it\/\/2013\/05\/13\/armando-testa-parte-alla-conquista-del-nord-con-chiquita\/"},"modified":"2019-03-14T12:40:54","modified_gmt":"2019-03-14T11:40:54","slug":"armando-testa-parte-alla-conquista-del-nord-con-chiquita","status":"publish","type":"post","link":"https:\/\/newsroom.armandotesta.it\/en\/armando-testa-parte-alla-conquista-del-nord-con-chiquita\/","title":{"rendered":"ARMANDO TESTA PARTE ALLA CONQUISTA DEL NORD CON CHIQUITA"},"content":{"rendered":"<p>La  campagna realizzata dall\u2019agenzia Armando Testa \u00e8 stata studiata per valorizzare  la superiorit\u00e0 di gusto e il brand love che da sempre distingue la mitica  banana.<\/p><p>Per il  media scelto, l\u2019affissione, \u00e8 stata utilizzata un\u2019immagine forte ma anche in  sintonia con il linguaggio visivo contemporaneo. Un simbolo capace di  trasmettere con ironia e immediatezza un concetto molto semplice: ci piace  guardarla, ci piace sbucciarla, ci piace assaporarla, ci piace mangiarne una  dopo l\u2019altra. Chiquita piace proprio a tutti. Perch\u00e9? Perch\u00e9 Chiquita \u00e8 unica,  come il suo gusto. <\/p><p>Cosa  meglio di un pollice in su (simbolo universale di gradimento da parte della  collettivit\u00e0) poteva dirlo? Un pollice in su fatto di banane Chiquita.<\/p><p>L\u2019affissione  prevede anche posizioni speciali dinamiche in cui si vedr\u00e0 la mano-banana che  viene progressivamente sbucciata e mangiata. Perch\u00e9 di fronte alla bont\u00e0 di  Chiquita \u00e8 impossibile resistere e di quei milioni di fans che hanno espresso  il loro gradimento, qualcuno ha ceduto alla tentazione, ha sbucciato il ditone  e lo ha addentato.<\/p><p>La campagna, firmata Armando Testa, ha la direzione creativa  esecutiva di Michele Mariani e Marco Faccio, con Barbara Ghiotti art director e  Anna Ponti copywriter. La copy adaptation in Finlandia \u00e8 di Orange Advertising.<\/p>\r\n\r\n<ul class=\"is-layout-flex wp-block-gallery-1 wp-block-gallery columns-1 is-cropped\">\r\n<li class=\"blocks-gallery-item\">\n <figure>\n  <a href=\"https:\/\/newsroom.armandotesta.it\/\/wp-content\/uploads\/2019\/03\/120602-4a3f655f-c00c-4dec-b3c1-a6069ead0dd6-chiquita_finland_abribus-original-1391176409.jpg\">\n  <img decoding=\"async\" src=\"https:\/\/newsroom.armandotesta.it\/\/wp-content\/uploads\/2019\/03\/120602-4a3f655f-c00c-4dec-b3c1-a6069ead0dd6-chiquita_finland_abribus-original-1391176409.jpg\" \n      alt=\"\" \n      data-link=\"https:\/\/newsroom.armandotesta.it\/\/wp-content\/uploads\/2019\/03\/120602-4a3f655f-c00c-4dec-b3c1-a6069ead0dd6-chiquita_finland_abribus-original-1391176409.jpg\" \n        class=\"td-modal-image\"\/>\n  <\/a>\n  <\/figure>\n <\/li><li class=\"blocks-gallery-item\">\n <figure>\n  <a href=\"https:\/\/newsroom.armandotesta.it\/\/wp-content\/uploads\/2019\/03\/120601-08591ea0-0e52-4ac1-94e9-d66dd3055878-chiquita_scrolling_ooh_fin-original-1391176381.jpg\">\n    <img decoding=\"async\" src=\"https:\/\/newsroom.armandotesta.it\/\/wp-content\/uploads\/2019\/03\/120601-08591ea0-0e52-4ac1-94e9-d66dd3055878-chiquita_scrolling_ooh_fin-original-1391176381.jpg\" \n        alt=\"\" \n      data-link=\"https:\/\/newsroom.armandotesta.it\/\/wp-content\/uploads\/2019\/03\/120601-08591ea0-0e52-4ac1-94e9-d66dd3055878-chiquita_scrolling_ooh_fin-original-1391176381.jpg\" \n      class=\"td-modal-image\"\/>\n  <\/a>\n  <\/figure>\n <\/li><\/ul>\r\n\r\n","protected":false},"excerpt":{"rendered":"<p>La campagna realizzata dall\u2019agenzia Armando Testa \u00e8 stata studiata per valorizzare la superiorit\u00e0 di gusto e il brand love che da sempre distingue la mitica banana. Per il media scelto, l\u2019affissione, \u00e8 stata utilizzata un\u2019immagine forte ma anche in sintonia con il linguaggio visivo contemporaneo. Un simbolo capace di trasmettere con ironia e immediatezza un [&hellip;]<\/p>\n","protected":false},"author":2,"featured_media":2286,"comment_status":"closed","ping_status":"open","sticky":false,"template":"","format":"standard","meta":{"_mi_skip_tracking":false},"tags":[],"yoast_head":"<!-- This site is optimized with the Yoast SEO plugin v20.2.1 - https:\/\/yoast.com\/wordpress\/plugins\/seo\/ -->\n<title>ARMANDO TESTA PARTE ALLA CONQUISTA DEL NORD CON CHIQUITA - AT News Room<\/title>\n<meta name=\"robots\" content=\"index, follow, max-snippet:-1, max-image-preview:large, max-video-preview:-1\" \/>\n<link rel=\"canonical\" href=\"https:\/\/newsroom.armandotesta.it\/it\/armando-testa-parte-alla-conquista-del-nord-con-chiquita\/\" \/>\n<meta name=\"twitter:card\" content=\"summary_large_image\" \/>\n<meta name=\"twitter:title\" content=\"ARMANDO TESTA PARTE ALLA CONQUISTA DEL NORD CON CHIQUITA - AT News Room\" \/>\n<meta name=\"twitter:description\" content=\"La campagna realizzata dall\u2019agenzia Armando Testa \u00e8 stata studiata per valorizzare la superiorit\u00e0 di gusto e il brand love che da sempre distingue la mitica banana. Per il media scelto, l\u2019affissione, \u00e8 stata utilizzata un\u2019immagine forte ma anche in sintonia con il linguaggio visivo contemporaneo. Un simbolo capace di trasmettere con ironia e immediatezza un [&hellip;]\" \/>\n<meta name=\"twitter:image\" content=\"https:\/\/newsroom.armandotesta.it\/wp-content\/uploads\/2019\/03\/120603-8b207b2d-1edf-4aec-b4fb-da8cb8c02c84-cover_chiquita-original-1391177146.jpg\" \/>\n<meta name=\"twitter:creator\" content=\"@ArmandoTestaSpA\" \/>\n<meta name=\"twitter:site\" content=\"@ArmandoTestaSpA\" \/>\n<meta name=\"twitter:label1\" content=\"Scritto da\" \/>\n\t<meta name=\"twitter:data1\" content=\"Andrea Vincenzi\" \/>\n\t<meta name=\"twitter:label2\" content=\"Tempo di lettura stimato\" \/>\n\t<meta name=\"twitter:data2\" content=\"1 minuto\" \/>\n<script type=\"application\/ld+json\" class=\"yoast-schema-graph\">{\"@context\":\"https:\/\/schema.org\",\"@graph\":[{\"@type\":\"WebPage\",\"@id\":\"https:\/\/newsroom.armandotesta.it\/en\/armando-testa-parte-alla-conquista-del-nord-con-chiquita\/\",\"url\":\"https:\/\/newsroom.armandotesta.it\/en\/armando-testa-parte-alla-conquista-del-nord-con-chiquita\/\",\"name\":\"ARMANDO TESTA PARTE ALLA CONQUISTA DEL NORD CON CHIQUITA - AT News Room\",\"isPartOf\":{\"@id\":\"https:\/\/newsroom.armandotesta.it\/it\/#website\"},\"datePublished\":\"2013-05-13T08:00:00+00:00\",\"dateModified\":\"2019-03-14T11:40:54+00:00\",\"author\":{\"@id\":\"https:\/\/newsroom.armandotesta.it\/it\/#\/schema\/person\/097102a7d9da7e918db236bada3a1c5a\"},\"breadcrumb\":{\"@id\":\"https:\/\/newsroom.armandotesta.it\/en\/armando-testa-parte-alla-conquista-del-nord-con-chiquita\/#breadcrumb\"},\"inLanguage\":\"it-IT\",\"potentialAction\":[{\"@type\":\"ReadAction\",\"target\":[\"https:\/\/newsroom.armandotesta.it\/en\/armando-testa-parte-alla-conquista-del-nord-con-chiquita\/\"]}]},{\"@type\":\"BreadcrumbList\",\"@id\":\"https:\/\/newsroom.armandotesta.it\/en\/armando-testa-parte-alla-conquista-del-nord-con-chiquita\/#breadcrumb\",\"itemListElement\":[{\"@type\":\"ListItem\",\"position\":1,\"name\":\"Home\",\"item\":\"https:\/\/newsroom.armandotesta.it\/it\/\"},{\"@type\":\"ListItem\",\"position\":2,\"name\":\"ARMANDO TESTA PARTE ALLA CONQUISTA DEL NORD CON CHIQUITA\"}]},{\"@type\":\"WebSite\",\"@id\":\"https:\/\/newsroom.armandotesta.it\/it\/#website\",\"url\":\"https:\/\/newsroom.armandotesta.it\/it\/\",\"name\":\"AT News Room\",\"description\":\"\",\"potentialAction\":[{\"@type\":\"SearchAction\",\"target\":{\"@type\":\"EntryPoint\",\"urlTemplate\":\"https:\/\/newsroom.armandotesta.it\/it\/?s={search_term_string}\"},\"query-input\":\"required name=search_term_string\"}],\"inLanguage\":\"it-IT\"},{\"@type\":\"Person\",\"@id\":\"https:\/\/newsroom.armandotesta.it\/it\/#\/schema\/person\/097102a7d9da7e918db236bada3a1c5a\",\"name\":\"Andrea Vincenzi\",\"image\":{\"@type\":\"ImageObject\",\"inLanguage\":\"it-IT\",\"@id\":\"https:\/\/newsroom.armandotesta.it\/it\/#\/schema\/person\/image\/\",\"url\":\"https:\/\/secure.gravatar.com\/avatar\/314572425b98ddd7b713352e3f07cfca?s=96&d=blank&r=g\",\"contentUrl\":\"https:\/\/secure.gravatar.com\/avatar\/314572425b98ddd7b713352e3f07cfca?s=96&d=blank&r=g\",\"caption\":\"Andrea Vincenzi\"},\"sameAs\":[\"https:\/\/twitter.com\/ArmandoTestaSpA\"],\"url\":\"https:\/\/newsroom.armandotesta.it\/it\/author\/avincenzi\/\"}]}<\/script>\n<!-- \/ Yoast SEO plugin. -->","yoast_head_json":{"title":"ARMANDO TESTA PARTE ALLA CONQUISTA DEL NORD CON CHIQUITA - AT News Room","robots":{"index":"index","follow":"follow","max-snippet":"max-snippet:-1","max-image-preview":"max-image-preview:large","max-video-preview":"max-video-preview:-1"},"canonical":"https:\/\/newsroom.armandotesta.it\/it\/armando-testa-parte-alla-conquista-del-nord-con-chiquita\/","twitter_card":"summary_large_image","twitter_title":"ARMANDO TESTA PARTE ALLA CONQUISTA DEL NORD CON CHIQUITA - AT News Room","twitter_description":"La campagna realizzata dall\u2019agenzia Armando Testa \u00e8 stata studiata per valorizzare la superiorit\u00e0 di gusto e il brand love che da sempre distingue la mitica banana. Per il media scelto, l\u2019affissione, \u00e8 stata utilizzata un\u2019immagine forte ma anche in sintonia con il linguaggio visivo contemporaneo. Un simbolo capace di trasmettere con ironia e immediatezza un [&hellip;]","twitter_image":"https:\/\/newsroom.armandotesta.it\/wp-content\/uploads\/2019\/03\/120603-8b207b2d-1edf-4aec-b4fb-da8cb8c02c84-cover_chiquita-original-1391177146.jpg","twitter_creator":"@ArmandoTestaSpA","twitter_site":"@ArmandoTestaSpA","twitter_misc":{"Scritto da":"Andrea Vincenzi","Tempo di lettura stimato":"1 minuto"},"schema":{"@context":"https:\/\/schema.org","@graph":[{"@type":"WebPage","@id":"https:\/\/newsroom.armandotesta.it\/en\/armando-testa-parte-alla-conquista-del-nord-con-chiquita\/","url":"https:\/\/newsroom.armandotesta.it\/en\/armando-testa-parte-alla-conquista-del-nord-con-chiquita\/","name":"ARMANDO TESTA PARTE ALLA CONQUISTA DEL NORD CON CHIQUITA - AT News Room","isPartOf":{"@id":"https:\/\/newsroom.armandotesta.it\/it\/#website"},"datePublished":"2013-05-13T08:00:00+00:00","dateModified":"2019-03-14T11:40:54+00:00","author":{"@id":"https:\/\/newsroom.armandotesta.it\/it\/#\/schema\/person\/097102a7d9da7e918db236bada3a1c5a"},"breadcrumb":{"@id":"https:\/\/newsroom.armandotesta.it\/en\/armando-testa-parte-alla-conquista-del-nord-con-chiquita\/#breadcrumb"},"inLanguage":"it-IT","potentialAction":[{"@type":"ReadAction","target":["https:\/\/newsroom.armandotesta.it\/en\/armando-testa-parte-alla-conquista-del-nord-con-chiquita\/"]}]},{"@type":"BreadcrumbList","@id":"https:\/\/newsroom.armandotesta.it\/en\/armando-testa-parte-alla-conquista-del-nord-con-chiquita\/#breadcrumb","itemListElement":[{"@type":"ListItem","position":1,"name":"Home","item":"https:\/\/newsroom.armandotesta.it\/it\/"},{"@type":"ListItem","position":2,"name":"ARMANDO TESTA PARTE ALLA CONQUISTA DEL NORD CON CHIQUITA"}]},{"@type":"WebSite","@id":"https:\/\/newsroom.armandotesta.it\/it\/#website","url":"https:\/\/newsroom.armandotesta.it\/it\/","name":"AT News Room","description":"","potentialAction":[{"@type":"SearchAction","target":{"@type":"EntryPoint","urlTemplate":"https:\/\/newsroom.armandotesta.it\/it\/?s={search_term_string}"},"query-input":"required name=search_term_string"}],"inLanguage":"it-IT"},{"@type":"Person","@id":"https:\/\/newsroom.armandotesta.it\/it\/#\/schema\/person\/097102a7d9da7e918db236bada3a1c5a","name":"Andrea Vincenzi","image":{"@type":"ImageObject","inLanguage":"it-IT","@id":"https:\/\/newsroom.armandotesta.it\/it\/#\/schema\/person\/image\/","url":"https:\/\/secure.gravatar.com\/avatar\/314572425b98ddd7b713352e3f07cfca?s=96&d=blank&r=g","contentUrl":"https:\/\/secure.gravatar.com\/avatar\/314572425b98ddd7b713352e3f07cfca?s=96&d=blank&r=g","caption":"Andrea Vincenzi"},"sameAs":["https:\/\/twitter.com\/ArmandoTestaSpA"],"url":"https:\/\/newsroom.armandotesta.it\/it\/author\/avincenzi\/"}]}},"_links":{"self":[{"href":"https:\/\/newsroom.armandotesta.it\/en\/wp-json\/wp\/v2\/posts\/2285\/"}],"collection":[{"href":"https:\/\/newsroom.armandotesta.it\/en\/wp-json\/wp\/v2\/posts\/"}],"about":[{"href":"https:\/\/newsroom.armandotesta.it\/en\/wp-json\/wp\/v2\/types\/post\/"}],"author":[{"embeddable":true,"href":"https:\/\/newsroom.armandotesta.it\/en\/wp-json\/wp\/v2\/users\/2\/"}],"replies":[{"embeddable":true,"href":"https:\/\/newsroom.armandotesta.it\/en\/wp-json\/wp\/v2\/comments\/?post=2285"}],"version-history":[{"count":1,"href":"https:\/\/newsroom.armandotesta.it\/en\/wp-json\/wp\/v2\/posts\/2285\/revisions\/"}],"predecessor-version":[{"id":2813,"href":"https:\/\/newsroom.armandotesta.it\/en\/wp-json\/wp\/v2\/posts\/2285\/revisions\/2813\/"}],"wp:featuredmedia":[{"embeddable":true,"href":"https:\/\/newsroom.armandotesta.it\/en\/wp-json\/wp\/v2\/media\/2286\/"}],"wp:attachment":[{"href":"https:\/\/newsroom.armandotesta.it\/en\/wp-json\/wp\/v2\/media\/?parent=2285"}],"wp:term":[{"taxonomy":"post_tag","embeddable":true,"href":"https:\/\/newsroom.armandotesta.it\/en\/wp-json\/wp\/v2\/tags\/?post=2285"}],"curies":[{"name":"wp","href":"https:\/\/api.w.org\/{rel}","templated":true}]}}