{"id":2292,"date":"2013-04-11T13:00:00","date_gmt":"2013-04-11T11:00:00","guid":{"rendered":"https:\/\/newsroom.armandotesta.it\/\/2013\/04\/11\/armando-testa-riparte-dalle-idee\/"},"modified":"2019-03-14T12:40:55","modified_gmt":"2019-03-14T11:40:55","slug":"armando-testa-riparte-dalle-idee","status":"publish","type":"post","link":"https:\/\/newsroom.armandotesta.it\/en\/armando-testa-riparte-dalle-idee\/","title":{"rendered":"ARMANDO TESTA RIPARTE DALLE IDEE."},"content":{"rendered":"<p>Armando Testa presenta la campagna \u201cB-YOUNG\u201d per  Moving Shop, online il 11, 12 e 13 aprile sugli spazi messi a disposizione dal  Corriere della Sera.<\/p><p>\u00c8 questo il secondo degli annunci previsti per i  vincitori del concorso \u201cRipartiamo dalle Idee\u201d, operazione volta a lanciare le  dieci migliori idee di start-up con un percorso gratuito di comunicazione e  formazione, in collaborazione con Corriere della Sera, SDA Bocconi School of  Management e Intesa Sanpaolo.<\/p><p>Il lavoro promuove i Temporary  Moving Shop dedicati ai giovani. Api Piaggio allestite come delle vere boutique  itineranti, personalizzabili con il proprio logo, per promuovere e vendere  prodotti in giro per le citt\u00e0 e per le localit\u00e0 pi\u00f9 esclusive. Il visual \u00e8 un lavoro di sintesi che descrive in  modo estremamente chiaro e potente l\u2019innovazione, l\u2019eleganza e la simpatia  dell\u2019offerta.<\/p>\r\n\r\n<ul class=\"is-layout-flex wp-block-gallery-1 wp-block-gallery columns-1 is-cropped\">\r\n<li class=\"blocks-gallery-item\">\n   <figure>\n  <a href=\"https:\/\/newsroom.armandotesta.it\/\/wp-content\/uploads\/2019\/03\/120199-4ddaae3c-61f6-4a37-b31b-1b989cc28d35-schermata_25202014-01-27_2520alle_252016-47-12-original-1390837683.png\">\n    <img decoding=\"async\" src=\"https:\/\/newsroom.armandotesta.it\/\/wp-content\/uploads\/2019\/03\/120199-4ddaae3c-61f6-4a37-b31b-1b989cc28d35-schermata_25202014-01-27_2520alle_252016-47-12-original-1390837683.png\" \n        alt=\"\" \n      data-link=\"https:\/\/newsroom.armandotesta.it\/\/wp-content\/uploads\/2019\/03\/120199-4ddaae3c-61f6-4a37-b31b-1b989cc28d35-schermata_25202014-01-27_2520alle_252016-47-12-original-1390837683.png\" \n      class=\"td-modal-image\"\/>\n  <\/a>\n  <\/figure>\n <\/li><\/ul>\r\n\r\n","protected":false},"excerpt":{"rendered":"<p>Armando Testa presenta la campagna \u201cB-YOUNG\u201d per Moving Shop, online il 11, 12 e 13 aprile sugli spazi messi a disposizione dal Corriere della Sera. \u00c8 questo il secondo degli annunci previsti per i vincitori del concorso \u201cRipartiamo dalle Idee\u201d, operazione volta a lanciare le dieci migliori idee di start-up con un percorso gratuito di [&hellip;]<\/p>\n","protected":false},"author":2,"featured_media":2293,"comment_status":"closed","ping_status":"open","sticky":false,"template":"","format":"standard","meta":{"_mi_skip_tracking":false},"tags":[],"yoast_head":"<!-- This site is optimized with the Yoast SEO plugin v20.2.1 - https:\/\/yoast.com\/wordpress\/plugins\/seo\/ -->\n<title>ARMANDO TESTA RIPARTE DALLE IDEE. - AT News Room<\/title>\n<meta name=\"robots\" content=\"index, follow, max-snippet:-1, max-image-preview:large, max-video-preview:-1\" \/>\n<link rel=\"canonical\" href=\"https:\/\/newsroom.armandotesta.it\/it\/armando-testa-riparte-dalle-idee\/\" \/>\n<meta name=\"twitter:card\" content=\"summary_large_image\" \/>\n<meta name=\"twitter:title\" content=\"ARMANDO TESTA RIPARTE DALLE IDEE. - AT News Room\" \/>\n<meta name=\"twitter:description\" content=\"Armando Testa presenta la campagna \u201cB-YOUNG\u201d per Moving Shop, online il 11, 12 e 13 aprile sugli spazi messi a disposizione dal Corriere della Sera. \u00c8 questo il secondo degli annunci previsti per i vincitori del concorso \u201cRipartiamo dalle Idee\u201d, operazione volta a lanciare le dieci migliori idee di start-up con un percorso gratuito di [&hellip;]\" \/>\n<meta name=\"twitter:image\" content=\"https:\/\/newsroom.armandotesta.it\/wp-content\/uploads\/2019\/03\/120199-4ddaae3c-61f6-4a37-b31b-1b989cc28d35-schermata_25202014-01-27_2520alle_252016-47-12-original-1390837683.png\" \/>\n<meta name=\"twitter:creator\" content=\"@ArmandoTestaSpA\" \/>\n<meta name=\"twitter:site\" content=\"@ArmandoTestaSpA\" \/>\n<meta name=\"twitter:label1\" content=\"Scritto da\" \/>\n\t<meta name=\"twitter:data1\" content=\"Andrea Vincenzi\" \/>\n\t<meta name=\"twitter:label2\" content=\"Tempo di lettura stimato\" \/>\n\t<meta name=\"twitter:data2\" content=\"1 minuto\" \/>\n<script type=\"application\/ld+json\" class=\"yoast-schema-graph\">{\"@context\":\"https:\/\/schema.org\",\"@graph\":[{\"@type\":\"WebPage\",\"@id\":\"https:\/\/newsroom.armandotesta.it\/en\/armando-testa-riparte-dalle-idee\/\",\"url\":\"https:\/\/newsroom.armandotesta.it\/en\/armando-testa-riparte-dalle-idee\/\",\"name\":\"ARMANDO TESTA RIPARTE DALLE IDEE. - AT News Room\",\"isPartOf\":{\"@id\":\"https:\/\/newsroom.armandotesta.it\/it\/#website\"},\"datePublished\":\"2013-04-11T11:00:00+00:00\",\"dateModified\":\"2019-03-14T11:40:55+00:00\",\"author\":{\"@id\":\"https:\/\/newsroom.armandotesta.it\/it\/#\/schema\/person\/097102a7d9da7e918db236bada3a1c5a\"},\"breadcrumb\":{\"@id\":\"https:\/\/newsroom.armandotesta.it\/en\/armando-testa-riparte-dalle-idee\/#breadcrumb\"},\"inLanguage\":\"it-IT\",\"potentialAction\":[{\"@type\":\"ReadAction\",\"target\":[\"https:\/\/newsroom.armandotesta.it\/en\/armando-testa-riparte-dalle-idee\/\"]}]},{\"@type\":\"BreadcrumbList\",\"@id\":\"https:\/\/newsroom.armandotesta.it\/en\/armando-testa-riparte-dalle-idee\/#breadcrumb\",\"itemListElement\":[{\"@type\":\"ListItem\",\"position\":1,\"name\":\"Home\",\"item\":\"https:\/\/newsroom.armandotesta.it\/it\/\"},{\"@type\":\"ListItem\",\"position\":2,\"name\":\"ARMANDO TESTA RIPARTE DALLE IDEE.\"}]},{\"@type\":\"WebSite\",\"@id\":\"https:\/\/newsroom.armandotesta.it\/it\/#website\",\"url\":\"https:\/\/newsroom.armandotesta.it\/it\/\",\"name\":\"AT News Room\",\"description\":\"\",\"potentialAction\":[{\"@type\":\"SearchAction\",\"target\":{\"@type\":\"EntryPoint\",\"urlTemplate\":\"https:\/\/newsroom.armandotesta.it\/it\/?s={search_term_string}\"},\"query-input\":\"required name=search_term_string\"}],\"inLanguage\":\"it-IT\"},{\"@type\":\"Person\",\"@id\":\"https:\/\/newsroom.armandotesta.it\/it\/#\/schema\/person\/097102a7d9da7e918db236bada3a1c5a\",\"name\":\"Andrea Vincenzi\",\"image\":{\"@type\":\"ImageObject\",\"inLanguage\":\"it-IT\",\"@id\":\"https:\/\/newsroom.armandotesta.it\/it\/#\/schema\/person\/image\/\",\"url\":\"https:\/\/secure.gravatar.com\/avatar\/314572425b98ddd7b713352e3f07cfca?s=96&d=blank&r=g\",\"contentUrl\":\"https:\/\/secure.gravatar.com\/avatar\/314572425b98ddd7b713352e3f07cfca?s=96&d=blank&r=g\",\"caption\":\"Andrea Vincenzi\"},\"sameAs\":[\"https:\/\/twitter.com\/ArmandoTestaSpA\"],\"url\":\"https:\/\/newsroom.armandotesta.it\/it\/author\/avincenzi\/\"}]}<\/script>\n<!-- \/ Yoast SEO plugin. -->","yoast_head_json":{"title":"ARMANDO TESTA RIPARTE DALLE IDEE. - AT News Room","robots":{"index":"index","follow":"follow","max-snippet":"max-snippet:-1","max-image-preview":"max-image-preview:large","max-video-preview":"max-video-preview:-1"},"canonical":"https:\/\/newsroom.armandotesta.it\/it\/armando-testa-riparte-dalle-idee\/","twitter_card":"summary_large_image","twitter_title":"ARMANDO TESTA RIPARTE DALLE IDEE. - AT News Room","twitter_description":"Armando Testa presenta la campagna \u201cB-YOUNG\u201d per Moving Shop, online il 11, 12 e 13 aprile sugli spazi messi a disposizione dal Corriere della Sera. \u00c8 questo il secondo degli annunci previsti per i vincitori del concorso \u201cRipartiamo dalle Idee\u201d, operazione volta a lanciare le dieci migliori idee di start-up con un percorso gratuito di [&hellip;]","twitter_image":"https:\/\/newsroom.armandotesta.it\/wp-content\/uploads\/2019\/03\/120199-4ddaae3c-61f6-4a37-b31b-1b989cc28d35-schermata_25202014-01-27_2520alle_252016-47-12-original-1390837683.png","twitter_creator":"@ArmandoTestaSpA","twitter_site":"@ArmandoTestaSpA","twitter_misc":{"Scritto da":"Andrea Vincenzi","Tempo di lettura stimato":"1 minuto"},"schema":{"@context":"https:\/\/schema.org","@graph":[{"@type":"WebPage","@id":"https:\/\/newsroom.armandotesta.it\/en\/armando-testa-riparte-dalle-idee\/","url":"https:\/\/newsroom.armandotesta.it\/en\/armando-testa-riparte-dalle-idee\/","name":"ARMANDO TESTA RIPARTE DALLE IDEE. - AT News Room","isPartOf":{"@id":"https:\/\/newsroom.armandotesta.it\/it\/#website"},"datePublished":"2013-04-11T11:00:00+00:00","dateModified":"2019-03-14T11:40:55+00:00","author":{"@id":"https:\/\/newsroom.armandotesta.it\/it\/#\/schema\/person\/097102a7d9da7e918db236bada3a1c5a"},"breadcrumb":{"@id":"https:\/\/newsroom.armandotesta.it\/en\/armando-testa-riparte-dalle-idee\/#breadcrumb"},"inLanguage":"it-IT","potentialAction":[{"@type":"ReadAction","target":["https:\/\/newsroom.armandotesta.it\/en\/armando-testa-riparte-dalle-idee\/"]}]},{"@type":"BreadcrumbList","@id":"https:\/\/newsroom.armandotesta.it\/en\/armando-testa-riparte-dalle-idee\/#breadcrumb","itemListElement":[{"@type":"ListItem","position":1,"name":"Home","item":"https:\/\/newsroom.armandotesta.it\/it\/"},{"@type":"ListItem","position":2,"name":"ARMANDO TESTA RIPARTE DALLE IDEE."}]},{"@type":"WebSite","@id":"https:\/\/newsroom.armandotesta.it\/it\/#website","url":"https:\/\/newsroom.armandotesta.it\/it\/","name":"AT News Room","description":"","potentialAction":[{"@type":"SearchAction","target":{"@type":"EntryPoint","urlTemplate":"https:\/\/newsroom.armandotesta.it\/it\/?s={search_term_string}"},"query-input":"required name=search_term_string"}],"inLanguage":"it-IT"},{"@type":"Person","@id":"https:\/\/newsroom.armandotesta.it\/it\/#\/schema\/person\/097102a7d9da7e918db236bada3a1c5a","name":"Andrea Vincenzi","image":{"@type":"ImageObject","inLanguage":"it-IT","@id":"https:\/\/newsroom.armandotesta.it\/it\/#\/schema\/person\/image\/","url":"https:\/\/secure.gravatar.com\/avatar\/314572425b98ddd7b713352e3f07cfca?s=96&d=blank&r=g","contentUrl":"https:\/\/secure.gravatar.com\/avatar\/314572425b98ddd7b713352e3f07cfca?s=96&d=blank&r=g","caption":"Andrea Vincenzi"},"sameAs":["https:\/\/twitter.com\/ArmandoTestaSpA"],"url":"https:\/\/newsroom.armandotesta.it\/it\/author\/avincenzi\/"}]}},"_links":{"self":[{"href":"https:\/\/newsroom.armandotesta.it\/en\/wp-json\/wp\/v2\/posts\/2292\/"}],"collection":[{"href":"https:\/\/newsroom.armandotesta.it\/en\/wp-json\/wp\/v2\/posts\/"}],"about":[{"href":"https:\/\/newsroom.armandotesta.it\/en\/wp-json\/wp\/v2\/types\/post\/"}],"author":[{"embeddable":true,"href":"https:\/\/newsroom.armandotesta.it\/en\/wp-json\/wp\/v2\/users\/2\/"}],"replies":[{"embeddable":true,"href":"https:\/\/newsroom.armandotesta.it\/en\/wp-json\/wp\/v2\/comments\/?post=2292"}],"version-history":[{"count":1,"href":"https:\/\/newsroom.armandotesta.it\/en\/wp-json\/wp\/v2\/posts\/2292\/revisions\/"}],"predecessor-version":[{"id":2815,"href":"https:\/\/newsroom.armandotesta.it\/en\/wp-json\/wp\/v2\/posts\/2292\/revisions\/2815\/"}],"wp:featuredmedia":[{"embeddable":true,"href":"https:\/\/newsroom.armandotesta.it\/en\/wp-json\/wp\/v2\/media\/2293\/"}],"wp:attachment":[{"href":"https:\/\/newsroom.armandotesta.it\/en\/wp-json\/wp\/v2\/media\/?parent=2292"}],"wp:term":[{"taxonomy":"post_tag","embeddable":true,"href":"https:\/\/newsroom.armandotesta.it\/en\/wp-json\/wp\/v2\/tags\/?post=2292"}],"curies":[{"name":"wp","href":"https:\/\/api.w.org\/{rel}","templated":true}]}}