{"id":2294,"date":"2013-03-25T18:00:00","date_gmt":"2013-03-25T17:00:00","guid":{"rendered":"https:\/\/newsroom.armandotesta.it\/\/2013\/03\/25\/non-cerchiamo-creativi-qualsiasi\/"},"modified":"2019-03-14T12:40:55","modified_gmt":"2019-03-14T11:40:55","slug":"non-cerchiamo-creativi-qualsiasi","status":"publish","type":"post","link":"https:\/\/newsroom.armandotesta.it\/en\/non-cerchiamo-creativi-qualsiasi\/","title":{"rendered":"NON CERCHIAMO CREATIVI QUALSIASI."},"content":{"rendered":"<p>Li cerchiamo con la testa sulle spalle, e ogni tanto con la testa tra le nuvole. Li cerchiamo con la testa piena di umorismo, di creativit\u00e0 italiana, di passione e curiosit\u00e0.<\/p><p>Li vogliamo con la testa che non sta mai ferma un attimo. Se pensi di avere queste qualit\u00e0, alza la testa e fatti avanti.<\/p><p>OPEN DAY ALL&#8217;ARMANDO TESTA. <br \/>SABATO 23 MARZO, DALLE ORE 10 ALLE ORE 18,<br \/>TUTTI I GIOVANI CREATIVI CHE LO VORRANNO, POTRANNO INCONTRARE I DIRETTORI CREATIVI ARMANDO TESTA<br \/>E FAR VEDERE I PROPRI LAVORI.<\/p><p>ARMANDO TESTA &#8211; VIA LUISA DEL CARRETTO, 58 &#8211; TORINO <\/p>\r\n\r\n<ul class=\"is-layout-flex wp-block-gallery-1 wp-block-gallery columns-1 is-cropped\">\r\n<li class=\"blocks-gallery-item\">\n   <figure>\n  <a href=\"https:\/\/newsroom.armandotesta.it\/\/wp-content\/uploads\/2019\/03\/120454-ce12e8fa-c291-44b9-bf8c-68fc3934179a-3finestra-big-original-1391015228.jpg\">\n <img decoding=\"async\" src=\"https:\/\/newsroom.armandotesta.it\/\/wp-content\/uploads\/2019\/03\/120454-ce12e8fa-c291-44b9-bf8c-68fc3934179a-3finestra-big-original-1391015228.jpg\" \n         alt=\"\" \n      data-link=\"https:\/\/newsroom.armandotesta.it\/\/wp-content\/uploads\/2019\/03\/120454-ce12e8fa-c291-44b9-bf8c-68fc3934179a-3finestra-big-original-1391015228.jpg\" \n       class=\"td-modal-image\"\/>\n  <\/a>\n  <\/figure>\n <\/li><li class=\"blocks-gallery-item\">\n <figure>\n  <a href=\"https:\/\/newsroom.armandotesta.it\/\/wp-content\/uploads\/2019\/03\/120455-b225571b-fb9e-4cb6-b4d0-7f8a9759bede-big-original-1391015261.jpg\">\n   <img decoding=\"async\" src=\"https:\/\/newsroom.armandotesta.it\/\/wp-content\/uploads\/2019\/03\/120455-b225571b-fb9e-4cb6-b4d0-7f8a9759bede-big-original-1391015261.jpg\" \n       alt=\"\" \n      data-link=\"https:\/\/newsroom.armandotesta.it\/\/wp-content\/uploads\/2019\/03\/120455-b225571b-fb9e-4cb6-b4d0-7f8a9759bede-big-original-1391015261.jpg\" \n     class=\"td-modal-image\"\/>\n  <\/a>\n  <\/figure>\n <\/li><\/ul>\r\n\r\n","protected":false},"excerpt":{"rendered":"<p>Li cerchiamo con la testa sulle spalle, e ogni tanto con la testa tra le nuvole. Li cerchiamo con la testa piena di umorismo, di creativit\u00e0 italiana, di passione e curiosit\u00e0. Li vogliamo con la testa che non sta mai ferma un attimo. Se pensi di avere queste qualit\u00e0, alza la testa e fatti avanti. [&hellip;]<\/p>\n","protected":false},"author":2,"featured_media":2295,"comment_status":"closed","ping_status":"open","sticky":false,"template":"","format":"standard","meta":{"_mi_skip_tracking":false},"tags":[],"yoast_head":"<!-- This site is optimized with the Yoast SEO plugin v20.2.1 - https:\/\/yoast.com\/wordpress\/plugins\/seo\/ -->\n<title>NON CERCHIAMO CREATIVI QUALSIASI. - AT News Room<\/title>\n<meta name=\"robots\" content=\"index, follow, max-snippet:-1, max-image-preview:large, max-video-preview:-1\" \/>\n<link rel=\"canonical\" href=\"https:\/\/newsroom.armandotesta.it\/it\/non-cerchiamo-creativi-qualsiasi\/\" \/>\n<meta name=\"twitter:card\" content=\"summary_large_image\" \/>\n<meta name=\"twitter:title\" content=\"NON CERCHIAMO CREATIVI QUALSIASI. - AT News Room\" \/>\n<meta name=\"twitter:description\" content=\"Li cerchiamo con la testa sulle spalle, e ogni tanto con la testa tra le nuvole. Li cerchiamo con la testa piena di umorismo, di creativit\u00e0 italiana, di passione e curiosit\u00e0. Li vogliamo con la testa che non sta mai ferma un attimo. Se pensi di avere queste qualit\u00e0, alza la testa e fatti avanti. [&hellip;]\" \/>\n<meta name=\"twitter:image\" content=\"https:\/\/newsroom.armandotesta.it\/wp-content\/uploads\/2019\/03\/120456-2af3ff85-4d2d-41fa-8e17-70861432df70-cover-original-1391016369.jpg\" \/>\n<meta name=\"twitter:creator\" content=\"@ArmandoTestaSpA\" \/>\n<meta name=\"twitter:site\" content=\"@ArmandoTestaSpA\" \/>\n<meta name=\"twitter:label1\" content=\"Scritto da\" \/>\n\t<meta name=\"twitter:data1\" content=\"Andrea Vincenzi\" \/>\n<script type=\"application\/ld+json\" class=\"yoast-schema-graph\">{\"@context\":\"https:\/\/schema.org\",\"@graph\":[{\"@type\":\"WebPage\",\"@id\":\"https:\/\/newsroom.armandotesta.it\/en\/non-cerchiamo-creativi-qualsiasi\/\",\"url\":\"https:\/\/newsroom.armandotesta.it\/en\/non-cerchiamo-creativi-qualsiasi\/\",\"name\":\"NON CERCHIAMO CREATIVI QUALSIASI. - AT News Room\",\"isPartOf\":{\"@id\":\"https:\/\/newsroom.armandotesta.it\/it\/#website\"},\"datePublished\":\"2013-03-25T17:00:00+00:00\",\"dateModified\":\"2019-03-14T11:40:55+00:00\",\"author\":{\"@id\":\"https:\/\/newsroom.armandotesta.it\/it\/#\/schema\/person\/097102a7d9da7e918db236bada3a1c5a\"},\"breadcrumb\":{\"@id\":\"https:\/\/newsroom.armandotesta.it\/en\/non-cerchiamo-creativi-qualsiasi\/#breadcrumb\"},\"inLanguage\":\"it-IT\",\"potentialAction\":[{\"@type\":\"ReadAction\",\"target\":[\"https:\/\/newsroom.armandotesta.it\/en\/non-cerchiamo-creativi-qualsiasi\/\"]}]},{\"@type\":\"BreadcrumbList\",\"@id\":\"https:\/\/newsroom.armandotesta.it\/en\/non-cerchiamo-creativi-qualsiasi\/#breadcrumb\",\"itemListElement\":[{\"@type\":\"ListItem\",\"position\":1,\"name\":\"Home\",\"item\":\"https:\/\/newsroom.armandotesta.it\/it\/\"},{\"@type\":\"ListItem\",\"position\":2,\"name\":\"NON CERCHIAMO CREATIVI QUALSIASI.\"}]},{\"@type\":\"WebSite\",\"@id\":\"https:\/\/newsroom.armandotesta.it\/it\/#website\",\"url\":\"https:\/\/newsroom.armandotesta.it\/it\/\",\"name\":\"AT News Room\",\"description\":\"\",\"potentialAction\":[{\"@type\":\"SearchAction\",\"target\":{\"@type\":\"EntryPoint\",\"urlTemplate\":\"https:\/\/newsroom.armandotesta.it\/it\/?s={search_term_string}\"},\"query-input\":\"required name=search_term_string\"}],\"inLanguage\":\"it-IT\"},{\"@type\":\"Person\",\"@id\":\"https:\/\/newsroom.armandotesta.it\/it\/#\/schema\/person\/097102a7d9da7e918db236bada3a1c5a\",\"name\":\"Andrea Vincenzi\",\"image\":{\"@type\":\"ImageObject\",\"inLanguage\":\"it-IT\",\"@id\":\"https:\/\/newsroom.armandotesta.it\/it\/#\/schema\/person\/image\/\",\"url\":\"https:\/\/secure.gravatar.com\/avatar\/314572425b98ddd7b713352e3f07cfca?s=96&d=blank&r=g\",\"contentUrl\":\"https:\/\/secure.gravatar.com\/avatar\/314572425b98ddd7b713352e3f07cfca?s=96&d=blank&r=g\",\"caption\":\"Andrea Vincenzi\"},\"sameAs\":[\"https:\/\/twitter.com\/ArmandoTestaSpA\"],\"url\":\"https:\/\/newsroom.armandotesta.it\/it\/author\/avincenzi\/\"}]}<\/script>\n<!-- \/ Yoast SEO plugin. -->","yoast_head_json":{"title":"NON CERCHIAMO CREATIVI QUALSIASI. - AT News Room","robots":{"index":"index","follow":"follow","max-snippet":"max-snippet:-1","max-image-preview":"max-image-preview:large","max-video-preview":"max-video-preview:-1"},"canonical":"https:\/\/newsroom.armandotesta.it\/it\/non-cerchiamo-creativi-qualsiasi\/","twitter_card":"summary_large_image","twitter_title":"NON CERCHIAMO CREATIVI QUALSIASI. - AT News Room","twitter_description":"Li cerchiamo con la testa sulle spalle, e ogni tanto con la testa tra le nuvole. Li cerchiamo con la testa piena di umorismo, di creativit\u00e0 italiana, di passione e curiosit\u00e0. Li vogliamo con la testa che non sta mai ferma un attimo. Se pensi di avere queste qualit\u00e0, alza la testa e fatti avanti. [&hellip;]","twitter_image":"https:\/\/newsroom.armandotesta.it\/wp-content\/uploads\/2019\/03\/120456-2af3ff85-4d2d-41fa-8e17-70861432df70-cover-original-1391016369.jpg","twitter_creator":"@ArmandoTestaSpA","twitter_site":"@ArmandoTestaSpA","twitter_misc":{"Scritto da":"Andrea Vincenzi"},"schema":{"@context":"https:\/\/schema.org","@graph":[{"@type":"WebPage","@id":"https:\/\/newsroom.armandotesta.it\/en\/non-cerchiamo-creativi-qualsiasi\/","url":"https:\/\/newsroom.armandotesta.it\/en\/non-cerchiamo-creativi-qualsiasi\/","name":"NON CERCHIAMO CREATIVI QUALSIASI. - AT News Room","isPartOf":{"@id":"https:\/\/newsroom.armandotesta.it\/it\/#website"},"datePublished":"2013-03-25T17:00:00+00:00","dateModified":"2019-03-14T11:40:55+00:00","author":{"@id":"https:\/\/newsroom.armandotesta.it\/it\/#\/schema\/person\/097102a7d9da7e918db236bada3a1c5a"},"breadcrumb":{"@id":"https:\/\/newsroom.armandotesta.it\/en\/non-cerchiamo-creativi-qualsiasi\/#breadcrumb"},"inLanguage":"it-IT","potentialAction":[{"@type":"ReadAction","target":["https:\/\/newsroom.armandotesta.it\/en\/non-cerchiamo-creativi-qualsiasi\/"]}]},{"@type":"BreadcrumbList","@id":"https:\/\/newsroom.armandotesta.it\/en\/non-cerchiamo-creativi-qualsiasi\/#breadcrumb","itemListElement":[{"@type":"ListItem","position":1,"name":"Home","item":"https:\/\/newsroom.armandotesta.it\/it\/"},{"@type":"ListItem","position":2,"name":"NON CERCHIAMO CREATIVI QUALSIASI."}]},{"@type":"WebSite","@id":"https:\/\/newsroom.armandotesta.it\/it\/#website","url":"https:\/\/newsroom.armandotesta.it\/it\/","name":"AT News Room","description":"","potentialAction":[{"@type":"SearchAction","target":{"@type":"EntryPoint","urlTemplate":"https:\/\/newsroom.armandotesta.it\/it\/?s={search_term_string}"},"query-input":"required name=search_term_string"}],"inLanguage":"it-IT"},{"@type":"Person","@id":"https:\/\/newsroom.armandotesta.it\/it\/#\/schema\/person\/097102a7d9da7e918db236bada3a1c5a","name":"Andrea Vincenzi","image":{"@type":"ImageObject","inLanguage":"it-IT","@id":"https:\/\/newsroom.armandotesta.it\/it\/#\/schema\/person\/image\/","url":"https:\/\/secure.gravatar.com\/avatar\/314572425b98ddd7b713352e3f07cfca?s=96&d=blank&r=g","contentUrl":"https:\/\/secure.gravatar.com\/avatar\/314572425b98ddd7b713352e3f07cfca?s=96&d=blank&r=g","caption":"Andrea Vincenzi"},"sameAs":["https:\/\/twitter.com\/ArmandoTestaSpA"],"url":"https:\/\/newsroom.armandotesta.it\/it\/author\/avincenzi\/"}]}},"_links":{"self":[{"href":"https:\/\/newsroom.armandotesta.it\/en\/wp-json\/wp\/v2\/posts\/2294\/"}],"collection":[{"href":"https:\/\/newsroom.armandotesta.it\/en\/wp-json\/wp\/v2\/posts\/"}],"about":[{"href":"https:\/\/newsroom.armandotesta.it\/en\/wp-json\/wp\/v2\/types\/post\/"}],"author":[{"embeddable":true,"href":"https:\/\/newsroom.armandotesta.it\/en\/wp-json\/wp\/v2\/users\/2\/"}],"replies":[{"embeddable":true,"href":"https:\/\/newsroom.armandotesta.it\/en\/wp-json\/wp\/v2\/comments\/?post=2294"}],"version-history":[{"count":1,"href":"https:\/\/newsroom.armandotesta.it\/en\/wp-json\/wp\/v2\/posts\/2294\/revisions\/"}],"predecessor-version":[{"id":2816,"href":"https:\/\/newsroom.armandotesta.it\/en\/wp-json\/wp\/v2\/posts\/2294\/revisions\/2816\/"}],"wp:featuredmedia":[{"embeddable":true,"href":"https:\/\/newsroom.armandotesta.it\/en\/wp-json\/wp\/v2\/media\/2295\/"}],"wp:attachment":[{"href":"https:\/\/newsroom.armandotesta.it\/en\/wp-json\/wp\/v2\/media\/?parent=2294"}],"wp:term":[{"taxonomy":"post_tag","embeddable":true,"href":"https:\/\/newsroom.armandotesta.it\/en\/wp-json\/wp\/v2\/tags\/?post=2294"}],"curies":[{"name":"wp","href":"https:\/\/api.w.org\/{rel}","templated":true}]}}