{"id":1244,"date":"2017-01-16T13:00:00","date_gmt":"2017-01-16T12:00:00","guid":{"rendered":"https:\/\/newsroom.armandotesta.it\/\/2017\/01\/16\/media-italia-si-aggiudica-la-gara-delonghi\/"},"modified":"2019-03-14T12:26:40","modified_gmt":"2019-03-14T11:26:40","slug":"media-italia-si-aggiudica-la-gara-delonghi","status":"publish","type":"post","link":"https:\/\/newsroom.armandotesta.it\/it\/media-italia-si-aggiudica-la-gara-delonghi\/","title":{"rendered":"MEDIA ITALIA SI AGGIUDICA LA GARA DE\u2019LONGHI"},"content":{"rendered":"<p>Al termine di una gara il Gruppo De\u2019Longhi ha deciso di assegnare l\u2019incarico per la gestione media del budget sia Online che Offline a Media Italia. <\/p>    <p>Per lo svolgimento della gara l\u2019azienda si \u00e8 valsa della collaborazione di Ebiquity. L\u2019incarico conferito a Media Italia, prevede la gestione per l\u2019Italia dei prodotti a marchio De\u2019Longhi e dei brand di Kenwood e Braun che il Gruppo ha acquisito nel corso degli ultimi anni specificatamente per la parte elettrodomestici per la cucina e la cura della casa. <\/p>  <p><strong> <\/strong><\/p>  <p><strong>Vladimiro Carminati<\/strong> \u2013 Country Italy Director dell\u2019azienda commenta il risultato della gara \u201cDopo molti anni di rapporto con Media Italia abbiamo pensato che fosse il momento di guardarci intorno per capire se ci fossero altre strutture che meglio potevano soddisfare le nostre esigenze. Dopo un primo screening sulle principali dieci realt\u00e0 del settore, anche grazie al supporto di Ebiquity, abbiamo ristretto la rosa a quattro contendenti che hanno poi effettivamente partecipato alla gara. I lavori svolti sono stati tutti di grande qualit\u00e0 e devo aggiungere che siamo rimasti piacevolmente sorpresi da cosi tanta professionalit\u00e0. Sulla base delle evidenze oggettive dei raitings di gara e con il contributo dell\u2019auditor abbiamo deciso di rinnovare la nostra partnership con Media Italia per i prossimi due anni\u201d.<\/p>    <p><strong>Valentino Cagnetta <\/strong>\u2013 Ceo Media Italia dichiara \u201cQuesto incarico ci fa particolarmente piacere perch\u00e9 dimostra, anche con procedure tipicamente utilizzate da multinazionali, quanto una realt\u00e0 tipicamente italiana possa essere competitiva\u201d.<\/p>    <p><strong>Il Gruppo De\u2019Longhi<\/strong> &#8211; \u00e8 presente in 33 paesi con filiali commerciali e vende i suoi prodotti sui mercati di tutto il mondo, portando avanti il suo impegno nel creare prodotti innovativi che portino stile e praticit\u00e0 nelle case dei suoi clienti, rendendo migliore la vita di tutti i giorni.<\/p>  <p>La societ\u00e0 viene fondata dalla famiglia De\u2019Longhi nel 1902 come laboratorio di produzione di piccoli pezzi industriali. Nel 1950 viene costituita come societ\u00e0 commerciale. Storicamente nota come importante produttore di radiatori elettrici portatili e condizionatori d&#8217;aria, la societ\u00e0 si \u00e8 espansa fino a includere pressoch\u00e9 ogni categoria di elettrodomestici, nell&#8217;ambito della cucina, dal caff\u00e8 alla preparazione dei cibi e alla cottura, oltre che della pulizia domestica e della stiratura.<\/p>  <p>Nel 2001, la De\u2019Longhi ha acquistato il marchio britannico di elettrodomestici Kenwood, grazie al quale ha allargato la sua gamma di prodotti per la cucina, suggellando la sua posizione di leader nella categoria degli apparecchi per la cucina. L&#8217;espansione di De\u2019Longhi \u00e8 poi proseguita e, nel 2013, la societ\u00e0 ha acquisito i diritti sugli elettrodomestici per la cucina e la cura della casa di Braun da Procter &amp; Gamble.<\/p>    <p><strong>La Vision del Gruppo De\u2019Longhi<\/strong> &#8211; La nostra visione \u00e8 trasformare la vita di tutti i giorni di ciascuno in qualcosa di speciale. Il nostro obiettivo \u00e8 rendere la vita di ciascuno un po&#8217; pi\u00f9 semplice, offrendo soluzioni innovative per le esigenze domestiche di tutti i giorni, per una vita pi\u00f9 felice e soddisfacente.<\/p>\r\n\r\n<ul class=\"is-layout-flex wp-block-gallery-1 wp-block-gallery columns-1 is-cropped\">\r\n<li class=\"blocks-gallery-item\">\n <figure>\n  <a href=\"https:\/\/newsroom.armandotesta.it\/\/wp-content\/uploads\/2019\/03\/234284-Valentino_Cagnetta-6f51d1-original-1484756590.jpg\">\n  <img decoding=\"async\" src=\"https:\/\/newsroom.armandotesta.it\/\/wp-content\/uploads\/2019\/03\/234284-Valentino_Cagnetta-6f51d1-original-1484756590.jpg\" \n      alt=\"\" \n      data-link=\"https:\/\/newsroom.armandotesta.it\/\/wp-content\/uploads\/2019\/03\/234284-Valentino_Cagnetta-6f51d1-original-1484756590.jpg\" \n        class=\"td-modal-image\"\/>\n  <\/a>\n  <\/figure>\n <\/li><\/ul>\r\n\r\n","protected":false},"excerpt":{"rendered":"<p>Al termine di una gara il Gruppo De\u2019Longhi ha deciso di assegnare l\u2019incarico per la gestione media del budget sia Online che Offline a Media Italia.<\/p>\n","protected":false},"author":2,"featured_media":1245,"comment_status":"closed","ping_status":"open","sticky":false,"template":"","format":"standard","meta":{"_mi_skip_tracking":false},"tags":[],"yoast_head":"<!-- This site is optimized with the Yoast SEO plugin v20.2.1 - https:\/\/yoast.com\/wordpress\/plugins\/seo\/ -->\n<title>MEDIA ITALIA SI AGGIUDICA LA GARA DE\u2019LONGHI - AT News Room<\/title>\n<meta name=\"robots\" content=\"index, follow, max-snippet:-1, max-image-preview:large, max-video-preview:-1\" \/>\n<link rel=\"canonical\" href=\"https:\/\/newsroom.armandotesta.it\/it\/media-italia-si-aggiudica-la-gara-delonghi\/\" \/>\n<meta name=\"twitter:card\" content=\"summary_large_image\" \/>\n<meta name=\"twitter:title\" content=\"MEDIA ITALIA SI AGGIUDICA LA GARA DE\u2019LONGHI - AT News Room\" \/>\n<meta name=\"twitter:description\" content=\"Al termine di una gara il Gruppo De\u2019Longhi ha deciso di assegnare l\u2019incarico per la gestione media del budget sia Online che Offline a Media Italia.\" \/>\n<meta name=\"twitter:image\" content=\"https:\/\/newsroom.armandotesta.it\/wp-content\/uploads\/2019\/03\/234284-Valentino_Cagnetta-6f51d1-original-1484756590.jpg\" \/>\n<meta name=\"twitter:creator\" content=\"@ArmandoTestaSpA\" \/>\n<meta name=\"twitter:site\" content=\"@ArmandoTestaSpA\" \/>\n<meta name=\"twitter:label1\" content=\"Scritto da\" \/>\n\t<meta name=\"twitter:data1\" content=\"Andrea Vincenzi\" \/>\n\t<meta name=\"twitter:label2\" content=\"Tempo di lettura stimato\" \/>\n\t<meta name=\"twitter:data2\" content=\"2 minuti\" \/>\n<script type=\"application\/ld+json\" class=\"yoast-schema-graph\">{\"@context\":\"https:\/\/schema.org\",\"@graph\":[{\"@type\":\"WebPage\",\"@id\":\"https:\/\/newsroom.armandotesta.it\/it\/media-italia-si-aggiudica-la-gara-delonghi\/\",\"url\":\"https:\/\/newsroom.armandotesta.it\/it\/media-italia-si-aggiudica-la-gara-delonghi\/\",\"name\":\"MEDIA ITALIA SI AGGIUDICA LA GARA DE\u2019LONGHI - AT News Room\",\"isPartOf\":{\"@id\":\"https:\/\/newsroom.armandotesta.it\/it\/#website\"},\"datePublished\":\"2017-01-16T12:00:00+00:00\",\"dateModified\":\"2019-03-14T11:26:40+00:00\",\"author\":{\"@id\":\"https:\/\/newsroom.armandotesta.it\/it\/#\/schema\/person\/097102a7d9da7e918db236bada3a1c5a\"},\"breadcrumb\":{\"@id\":\"https:\/\/newsroom.armandotesta.it\/it\/media-italia-si-aggiudica-la-gara-delonghi\/#breadcrumb\"},\"inLanguage\":\"it-IT\",\"potentialAction\":[{\"@type\":\"ReadAction\",\"target\":[\"https:\/\/newsroom.armandotesta.it\/it\/media-italia-si-aggiudica-la-gara-delonghi\/\"]}]},{\"@type\":\"BreadcrumbList\",\"@id\":\"https:\/\/newsroom.armandotesta.it\/it\/media-italia-si-aggiudica-la-gara-delonghi\/#breadcrumb\",\"itemListElement\":[{\"@type\":\"ListItem\",\"position\":1,\"name\":\"Home\",\"item\":\"https:\/\/newsroom.armandotesta.it\/it\/\"},{\"@type\":\"ListItem\",\"position\":2,\"name\":\"MEDIA ITALIA SI AGGIUDICA LA GARA DE\u2019LONGHI\"}]},{\"@type\":\"WebSite\",\"@id\":\"https:\/\/newsroom.armandotesta.it\/it\/#website\",\"url\":\"https:\/\/newsroom.armandotesta.it\/it\/\",\"name\":\"AT News Room\",\"description\":\"\",\"potentialAction\":[{\"@type\":\"SearchAction\",\"target\":{\"@type\":\"EntryPoint\",\"urlTemplate\":\"https:\/\/newsroom.armandotesta.it\/it\/?s={search_term_string}\"},\"query-input\":\"required name=search_term_string\"}],\"inLanguage\":\"it-IT\"},{\"@type\":\"Person\",\"@id\":\"https:\/\/newsroom.armandotesta.it\/it\/#\/schema\/person\/097102a7d9da7e918db236bada3a1c5a\",\"name\":\"Andrea Vincenzi\",\"image\":{\"@type\":\"ImageObject\",\"inLanguage\":\"it-IT\",\"@id\":\"https:\/\/newsroom.armandotesta.it\/it\/#\/schema\/person\/image\/\",\"url\":\"https:\/\/secure.gravatar.com\/avatar\/314572425b98ddd7b713352e3f07cfca?s=96&d=blank&r=g\",\"contentUrl\":\"https:\/\/secure.gravatar.com\/avatar\/314572425b98ddd7b713352e3f07cfca?s=96&d=blank&r=g\",\"caption\":\"Andrea Vincenzi\"},\"sameAs\":[\"https:\/\/twitter.com\/ArmandoTestaSpA\"],\"url\":\"https:\/\/newsroom.armandotesta.it\/it\/author\/avincenzi\/\"}]}<\/script>\n<!-- \/ Yoast SEO plugin. -->","yoast_head_json":{"title":"MEDIA ITALIA SI AGGIUDICA LA GARA DE\u2019LONGHI - AT News Room","robots":{"index":"index","follow":"follow","max-snippet":"max-snippet:-1","max-image-preview":"max-image-preview:large","max-video-preview":"max-video-preview:-1"},"canonical":"https:\/\/newsroom.armandotesta.it\/it\/media-italia-si-aggiudica-la-gara-delonghi\/","twitter_card":"summary_large_image","twitter_title":"MEDIA ITALIA SI AGGIUDICA LA GARA DE\u2019LONGHI - AT News Room","twitter_description":"Al termine di una gara il Gruppo De\u2019Longhi ha deciso di assegnare l\u2019incarico per la gestione media del budget sia Online che Offline a Media Italia.","twitter_image":"https:\/\/newsroom.armandotesta.it\/wp-content\/uploads\/2019\/03\/234284-Valentino_Cagnetta-6f51d1-original-1484756590.jpg","twitter_creator":"@ArmandoTestaSpA","twitter_site":"@ArmandoTestaSpA","twitter_misc":{"Scritto da":"Andrea Vincenzi","Tempo di lettura stimato":"2 minuti"},"schema":{"@context":"https:\/\/schema.org","@graph":[{"@type":"WebPage","@id":"https:\/\/newsroom.armandotesta.it\/it\/media-italia-si-aggiudica-la-gara-delonghi\/","url":"https:\/\/newsroom.armandotesta.it\/it\/media-italia-si-aggiudica-la-gara-delonghi\/","name":"MEDIA ITALIA SI AGGIUDICA LA GARA DE\u2019LONGHI - AT News Room","isPartOf":{"@id":"https:\/\/newsroom.armandotesta.it\/it\/#website"},"datePublished":"2017-01-16T12:00:00+00:00","dateModified":"2019-03-14T11:26:40+00:00","author":{"@id":"https:\/\/newsroom.armandotesta.it\/it\/#\/schema\/person\/097102a7d9da7e918db236bada3a1c5a"},"breadcrumb":{"@id":"https:\/\/newsroom.armandotesta.it\/it\/media-italia-si-aggiudica-la-gara-delonghi\/#breadcrumb"},"inLanguage":"it-IT","potentialAction":[{"@type":"ReadAction","target":["https:\/\/newsroom.armandotesta.it\/it\/media-italia-si-aggiudica-la-gara-delonghi\/"]}]},{"@type":"BreadcrumbList","@id":"https:\/\/newsroom.armandotesta.it\/it\/media-italia-si-aggiudica-la-gara-delonghi\/#breadcrumb","itemListElement":[{"@type":"ListItem","position":1,"name":"Home","item":"https:\/\/newsroom.armandotesta.it\/it\/"},{"@type":"ListItem","position":2,"name":"MEDIA ITALIA SI AGGIUDICA LA GARA DE\u2019LONGHI"}]},{"@type":"WebSite","@id":"https:\/\/newsroom.armandotesta.it\/it\/#website","url":"https:\/\/newsroom.armandotesta.it\/it\/","name":"AT News Room","description":"","potentialAction":[{"@type":"SearchAction","target":{"@type":"EntryPoint","urlTemplate":"https:\/\/newsroom.armandotesta.it\/it\/?s={search_term_string}"},"query-input":"required name=search_term_string"}],"inLanguage":"it-IT"},{"@type":"Person","@id":"https:\/\/newsroom.armandotesta.it\/it\/#\/schema\/person\/097102a7d9da7e918db236bada3a1c5a","name":"Andrea Vincenzi","image":{"@type":"ImageObject","inLanguage":"it-IT","@id":"https:\/\/newsroom.armandotesta.it\/it\/#\/schema\/person\/image\/","url":"https:\/\/secure.gravatar.com\/avatar\/314572425b98ddd7b713352e3f07cfca?s=96&d=blank&r=g","contentUrl":"https:\/\/secure.gravatar.com\/avatar\/314572425b98ddd7b713352e3f07cfca?s=96&d=blank&r=g","caption":"Andrea Vincenzi"},"sameAs":["https:\/\/twitter.com\/ArmandoTestaSpA"],"url":"https:\/\/newsroom.armandotesta.it\/it\/author\/avincenzi\/"}]}},"_links":{"self":[{"href":"https:\/\/newsroom.armandotesta.it\/it\/wp-json\/wp\/v2\/posts\/1244\/"}],"collection":[{"href":"https:\/\/newsroom.armandotesta.it\/it\/wp-json\/wp\/v2\/posts\/"}],"about":[{"href":"https:\/\/newsroom.armandotesta.it\/it\/wp-json\/wp\/v2\/types\/post\/"}],"author":[{"embeddable":true,"href":"https:\/\/newsroom.armandotesta.it\/it\/wp-json\/wp\/v2\/users\/2\/"}],"replies":[{"embeddable":true,"href":"https:\/\/newsroom.armandotesta.it\/it\/wp-json\/wp\/v2\/comments\/?post=1244"}],"version-history":[{"count":1,"href":"https:\/\/newsroom.armandotesta.it\/it\/wp-json\/wp\/v2\/posts\/1244\/revisions\/"}],"predecessor-version":[{"id":2381,"href":"https:\/\/newsroom.armandotesta.it\/it\/wp-json\/wp\/v2\/posts\/1244\/revisions\/2381\/"}],"wp:featuredmedia":[{"embeddable":true,"href":"https:\/\/newsroom.armandotesta.it\/it\/wp-json\/wp\/v2\/media\/1245\/"}],"wp:attachment":[{"href":"https:\/\/newsroom.armandotesta.it\/it\/wp-json\/wp\/v2\/media\/?parent=1244"}],"wp:term":[{"taxonomy":"post_tag","embeddable":true,"href":"https:\/\/newsroom.armandotesta.it\/it\/wp-json\/wp\/v2\/tags\/?post=1244"}],"curies":[{"name":"wp","href":"https:\/\/api.w.org\/{rel}","templated":true}]}}