{"id":1362,"date":"2016-09-05T14:00:00","date_gmt":"2016-09-05T12:00:00","guid":{"rendered":"https:\/\/newsroom.armandotesta.it\/\/2016\/09\/05\/pan-di-stelle-e-armando-testa-presentano-pan-pan\/"},"modified":"2019-03-14T12:27:36","modified_gmt":"2019-03-14T11:27:36","slug":"pan-di-stelle-e-armando-testa-presentano-pan-pan","status":"publish","type":"post","link":"https:\/\/newsroom.armandotesta.it\/it\/pan-di-stelle-e-armando-testa-presentano-pan-pan\/","title":{"rendered":"PAN DI STELLE E ARMANDO TESTA PRESENTANO PAN PAN"},"content":{"rendered":"<p>Ha un sorriso tenero, una sciarpa magica e delle scarpe scintillanti, \u00e8 partito dalla settima stella a sinistra, ed \u00e8 arrivato sulla terra domenica 4 Settembre 2016. Pan di Stelle presenta un amico straordinario: Pan Pan, l\u2019amico dei sogni.<\/p>    <p>Nato, proprio come Pan di Stelle, dall\u2019incontro tra un istante di sogno, un soffio di magiche stelle e una manciata di polvere di cacao (il pi\u00f9 buono dell\u2019universo!) Pan Pan ha una grande missione: ricordare a tutti, anche a chi a volte se ne dimentica, il magico potere dei sogni.<\/p>    <p>Non proprio un testimonial, ma un po\u2019 di pi\u00f9: una proiezione dell\u2019io sognatore che \u00e8 dentro ognuno di noi. Ideato dall\u2019Agenzia Testa, Pan Pan nasce come ponte ideale tra l\u2019essere ambasciatore di una marca, della quale rappresenta missioni e valori, e qualcosa che \u00e8 dentro al cuore di tutti, che \u00e8 facile riconoscere quando si \u00e8 piccoli, e che \u00e8 bello poter ritrovare da grandi.<\/p>    <p>Mai come oggi infatti vogliamo ribadire l\u2019importanza di credere nei sogni, e Pan di Stelle, lovebrand per eccellenza, con questa nuova comunicazione e con il suo piccolo ambasciatore, si appropria ancora di pi\u00f9 di un territorio unico e proprietario, caratterizzato da un forte contenuto valoriale.<\/p>    <p>E anche di un\u2019unicit\u00e0 potente, data da una ricetta originale e inimitabile che unisce ingredienti da sogno alla magia di un mondo emotivo, fatto di magiche stelle e di avventure.<\/p>    <p>Alla nuova campagna si affiancano sul web mini pillole teaser \u201cIl Potere Dei Sogni\u201d: interviste ai bambini &#8211; tra i quali i protagonisti dei film &#8211; dove si parla di sogni e di desideri, di raggi laser che fanno volare, di chi \u00e8 bello portare nei sogni e di questo magico amico in arrivo.<\/p>    <p>Direzione creativa Michela Sartorio e Monica Pirocca, Benedetta Buzzoni e Sofia Coen servizio account. Cdp BRW Filmland, regia Eli Sverdlov, post produzione Nineteentwenty Londra, food Vittorio Sacco.<\/p>  <p>Musica di Serena Menarini e Alessandro Branca, puntate web a cura di Jacopo Morini di Testa Digital Hub (Gruppo Armando Testa).<\/p>\r\n\r\n<ul class=\"is-layout-flex wp-block-gallery-1 wp-block-gallery columns-1 is-cropped\">\r\n<li class=\"blocks-gallery-item\">\n  <figure>\n  <a href=\"https:\/\/newsroom.armandotesta.it\/\/wp-content\/uploads\/2019\/03\/223646-pandistelle_biscotto_14-e8ec1c-original-1473088951.jpg\">\n <img decoding=\"async\" src=\"https:\/\/newsroom.armandotesta.it\/\/wp-content\/uploads\/2019\/03\/223646-pandistelle_biscotto_14-e8ec1c-original-1473088951.jpg\" \n         alt=\"\" \n      data-link=\"https:\/\/newsroom.armandotesta.it\/\/wp-content\/uploads\/2019\/03\/223646-pandistelle_biscotto_14-e8ec1c-original-1473088951.jpg\" \n       class=\"td-modal-image\"\/>\n  <\/a>\n  <\/figure>\n <\/li><li class=\"blocks-gallery-item\">\n <figure>\n  <a href=\"https:\/\/newsroom.armandotesta.it\/\/wp-content\/uploads\/2019\/03\/223645-pandistelle_biscotto_13-38bf75-original-1473086128.jpg\">\n <img decoding=\"async\" src=\"https:\/\/newsroom.armandotesta.it\/\/wp-content\/uploads\/2019\/03\/223645-pandistelle_biscotto_13-38bf75-original-1473086128.jpg\" \n         alt=\"\" \n      data-link=\"https:\/\/newsroom.armandotesta.it\/\/wp-content\/uploads\/2019\/03\/223645-pandistelle_biscotto_13-38bf75-original-1473086128.jpg\" \n       class=\"td-modal-image\"\/>\n  <\/a>\n  <\/figure>\n <\/li><\/ul>\r\n\r\n\n<figure class=\"wp-block-embed-youtube wp-block-embed is-type-video is-provider-youtube wp-embed-aspect-16-9 wp-has-aspect-ratio\"><div class=\"wp-block-embed__wrapper\">\n<iframe loading=\"lazy\" width=\"696\" height=\"392\" src=\"https:\/\/www.youtube.com\/embed\/FW_uWc0atxI?feature=oembed\" frameborder=\"0\" allow=\"accelerometer; autoplay; encrypted-media; gyroscope; picture-in-picture\" allowfullscreen><\/iframe>\n<\/div>\n<\/figure>\n","protected":false},"excerpt":{"rendered":"<p>Ha un sorriso tenero, una sciarpa magica e delle scarpe scintillanti, \u00e8 partito dalla settima stella a sinistra, ed \u00e8 arrivato sulla terra domenica 4 Settembre 2016. Pan di Stelle presenta un amico straordinario: Pan Pan, l\u2019amico dei sogni.<\/p>\n","protected":false},"author":2,"featured_media":1363,"comment_status":"closed","ping_status":"open","sticky":false,"template":"","format":"standard","meta":{"_mi_skip_tracking":false},"tags":[],"yoast_head":"<!-- This site is optimized with the Yoast SEO plugin v20.2.1 - https:\/\/yoast.com\/wordpress\/plugins\/seo\/ -->\n<title>PAN DI STELLE E ARMANDO TESTA PRESENTANO PAN PAN - AT News Room<\/title>\n<meta name=\"robots\" content=\"index, follow, max-snippet:-1, max-image-preview:large, max-video-preview:-1\" \/>\n<link rel=\"canonical\" href=\"https:\/\/newsroom.armandotesta.it\/it\/pan-di-stelle-e-armando-testa-presentano-pan-pan\/\" \/>\n<meta name=\"twitter:card\" content=\"summary_large_image\" \/>\n<meta name=\"twitter:title\" content=\"PAN DI STELLE E ARMANDO TESTA PRESENTANO PAN PAN - AT News Room\" \/>\n<meta name=\"twitter:description\" content=\"Ha un sorriso tenero, una sciarpa magica e delle scarpe scintillanti, \u00e8 partito dalla settima stella a sinistra, ed \u00e8 arrivato sulla terra domenica 4 Settembre 2016. Pan di Stelle presenta un amico straordinario: Pan Pan, l\u2019amico dei sogni.\" \/>\n<meta name=\"twitter:image\" content=\"https:\/\/newsroom.armandotesta.it\/wp-content\/uploads\/2019\/03\/223646-pandistelle_biscotto_14-e8ec1c-original-1473088951.jpg\" \/>\n<meta name=\"twitter:creator\" content=\"@ArmandoTestaSpA\" \/>\n<meta name=\"twitter:site\" content=\"@ArmandoTestaSpA\" \/>\n<meta name=\"twitter:label1\" content=\"Scritto da\" \/>\n\t<meta name=\"twitter:data1\" content=\"Andrea Vincenzi\" \/>\n\t<meta name=\"twitter:label2\" content=\"Tempo di lettura stimato\" \/>\n\t<meta name=\"twitter:data2\" content=\"2 minuti\" \/>\n<script type=\"application\/ld+json\" class=\"yoast-schema-graph\">{\"@context\":\"https:\/\/schema.org\",\"@graph\":[{\"@type\":\"WebPage\",\"@id\":\"https:\/\/newsroom.armandotesta.it\/it\/pan-di-stelle-e-armando-testa-presentano-pan-pan\/\",\"url\":\"https:\/\/newsroom.armandotesta.it\/it\/pan-di-stelle-e-armando-testa-presentano-pan-pan\/\",\"name\":\"PAN DI STELLE E ARMANDO TESTA PRESENTANO PAN PAN - AT News Room\",\"isPartOf\":{\"@id\":\"https:\/\/newsroom.armandotesta.it\/it\/#website\"},\"datePublished\":\"2016-09-05T12:00:00+00:00\",\"dateModified\":\"2019-03-14T11:27:36+00:00\",\"author\":{\"@id\":\"https:\/\/newsroom.armandotesta.it\/it\/#\/schema\/person\/097102a7d9da7e918db236bada3a1c5a\"},\"breadcrumb\":{\"@id\":\"https:\/\/newsroom.armandotesta.it\/it\/pan-di-stelle-e-armando-testa-presentano-pan-pan\/#breadcrumb\"},\"inLanguage\":\"it-IT\",\"potentialAction\":[{\"@type\":\"ReadAction\",\"target\":[\"https:\/\/newsroom.armandotesta.it\/it\/pan-di-stelle-e-armando-testa-presentano-pan-pan\/\"]}]},{\"@type\":\"BreadcrumbList\",\"@id\":\"https:\/\/newsroom.armandotesta.it\/it\/pan-di-stelle-e-armando-testa-presentano-pan-pan\/#breadcrumb\",\"itemListElement\":[{\"@type\":\"ListItem\",\"position\":1,\"name\":\"Home\",\"item\":\"https:\/\/newsroom.armandotesta.it\/it\/\"},{\"@type\":\"ListItem\",\"position\":2,\"name\":\"PAN DI STELLE E ARMANDO TESTA PRESENTANO PAN PAN\"}]},{\"@type\":\"WebSite\",\"@id\":\"https:\/\/newsroom.armandotesta.it\/it\/#website\",\"url\":\"https:\/\/newsroom.armandotesta.it\/it\/\",\"name\":\"AT News Room\",\"description\":\"\",\"potentialAction\":[{\"@type\":\"SearchAction\",\"target\":{\"@type\":\"EntryPoint\",\"urlTemplate\":\"https:\/\/newsroom.armandotesta.it\/it\/?s={search_term_string}\"},\"query-input\":\"required name=search_term_string\"}],\"inLanguage\":\"it-IT\"},{\"@type\":\"Person\",\"@id\":\"https:\/\/newsroom.armandotesta.it\/it\/#\/schema\/person\/097102a7d9da7e918db236bada3a1c5a\",\"name\":\"Andrea Vincenzi\",\"image\":{\"@type\":\"ImageObject\",\"inLanguage\":\"it-IT\",\"@id\":\"https:\/\/newsroom.armandotesta.it\/it\/#\/schema\/person\/image\/\",\"url\":\"https:\/\/secure.gravatar.com\/avatar\/314572425b98ddd7b713352e3f07cfca?s=96&d=blank&r=g\",\"contentUrl\":\"https:\/\/secure.gravatar.com\/avatar\/314572425b98ddd7b713352e3f07cfca?s=96&d=blank&r=g\",\"caption\":\"Andrea Vincenzi\"},\"sameAs\":[\"https:\/\/twitter.com\/ArmandoTestaSpA\"],\"url\":\"https:\/\/newsroom.armandotesta.it\/it\/author\/avincenzi\/\"}]}<\/script>\n<!-- \/ Yoast SEO plugin. -->","yoast_head_json":{"title":"PAN DI STELLE E ARMANDO TESTA PRESENTANO PAN PAN - AT News Room","robots":{"index":"index","follow":"follow","max-snippet":"max-snippet:-1","max-image-preview":"max-image-preview:large","max-video-preview":"max-video-preview:-1"},"canonical":"https:\/\/newsroom.armandotesta.it\/it\/pan-di-stelle-e-armando-testa-presentano-pan-pan\/","twitter_card":"summary_large_image","twitter_title":"PAN DI STELLE E ARMANDO TESTA PRESENTANO PAN PAN - AT News Room","twitter_description":"Ha un sorriso tenero, una sciarpa magica e delle scarpe scintillanti, \u00e8 partito dalla settima stella a sinistra, ed \u00e8 arrivato sulla terra domenica 4 Settembre 2016. Pan di Stelle presenta un amico straordinario: Pan Pan, l\u2019amico dei sogni.","twitter_image":"https:\/\/newsroom.armandotesta.it\/wp-content\/uploads\/2019\/03\/223646-pandistelle_biscotto_14-e8ec1c-original-1473088951.jpg","twitter_creator":"@ArmandoTestaSpA","twitter_site":"@ArmandoTestaSpA","twitter_misc":{"Scritto da":"Andrea Vincenzi","Tempo di lettura stimato":"2 minuti"},"schema":{"@context":"https:\/\/schema.org","@graph":[{"@type":"WebPage","@id":"https:\/\/newsroom.armandotesta.it\/it\/pan-di-stelle-e-armando-testa-presentano-pan-pan\/","url":"https:\/\/newsroom.armandotesta.it\/it\/pan-di-stelle-e-armando-testa-presentano-pan-pan\/","name":"PAN DI STELLE E ARMANDO TESTA PRESENTANO PAN PAN - AT News Room","isPartOf":{"@id":"https:\/\/newsroom.armandotesta.it\/it\/#website"},"datePublished":"2016-09-05T12:00:00+00:00","dateModified":"2019-03-14T11:27:36+00:00","author":{"@id":"https:\/\/newsroom.armandotesta.it\/it\/#\/schema\/person\/097102a7d9da7e918db236bada3a1c5a"},"breadcrumb":{"@id":"https:\/\/newsroom.armandotesta.it\/it\/pan-di-stelle-e-armando-testa-presentano-pan-pan\/#breadcrumb"},"inLanguage":"it-IT","potentialAction":[{"@type":"ReadAction","target":["https:\/\/newsroom.armandotesta.it\/it\/pan-di-stelle-e-armando-testa-presentano-pan-pan\/"]}]},{"@type":"BreadcrumbList","@id":"https:\/\/newsroom.armandotesta.it\/it\/pan-di-stelle-e-armando-testa-presentano-pan-pan\/#breadcrumb","itemListElement":[{"@type":"ListItem","position":1,"name":"Home","item":"https:\/\/newsroom.armandotesta.it\/it\/"},{"@type":"ListItem","position":2,"name":"PAN DI STELLE E ARMANDO TESTA PRESENTANO PAN PAN"}]},{"@type":"WebSite","@id":"https:\/\/newsroom.armandotesta.it\/it\/#website","url":"https:\/\/newsroom.armandotesta.it\/it\/","name":"AT News Room","description":"","potentialAction":[{"@type":"SearchAction","target":{"@type":"EntryPoint","urlTemplate":"https:\/\/newsroom.armandotesta.it\/it\/?s={search_term_string}"},"query-input":"required name=search_term_string"}],"inLanguage":"it-IT"},{"@type":"Person","@id":"https:\/\/newsroom.armandotesta.it\/it\/#\/schema\/person\/097102a7d9da7e918db236bada3a1c5a","name":"Andrea Vincenzi","image":{"@type":"ImageObject","inLanguage":"it-IT","@id":"https:\/\/newsroom.armandotesta.it\/it\/#\/schema\/person\/image\/","url":"https:\/\/secure.gravatar.com\/avatar\/314572425b98ddd7b713352e3f07cfca?s=96&d=blank&r=g","contentUrl":"https:\/\/secure.gravatar.com\/avatar\/314572425b98ddd7b713352e3f07cfca?s=96&d=blank&r=g","caption":"Andrea Vincenzi"},"sameAs":["https:\/\/twitter.com\/ArmandoTestaSpA"],"url":"https:\/\/newsroom.armandotesta.it\/it\/author\/avincenzi\/"}]}},"_links":{"self":[{"href":"https:\/\/newsroom.armandotesta.it\/it\/wp-json\/wp\/v2\/posts\/1362\/"}],"collection":[{"href":"https:\/\/newsroom.armandotesta.it\/it\/wp-json\/wp\/v2\/posts\/"}],"about":[{"href":"https:\/\/newsroom.armandotesta.it\/it\/wp-json\/wp\/v2\/types\/post\/"}],"author":[{"embeddable":true,"href":"https:\/\/newsroom.armandotesta.it\/it\/wp-json\/wp\/v2\/users\/2\/"}],"replies":[{"embeddable":true,"href":"https:\/\/newsroom.armandotesta.it\/it\/wp-json\/wp\/v2\/comments\/?post=1362"}],"version-history":[{"count":1,"href":"https:\/\/newsroom.armandotesta.it\/it\/wp-json\/wp\/v2\/posts\/1362\/revisions\/"}],"predecessor-version":[{"id":2407,"href":"https:\/\/newsroom.armandotesta.it\/it\/wp-json\/wp\/v2\/posts\/1362\/revisions\/2407\/"}],"wp:featuredmedia":[{"embeddable":true,"href":"https:\/\/newsroom.armandotesta.it\/it\/wp-json\/wp\/v2\/media\/1363\/"}],"wp:attachment":[{"href":"https:\/\/newsroom.armandotesta.it\/it\/wp-json\/wp\/v2\/media\/?parent=1362"}],"wp:term":[{"taxonomy":"post_tag","embeddable":true,"href":"https:\/\/newsroom.armandotesta.it\/it\/wp-json\/wp\/v2\/tags\/?post=1362"}],"curies":[{"name":"wp","href":"https:\/\/api.w.org\/{rel}","templated":true}]}}