{"id":1376,"date":"2016-06-22T13:00:00","date_gmt":"2016-06-22T11:00:00","guid":{"rendered":"https:\/\/newsroom.armandotesta.it\/\/2016\/06\/22\/media-italia-cquisisce-il-media-farmaceutici-dott-ciccarelli\/"},"modified":"2019-03-14T12:27:48","modified_gmt":"2019-03-14T11:27:48","slug":"media-italia-cquisisce-il-media-farmaceutici-dott-ciccarelli","status":"publish","type":"post","link":"https:\/\/newsroom.armandotesta.it\/it\/media-italia-cquisisce-il-media-farmaceutici-dott-ciccarelli\/","title":{"rendered":"MEDIA ITALIA CQUISISCE IL MEDIA FARMACEUTICI DOTT. CICCARELLI"},"content":{"rendered":"<p>La storica azienda farmaceutica affida l\u2019incarico per la gestione dei propri investimenti a Media Italia del Gruppo Armando Testa, e torna in comunicazione partendo da Timodore, brand che da oltre 50 anni si dedica con passione e attenzione alla cura, al benessere e alla deodorazione dei piedi. <\/p>  <p>La campagna TV partir\u00e0 il 26 Giugno su tutte le principali emittenti. La campagna \u201cIl benessere parte dai piedi\u201d affida allo spot da 15\u201d, realizzato da Testa Digital Hub, un messaggio semplice ma importante invitando a prendersi cura dei propri piedi perch\u00e9 \u00e8 proprio da l\u00ec che parte il benessere quotidiano: Timodore \u00e8 infatti un marchio sinonimo di tradizione tutta italiana che si \u00e8 affermato nel tempo grazie alla qualit\u00e0 ed efficacia dei suoi prodotti. <\/p>  <p>L\u2019incarico conferito a Media Italia vale anche per tutti gli altri brand dell\u2019azienda come i celeberrimi Pasta del Capitano e Cera di Cupra.<\/p>\r\n\r\n<ul class=\"is-layout-flex wp-block-gallery-1 wp-block-gallery columns-1 is-cropped\">\r\n<li class=\"blocks-gallery-item\">\n    <figure>\n  <a href=\"https:\/\/newsroom.armandotesta.it\/\/wp-content\/uploads\/2019\/03\/215667-Timodore-07be13-original-1467119302.jpg\">\n    <img decoding=\"async\" src=\"https:\/\/newsroom.armandotesta.it\/\/wp-content\/uploads\/2019\/03\/215667-Timodore-07be13-original-1467119302.jpg\" \n        alt=\"\" \n      data-link=\"https:\/\/newsroom.armandotesta.it\/\/wp-content\/uploads\/2019\/03\/215667-Timodore-07be13-original-1467119302.jpg\" \n      class=\"td-modal-image\"\/>\n  <\/a>\n  <\/figure>\n <\/li><\/ul>\r\n\r\n","protected":false},"excerpt":{"rendered":"<p>La storica azienda farmaceutica affida l\u2019incarico per la gestione dei propri investimenti a Media Italia del Gruppo Armando Testa, e torna in comunicazione partendo da Timodore, brand che da oltre 50 anni si dedica con passione e attenzione alla cura, al benessere e alla deodorazione dei piedi.<\/p>\n","protected":false},"author":2,"featured_media":1377,"comment_status":"closed","ping_status":"open","sticky":false,"template":"","format":"standard","meta":{"_mi_skip_tracking":false},"tags":[],"yoast_head":"<!-- This site is optimized with the Yoast SEO plugin v20.2.1 - https:\/\/yoast.com\/wordpress\/plugins\/seo\/ -->\n<title>MEDIA ITALIA CQUISISCE IL MEDIA FARMACEUTICI DOTT. CICCARELLI - AT News Room<\/title>\n<meta name=\"robots\" content=\"index, follow, max-snippet:-1, max-image-preview:large, max-video-preview:-1\" \/>\n<link rel=\"canonical\" href=\"https:\/\/newsroom.armandotesta.it\/it\/media-italia-cquisisce-il-media-farmaceutici-dott-ciccarelli\/\" \/>\n<meta name=\"twitter:card\" content=\"summary_large_image\" \/>\n<meta name=\"twitter:title\" content=\"MEDIA ITALIA CQUISISCE IL MEDIA FARMACEUTICI DOTT. CICCARELLI - AT News Room\" \/>\n<meta name=\"twitter:description\" content=\"La storica azienda farmaceutica affida l\u2019incarico per la gestione dei propri investimenti a Media Italia del Gruppo Armando Testa, e torna in comunicazione partendo da Timodore, brand che da oltre 50 anni si dedica con passione e attenzione alla cura, al benessere e alla deodorazione dei piedi.\" \/>\n<meta name=\"twitter:image\" content=\"https:\/\/newsroom.armandotesta.it\/wp-content\/uploads\/2019\/03\/215667-Timodore-07be13-original-1467119302.jpg\" \/>\n<meta name=\"twitter:creator\" content=\"@ArmandoTestaSpA\" \/>\n<meta name=\"twitter:site\" content=\"@ArmandoTestaSpA\" \/>\n<meta name=\"twitter:label1\" content=\"Scritto da\" \/>\n\t<meta name=\"twitter:data1\" content=\"Andrea Vincenzi\" \/>\n\t<meta name=\"twitter:label2\" content=\"Tempo di lettura stimato\" \/>\n\t<meta name=\"twitter:data2\" content=\"1 minuto\" \/>\n<script type=\"application\/ld+json\" class=\"yoast-schema-graph\">{\"@context\":\"https:\/\/schema.org\",\"@graph\":[{\"@type\":\"WebPage\",\"@id\":\"https:\/\/newsroom.armandotesta.it\/it\/media-italia-cquisisce-il-media-farmaceutici-dott-ciccarelli\/\",\"url\":\"https:\/\/newsroom.armandotesta.it\/it\/media-italia-cquisisce-il-media-farmaceutici-dott-ciccarelli\/\",\"name\":\"MEDIA ITALIA CQUISISCE IL MEDIA FARMACEUTICI DOTT. CICCARELLI - AT News Room\",\"isPartOf\":{\"@id\":\"https:\/\/newsroom.armandotesta.it\/it\/#website\"},\"datePublished\":\"2016-06-22T11:00:00+00:00\",\"dateModified\":\"2019-03-14T11:27:48+00:00\",\"author\":{\"@id\":\"https:\/\/newsroom.armandotesta.it\/it\/#\/schema\/person\/097102a7d9da7e918db236bada3a1c5a\"},\"breadcrumb\":{\"@id\":\"https:\/\/newsroom.armandotesta.it\/it\/media-italia-cquisisce-il-media-farmaceutici-dott-ciccarelli\/#breadcrumb\"},\"inLanguage\":\"it-IT\",\"potentialAction\":[{\"@type\":\"ReadAction\",\"target\":[\"https:\/\/newsroom.armandotesta.it\/it\/media-italia-cquisisce-il-media-farmaceutici-dott-ciccarelli\/\"]}]},{\"@type\":\"BreadcrumbList\",\"@id\":\"https:\/\/newsroom.armandotesta.it\/it\/media-italia-cquisisce-il-media-farmaceutici-dott-ciccarelli\/#breadcrumb\",\"itemListElement\":[{\"@type\":\"ListItem\",\"position\":1,\"name\":\"Home\",\"item\":\"https:\/\/newsroom.armandotesta.it\/it\/\"},{\"@type\":\"ListItem\",\"position\":2,\"name\":\"MEDIA ITALIA CQUISISCE IL MEDIA FARMACEUTICI DOTT. CICCARELLI\"}]},{\"@type\":\"WebSite\",\"@id\":\"https:\/\/newsroom.armandotesta.it\/it\/#website\",\"url\":\"https:\/\/newsroom.armandotesta.it\/it\/\",\"name\":\"AT News Room\",\"description\":\"\",\"potentialAction\":[{\"@type\":\"SearchAction\",\"target\":{\"@type\":\"EntryPoint\",\"urlTemplate\":\"https:\/\/newsroom.armandotesta.it\/it\/?s={search_term_string}\"},\"query-input\":\"required name=search_term_string\"}],\"inLanguage\":\"it-IT\"},{\"@type\":\"Person\",\"@id\":\"https:\/\/newsroom.armandotesta.it\/it\/#\/schema\/person\/097102a7d9da7e918db236bada3a1c5a\",\"name\":\"Andrea Vincenzi\",\"image\":{\"@type\":\"ImageObject\",\"inLanguage\":\"it-IT\",\"@id\":\"https:\/\/newsroom.armandotesta.it\/it\/#\/schema\/person\/image\/\",\"url\":\"https:\/\/secure.gravatar.com\/avatar\/314572425b98ddd7b713352e3f07cfca?s=96&d=blank&r=g\",\"contentUrl\":\"https:\/\/secure.gravatar.com\/avatar\/314572425b98ddd7b713352e3f07cfca?s=96&d=blank&r=g\",\"caption\":\"Andrea Vincenzi\"},\"sameAs\":[\"https:\/\/twitter.com\/ArmandoTestaSpA\"],\"url\":\"https:\/\/newsroom.armandotesta.it\/it\/author\/avincenzi\/\"}]}<\/script>\n<!-- \/ Yoast SEO plugin. -->","yoast_head_json":{"title":"MEDIA ITALIA CQUISISCE IL MEDIA FARMACEUTICI DOTT. CICCARELLI - AT News Room","robots":{"index":"index","follow":"follow","max-snippet":"max-snippet:-1","max-image-preview":"max-image-preview:large","max-video-preview":"max-video-preview:-1"},"canonical":"https:\/\/newsroom.armandotesta.it\/it\/media-italia-cquisisce-il-media-farmaceutici-dott-ciccarelli\/","twitter_card":"summary_large_image","twitter_title":"MEDIA ITALIA CQUISISCE IL MEDIA FARMACEUTICI DOTT. CICCARELLI - AT News Room","twitter_description":"La storica azienda farmaceutica affida l\u2019incarico per la gestione dei propri investimenti a Media Italia del Gruppo Armando Testa, e torna in comunicazione partendo da Timodore, brand che da oltre 50 anni si dedica con passione e attenzione alla cura, al benessere e alla deodorazione dei piedi.","twitter_image":"https:\/\/newsroom.armandotesta.it\/wp-content\/uploads\/2019\/03\/215667-Timodore-07be13-original-1467119302.jpg","twitter_creator":"@ArmandoTestaSpA","twitter_site":"@ArmandoTestaSpA","twitter_misc":{"Scritto da":"Andrea Vincenzi","Tempo di lettura stimato":"1 minuto"},"schema":{"@context":"https:\/\/schema.org","@graph":[{"@type":"WebPage","@id":"https:\/\/newsroom.armandotesta.it\/it\/media-italia-cquisisce-il-media-farmaceutici-dott-ciccarelli\/","url":"https:\/\/newsroom.armandotesta.it\/it\/media-italia-cquisisce-il-media-farmaceutici-dott-ciccarelli\/","name":"MEDIA ITALIA CQUISISCE IL MEDIA FARMACEUTICI DOTT. CICCARELLI - AT News Room","isPartOf":{"@id":"https:\/\/newsroom.armandotesta.it\/it\/#website"},"datePublished":"2016-06-22T11:00:00+00:00","dateModified":"2019-03-14T11:27:48+00:00","author":{"@id":"https:\/\/newsroom.armandotesta.it\/it\/#\/schema\/person\/097102a7d9da7e918db236bada3a1c5a"},"breadcrumb":{"@id":"https:\/\/newsroom.armandotesta.it\/it\/media-italia-cquisisce-il-media-farmaceutici-dott-ciccarelli\/#breadcrumb"},"inLanguage":"it-IT","potentialAction":[{"@type":"ReadAction","target":["https:\/\/newsroom.armandotesta.it\/it\/media-italia-cquisisce-il-media-farmaceutici-dott-ciccarelli\/"]}]},{"@type":"BreadcrumbList","@id":"https:\/\/newsroom.armandotesta.it\/it\/media-italia-cquisisce-il-media-farmaceutici-dott-ciccarelli\/#breadcrumb","itemListElement":[{"@type":"ListItem","position":1,"name":"Home","item":"https:\/\/newsroom.armandotesta.it\/it\/"},{"@type":"ListItem","position":2,"name":"MEDIA ITALIA CQUISISCE IL MEDIA FARMACEUTICI DOTT. CICCARELLI"}]},{"@type":"WebSite","@id":"https:\/\/newsroom.armandotesta.it\/it\/#website","url":"https:\/\/newsroom.armandotesta.it\/it\/","name":"AT News Room","description":"","potentialAction":[{"@type":"SearchAction","target":{"@type":"EntryPoint","urlTemplate":"https:\/\/newsroom.armandotesta.it\/it\/?s={search_term_string}"},"query-input":"required name=search_term_string"}],"inLanguage":"it-IT"},{"@type":"Person","@id":"https:\/\/newsroom.armandotesta.it\/it\/#\/schema\/person\/097102a7d9da7e918db236bada3a1c5a","name":"Andrea Vincenzi","image":{"@type":"ImageObject","inLanguage":"it-IT","@id":"https:\/\/newsroom.armandotesta.it\/it\/#\/schema\/person\/image\/","url":"https:\/\/secure.gravatar.com\/avatar\/314572425b98ddd7b713352e3f07cfca?s=96&d=blank&r=g","contentUrl":"https:\/\/secure.gravatar.com\/avatar\/314572425b98ddd7b713352e3f07cfca?s=96&d=blank&r=g","caption":"Andrea Vincenzi"},"sameAs":["https:\/\/twitter.com\/ArmandoTestaSpA"],"url":"https:\/\/newsroom.armandotesta.it\/it\/author\/avincenzi\/"}]}},"_links":{"self":[{"href":"https:\/\/newsroom.armandotesta.it\/it\/wp-json\/wp\/v2\/posts\/1376\/"}],"collection":[{"href":"https:\/\/newsroom.armandotesta.it\/it\/wp-json\/wp\/v2\/posts\/"}],"about":[{"href":"https:\/\/newsroom.armandotesta.it\/it\/wp-json\/wp\/v2\/types\/post\/"}],"author":[{"embeddable":true,"href":"https:\/\/newsroom.armandotesta.it\/it\/wp-json\/wp\/v2\/users\/2\/"}],"replies":[{"embeddable":true,"href":"https:\/\/newsroom.armandotesta.it\/it\/wp-json\/wp\/v2\/comments\/?post=1376"}],"version-history":[{"count":1,"href":"https:\/\/newsroom.armandotesta.it\/it\/wp-json\/wp\/v2\/posts\/1376\/revisions\/"}],"predecessor-version":[{"id":2412,"href":"https:\/\/newsroom.armandotesta.it\/it\/wp-json\/wp\/v2\/posts\/1376\/revisions\/2412\/"}],"wp:featuredmedia":[{"embeddable":true,"href":"https:\/\/newsroom.armandotesta.it\/it\/wp-json\/wp\/v2\/media\/1377\/"}],"wp:attachment":[{"href":"https:\/\/newsroom.armandotesta.it\/it\/wp-json\/wp\/v2\/media\/?parent=1376"}],"wp:term":[{"taxonomy":"post_tag","embeddable":true,"href":"https:\/\/newsroom.armandotesta.it\/it\/wp-json\/wp\/v2\/tags\/?post=1376"}],"curies":[{"name":"wp","href":"https:\/\/api.w.org\/{rel}","templated":true}]}}