{"id":1570,"date":"2015-06-18T13:40:28","date_gmt":"2015-06-18T11:40:28","guid":{"rendered":"https:\/\/newsroom.armandotesta.it\/\/2015\/06\/18\/grande-successo-del-contest-youteach-limpegno-nella-scuola-di-armando-testa-e-tim\/"},"modified":"2019-03-14T12:29:47","modified_gmt":"2019-03-14T11:29:47","slug":"grande-successo-del-contest-youteach-limpegno-nella-scuola-di-armando-testa-e-tim","status":"publish","type":"post","link":"https:\/\/newsroom.armandotesta.it\/it\/grande-successo-del-contest-youteach-limpegno-nella-scuola-di-armando-testa-e-tim\/","title":{"rendered":"GRANDE SUCCESSO DEL CONTEST &#8220;YOUTEACH&#8221;: L&#8217;IMPEGNO NELLA SCUOLA DI ARMANDO TESTA E TIM."},"content":{"rendered":"<p>Si \u00e8 chiuso, con la fine della scuola, il contest <strong>YouTeach<\/strong>, il concorso di TIM dedicato ai giovani delle scuole superiori italiane. L\u2019iniziativa, sviluppata in collaborazione con il MIUR, si inquadra nelle attivit\u00e0 di Corporate Social Responsibility di TIM #ilfuturo\u00e8ditutti, un programma di interventi basati sulla creazione di valore condiviso con le comunit\u00e0 in cui l\u2019azienda opera.<\/p><p>Realizzato da <strong>TIM<\/strong> e <strong>Armando Testa<\/strong> con Ilaria Accornero e Daniela De Seta, sotto la direzione creativa di Dario Anania, Vincenzo Celli e Jacopo Morini, il contest ha voluto sensibilizzare i ragazzi sul lato positivo della rete. Agli studenti \u00e8 stato chiesto infatti di mettersi in cattedra al posto dei professori, per spiegare in un video che li ha visti protagonisti, come utilizzare al meglio i social media.<\/p><p>La risposta da parte delle scuole \u00e8 stata importante: 119 video creativi e divertenti hanno reso testimonianza della grande passione riservata da ragazzi e professori all\u2019iniziativa, segno di una scuola vivace e attenta alle iniziative di responsabilit\u00e0 sociale, capaci di valorizzare le energie positive delle nuove generazioni.<\/p><p>Tra i 96 video che rispondevano ai criteri di ammissione al contest, la giuria, composta da Nicola Conversa (Nirkiop), Marzia Calvano (MIUR), Anna Lanfrancone (Telecom Italia), Raffaele Panizza (giornalista) ha scelto quello della classe 2B dell\u2019IIS \u201cA. Volta\u201d di Francavilla al mare, liceo classico di Ortona, premiata di persona, con una candid camera a sorpresa, dalla \u201cwebstar&#8221; Nicola Conversa dei Nirkiop e dalla giuria al completo, in un evento condotto dalla \u201cIena\u201d Jacopo Morini e raccontato in un video online (casa di produzione Little Bull).<\/p>\r\n\r\n<ul class=\"is-layout-flex wp-block-gallery-1 wp-block-gallery columns-1 is-cropped\">\r\n<li class=\"blocks-gallery-item\">\n    <figure>\n  <a href=\"https:\/\/newsroom.armandotesta.it\/\/wp-content\/uploads\/2019\/03\/171079-g_youteach_premiazione_a_sorpresa_ad_ortona-319cd9-original-1434634771.jpg\">\n <img decoding=\"async\" src=\"https:\/\/newsroom.armandotesta.it\/\/wp-content\/uploads\/2019\/03\/171079-g_youteach_premiazione_a_sorpresa_ad_ortona-319cd9-original-1434634771.jpg\" \n         alt=\"\" \n      data-link=\"https:\/\/newsroom.armandotesta.it\/\/wp-content\/uploads\/2019\/03\/171079-g_youteach_premiazione_a_sorpresa_ad_ortona-319cd9-original-1434634771.jpg\" \n       class=\"td-modal-image\"\/>\n  <\/a>\n  <\/figure>\n <\/li><li class=\"blocks-gallery-item\">\n <figure>\n  <a href=\"https:\/\/newsroom.armandotesta.it\/\/wp-content\/uploads\/2019\/03\/171078-a_youteach_premiazione_a_sorpresa_ad_ortona-fa6398-original-1434634767.jpg\">\n <img decoding=\"async\" src=\"https:\/\/newsroom.armandotesta.it\/\/wp-content\/uploads\/2019\/03\/171078-a_youteach_premiazione_a_sorpresa_ad_ortona-fa6398-original-1434634767.jpg\" \n         alt=\"\" \n      data-link=\"https:\/\/newsroom.armandotesta.it\/\/wp-content\/uploads\/2019\/03\/171078-a_youteach_premiazione_a_sorpresa_ad_ortona-fa6398-original-1434634767.jpg\" \n       class=\"td-modal-image\"\/>\n  <\/a>\n  <\/figure>\n <\/li><\/ul>\r\n\r\n\n<figure class=\"wp-block-embed-youtube wp-block-embed is-type-video is-provider-youtube wp-embed-aspect-16-9 wp-has-aspect-ratio\"><div class=\"wp-block-embed__wrapper\">\n<iframe loading=\"lazy\" width=\"696\" height=\"392\" src=\"https:\/\/www.youtube.com\/embed\/BFbVy-f43fc?feature=oembed\" frameborder=\"0\" allow=\"accelerometer; autoplay; encrypted-media; gyroscope; picture-in-picture\" allowfullscreen><\/iframe>\n<\/div>\n<\/figure>\n","protected":false},"excerpt":{"rendered":"<p>Si \u00e8 chiuso, con la fine della scuola, il contest YouTeach, il concorso di TIM dedicato ai giovani delle scuole superiori italiane. L\u2019iniziativa, sviluppata in collaborazione con il MIUR, si inquadra nelle attivit\u00e0 di Corporate Social Responsibility di TIM #ilfuturo\u00e8ditutti, un programma di interventi basati sulla creazione di valore condiviso con le comunit\u00e0 in cui [&hellip;]<\/p>\n","protected":false},"author":2,"featured_media":1571,"comment_status":"closed","ping_status":"open","sticky":false,"template":"","format":"standard","meta":{"_mi_skip_tracking":false},"tags":[],"yoast_head":"<!-- This site is optimized with the Yoast SEO plugin v20.2.1 - https:\/\/yoast.com\/wordpress\/plugins\/seo\/ -->\n<title>GRANDE SUCCESSO DEL CONTEST &quot;YOUTEACH&quot;: L&#039;IMPEGNO NELLA SCUOLA DI ARMANDO TESTA E TIM. - AT News Room<\/title>\n<meta name=\"robots\" content=\"index, follow, max-snippet:-1, max-image-preview:large, max-video-preview:-1\" \/>\n<link rel=\"canonical\" href=\"https:\/\/newsroom.armandotesta.it\/it\/grande-successo-del-contest-youteach-limpegno-nella-scuola-di-armando-testa-e-tim\/\" \/>\n<meta name=\"twitter:card\" content=\"summary_large_image\" \/>\n<meta name=\"twitter:title\" content=\"GRANDE SUCCESSO DEL CONTEST &quot;YOUTEACH&quot;: L&#039;IMPEGNO NELLA SCUOLA DI ARMANDO TESTA E TIM. - AT News Room\" \/>\n<meta name=\"twitter:description\" content=\"Si \u00e8 chiuso, con la fine della scuola, il contest YouTeach, il concorso di TIM dedicato ai giovani delle scuole superiori italiane. L\u2019iniziativa, sviluppata in collaborazione con il MIUR, si inquadra nelle attivit\u00e0 di Corporate Social Responsibility di TIM #ilfuturo\u00e8ditutti, un programma di interventi basati sulla creazione di valore condiviso con le comunit\u00e0 in cui [&hellip;]\" \/>\n<meta name=\"twitter:image\" content=\"https:\/\/newsroom.armandotesta.it\/wp-content\/uploads\/2019\/03\/171014-youteach_premiazione_a_sorpresa_ad_ortona-26150e-original-1434622266.jpg\" \/>\n<meta name=\"twitter:creator\" content=\"@ArmandoTestaSpA\" \/>\n<meta name=\"twitter:site\" content=\"@ArmandoTestaSpA\" \/>\n<meta name=\"twitter:label1\" content=\"Scritto da\" \/>\n\t<meta name=\"twitter:data1\" content=\"Andrea Vincenzi\" \/>\n\t<meta name=\"twitter:label2\" content=\"Tempo di lettura stimato\" \/>\n\t<meta name=\"twitter:data2\" content=\"1 minuto\" \/>\n<script type=\"application\/ld+json\" class=\"yoast-schema-graph\">{\"@context\":\"https:\/\/schema.org\",\"@graph\":[{\"@type\":\"WebPage\",\"@id\":\"https:\/\/newsroom.armandotesta.it\/it\/grande-successo-del-contest-youteach-limpegno-nella-scuola-di-armando-testa-e-tim\/\",\"url\":\"https:\/\/newsroom.armandotesta.it\/it\/grande-successo-del-contest-youteach-limpegno-nella-scuola-di-armando-testa-e-tim\/\",\"name\":\"GRANDE SUCCESSO DEL CONTEST \\\"YOUTEACH\\\": L'IMPEGNO NELLA SCUOLA DI ARMANDO TESTA E TIM. - AT News Room\",\"isPartOf\":{\"@id\":\"https:\/\/newsroom.armandotesta.it\/it\/#website\"},\"datePublished\":\"2015-06-18T11:40:28+00:00\",\"dateModified\":\"2019-03-14T11:29:47+00:00\",\"author\":{\"@id\":\"https:\/\/newsroom.armandotesta.it\/it\/#\/schema\/person\/097102a7d9da7e918db236bada3a1c5a\"},\"breadcrumb\":{\"@id\":\"https:\/\/newsroom.armandotesta.it\/it\/grande-successo-del-contest-youteach-limpegno-nella-scuola-di-armando-testa-e-tim\/#breadcrumb\"},\"inLanguage\":\"it-IT\",\"potentialAction\":[{\"@type\":\"ReadAction\",\"target\":[\"https:\/\/newsroom.armandotesta.it\/it\/grande-successo-del-contest-youteach-limpegno-nella-scuola-di-armando-testa-e-tim\/\"]}]},{\"@type\":\"BreadcrumbList\",\"@id\":\"https:\/\/newsroom.armandotesta.it\/it\/grande-successo-del-contest-youteach-limpegno-nella-scuola-di-armando-testa-e-tim\/#breadcrumb\",\"itemListElement\":[{\"@type\":\"ListItem\",\"position\":1,\"name\":\"Home\",\"item\":\"https:\/\/newsroom.armandotesta.it\/it\/\"},{\"@type\":\"ListItem\",\"position\":2,\"name\":\"GRANDE SUCCESSO DEL CONTEST &#8220;YOUTEACH&#8221;: L&#8217;IMPEGNO NELLA SCUOLA DI ARMANDO TESTA E TIM.\"}]},{\"@type\":\"WebSite\",\"@id\":\"https:\/\/newsroom.armandotesta.it\/it\/#website\",\"url\":\"https:\/\/newsroom.armandotesta.it\/it\/\",\"name\":\"AT News Room\",\"description\":\"\",\"potentialAction\":[{\"@type\":\"SearchAction\",\"target\":{\"@type\":\"EntryPoint\",\"urlTemplate\":\"https:\/\/newsroom.armandotesta.it\/it\/?s={search_term_string}\"},\"query-input\":\"required name=search_term_string\"}],\"inLanguage\":\"it-IT\"},{\"@type\":\"Person\",\"@id\":\"https:\/\/newsroom.armandotesta.it\/it\/#\/schema\/person\/097102a7d9da7e918db236bada3a1c5a\",\"name\":\"Andrea Vincenzi\",\"image\":{\"@type\":\"ImageObject\",\"inLanguage\":\"it-IT\",\"@id\":\"https:\/\/newsroom.armandotesta.it\/it\/#\/schema\/person\/image\/\",\"url\":\"https:\/\/secure.gravatar.com\/avatar\/314572425b98ddd7b713352e3f07cfca?s=96&d=blank&r=g\",\"contentUrl\":\"https:\/\/secure.gravatar.com\/avatar\/314572425b98ddd7b713352e3f07cfca?s=96&d=blank&r=g\",\"caption\":\"Andrea Vincenzi\"},\"sameAs\":[\"https:\/\/twitter.com\/ArmandoTestaSpA\"],\"url\":\"https:\/\/newsroom.armandotesta.it\/it\/author\/avincenzi\/\"}]}<\/script>\n<!-- \/ Yoast SEO plugin. -->","yoast_head_json":{"title":"GRANDE SUCCESSO DEL CONTEST \"YOUTEACH\": L'IMPEGNO NELLA SCUOLA DI ARMANDO TESTA E TIM. - AT News Room","robots":{"index":"index","follow":"follow","max-snippet":"max-snippet:-1","max-image-preview":"max-image-preview:large","max-video-preview":"max-video-preview:-1"},"canonical":"https:\/\/newsroom.armandotesta.it\/it\/grande-successo-del-contest-youteach-limpegno-nella-scuola-di-armando-testa-e-tim\/","twitter_card":"summary_large_image","twitter_title":"GRANDE SUCCESSO DEL CONTEST \"YOUTEACH\": L'IMPEGNO NELLA SCUOLA DI ARMANDO TESTA E TIM. - AT News Room","twitter_description":"Si \u00e8 chiuso, con la fine della scuola, il contest YouTeach, il concorso di TIM dedicato ai giovani delle scuole superiori italiane. L\u2019iniziativa, sviluppata in collaborazione con il MIUR, si inquadra nelle attivit\u00e0 di Corporate Social Responsibility di TIM #ilfuturo\u00e8ditutti, un programma di interventi basati sulla creazione di valore condiviso con le comunit\u00e0 in cui [&hellip;]","twitter_image":"https:\/\/newsroom.armandotesta.it\/wp-content\/uploads\/2019\/03\/171014-youteach_premiazione_a_sorpresa_ad_ortona-26150e-original-1434622266.jpg","twitter_creator":"@ArmandoTestaSpA","twitter_site":"@ArmandoTestaSpA","twitter_misc":{"Scritto da":"Andrea Vincenzi","Tempo di lettura stimato":"1 minuto"},"schema":{"@context":"https:\/\/schema.org","@graph":[{"@type":"WebPage","@id":"https:\/\/newsroom.armandotesta.it\/it\/grande-successo-del-contest-youteach-limpegno-nella-scuola-di-armando-testa-e-tim\/","url":"https:\/\/newsroom.armandotesta.it\/it\/grande-successo-del-contest-youteach-limpegno-nella-scuola-di-armando-testa-e-tim\/","name":"GRANDE SUCCESSO DEL CONTEST \"YOUTEACH\": L'IMPEGNO NELLA SCUOLA DI ARMANDO TESTA E TIM. - AT News Room","isPartOf":{"@id":"https:\/\/newsroom.armandotesta.it\/it\/#website"},"datePublished":"2015-06-18T11:40:28+00:00","dateModified":"2019-03-14T11:29:47+00:00","author":{"@id":"https:\/\/newsroom.armandotesta.it\/it\/#\/schema\/person\/097102a7d9da7e918db236bada3a1c5a"},"breadcrumb":{"@id":"https:\/\/newsroom.armandotesta.it\/it\/grande-successo-del-contest-youteach-limpegno-nella-scuola-di-armando-testa-e-tim\/#breadcrumb"},"inLanguage":"it-IT","potentialAction":[{"@type":"ReadAction","target":["https:\/\/newsroom.armandotesta.it\/it\/grande-successo-del-contest-youteach-limpegno-nella-scuola-di-armando-testa-e-tim\/"]}]},{"@type":"BreadcrumbList","@id":"https:\/\/newsroom.armandotesta.it\/it\/grande-successo-del-contest-youteach-limpegno-nella-scuola-di-armando-testa-e-tim\/#breadcrumb","itemListElement":[{"@type":"ListItem","position":1,"name":"Home","item":"https:\/\/newsroom.armandotesta.it\/it\/"},{"@type":"ListItem","position":2,"name":"GRANDE SUCCESSO DEL CONTEST &#8220;YOUTEACH&#8221;: L&#8217;IMPEGNO NELLA SCUOLA DI ARMANDO TESTA E TIM."}]},{"@type":"WebSite","@id":"https:\/\/newsroom.armandotesta.it\/it\/#website","url":"https:\/\/newsroom.armandotesta.it\/it\/","name":"AT News Room","description":"","potentialAction":[{"@type":"SearchAction","target":{"@type":"EntryPoint","urlTemplate":"https:\/\/newsroom.armandotesta.it\/it\/?s={search_term_string}"},"query-input":"required name=search_term_string"}],"inLanguage":"it-IT"},{"@type":"Person","@id":"https:\/\/newsroom.armandotesta.it\/it\/#\/schema\/person\/097102a7d9da7e918db236bada3a1c5a","name":"Andrea Vincenzi","image":{"@type":"ImageObject","inLanguage":"it-IT","@id":"https:\/\/newsroom.armandotesta.it\/it\/#\/schema\/person\/image\/","url":"https:\/\/secure.gravatar.com\/avatar\/314572425b98ddd7b713352e3f07cfca?s=96&d=blank&r=g","contentUrl":"https:\/\/secure.gravatar.com\/avatar\/314572425b98ddd7b713352e3f07cfca?s=96&d=blank&r=g","caption":"Andrea Vincenzi"},"sameAs":["https:\/\/twitter.com\/ArmandoTestaSpA"],"url":"https:\/\/newsroom.armandotesta.it\/it\/author\/avincenzi\/"}]}},"_links":{"self":[{"href":"https:\/\/newsroom.armandotesta.it\/it\/wp-json\/wp\/v2\/posts\/1570\/"}],"collection":[{"href":"https:\/\/newsroom.armandotesta.it\/it\/wp-json\/wp\/v2\/posts\/"}],"about":[{"href":"https:\/\/newsroom.armandotesta.it\/it\/wp-json\/wp\/v2\/types\/post\/"}],"author":[{"embeddable":true,"href":"https:\/\/newsroom.armandotesta.it\/it\/wp-json\/wp\/v2\/users\/2\/"}],"replies":[{"embeddable":true,"href":"https:\/\/newsroom.armandotesta.it\/it\/wp-json\/wp\/v2\/comments\/?post=1570"}],"version-history":[{"count":1,"href":"https:\/\/newsroom.armandotesta.it\/it\/wp-json\/wp\/v2\/posts\/1570\/revisions\/"}],"predecessor-version":[{"id":2460,"href":"https:\/\/newsroom.armandotesta.it\/it\/wp-json\/wp\/v2\/posts\/1570\/revisions\/2460\/"}],"wp:featuredmedia":[{"embeddable":true,"href":"https:\/\/newsroom.armandotesta.it\/it\/wp-json\/wp\/v2\/media\/1571\/"}],"wp:attachment":[{"href":"https:\/\/newsroom.armandotesta.it\/it\/wp-json\/wp\/v2\/media\/?parent=1570"}],"wp:term":[{"taxonomy":"post_tag","embeddable":true,"href":"https:\/\/newsroom.armandotesta.it\/it\/wp-json\/wp\/v2\/tags\/?post=1570"}],"curies":[{"name":"wp","href":"https:\/\/api.w.org\/{rel}","templated":true}]}}