{"id":1836,"date":"2014-07-31T10:30:47","date_gmt":"2014-07-31T08:30:47","guid":{"rendered":"https:\/\/newsroom.armandotesta.it\/\/2014\/07\/31\/ripartiamo-dalle-idee-armando-testa-offre-la-creativita-alle-start-up-italiane\/"},"modified":"2019-03-14T12:32:13","modified_gmt":"2019-03-14T11:32:13","slug":"ripartiamo-dalle-idee-armando-testa-offre-la-creativita-alle-start-up-italiane","status":"publish","type":"post","link":"https:\/\/newsroom.armandotesta.it\/it\/ripartiamo-dalle-idee-armando-testa-offre-la-creativita-alle-start-up-italiane\/","title":{"rendered":"RIPARTIAMO DALLE IDEE: ARMANDO TESTA OFFRE LA CREATIVIT\u00c0 ALLE START UP ITALIANE."},"content":{"rendered":"<p>Armando Testa ha realizzato il percorso gratuito di comunicazione a supporto di <a href=\"http:\/\/wanderio.com\/\">Wanderio.com<\/a>, applicazione web che si propone come referente unico per creare il proprio itinerario di viaggio.<\/p><p>La campagna \u00e8 on air il 31 luglio, 1 e 2 agosto, gli spazi on-line e cartacei sono stati messi a disposizione dal Corriere della Sera.<\/p><p><a href=\"http:\/\/wanderio.com\/\">Wanderio.com<\/a> consente di confrontare le diverse possibili soluzioni, personalizzarle in base al prezzo, alla durata del viaggio o alle emissioni di CO2 e infine prenotare l\u2019intero tragitto, comprensivo di voli, treni, traghetti e servizi di collegamento quali taxi, bus e navette.<\/p><p>Si trattava di spiegare la variet\u00e0 dei mezzi di trasporto messi a disposizione dal portale, agevolarne la memorabilit\u00e0 e spiegare il servizio innovativo offerto ad un pubblico pi\u00f9 vasto.<\/p><p>L\u2019agenzia Armando Testa ha dunque pensato di elaborare in 3D il logo Wanderio utilizzando diversi tipi di strade, da viali alberati alle rotaie, dalla pista dell\u2019aeroporto ai percorsi marittimi. Chiude il concetto: Tutte le strade passano da <a href=\"http:\/\/wanderio.com\/\">Wanderio.com<\/a>.<\/p><p>Direzione Creativa di Dario Anania e Vincenzo Celli, copy Gian Armando Testa, art Dario D\u2019Angelo, 3D artist: Matteo Tranchellini.<\/p>\r\n\r\n<ul class=\"is-layout-flex wp-block-gallery-1 wp-block-gallery columns-1 is-cropped\">\r\n<li class=\"blocks-gallery-item\">\n <figure>\n  <a href=\"https:\/\/newsroom.armandotesta.it\/\/wp-content\/uploads\/2019\/03\/136962-Wanderio-d1493d-original-1406801513.jpg\">\n    <img decoding=\"async\" src=\"https:\/\/newsroom.armandotesta.it\/\/wp-content\/uploads\/2019\/03\/136962-Wanderio-d1493d-original-1406801513.jpg\" \n        alt=\"\" \n      data-link=\"https:\/\/newsroom.armandotesta.it\/\/wp-content\/uploads\/2019\/03\/136962-Wanderio-d1493d-original-1406801513.jpg\" \n      class=\"td-modal-image\"\/>\n  <\/a>\n  <\/figure>\n <\/li><\/ul>\r\n\r\n","protected":false},"excerpt":{"rendered":"<p>Armando Testa ha realizzato il percorso gratuito di comunicazione a supporto di Wanderio.com, applicazione web che si propone come referente unico per creare il proprio itinerario di viaggio. La campagna \u00e8 on air il 31 luglio, 1 e 2 agosto, gli spazi on-line e cartacei sono stati messi a disposizione dal Corriere della Sera. Wanderio.com [&hellip;]<\/p>\n","protected":false},"author":2,"featured_media":1837,"comment_status":"closed","ping_status":"open","sticky":false,"template":"","format":"standard","meta":{"_mi_skip_tracking":false},"tags":[],"yoast_head":"<!-- This site is optimized with the Yoast SEO plugin v20.2.1 - https:\/\/yoast.com\/wordpress\/plugins\/seo\/ -->\n<title>RIPARTIAMO DALLE IDEE: ARMANDO TESTA OFFRE LA CREATIVIT\u00c0 ALLE START UP ITALIANE. - AT News Room<\/title>\n<meta name=\"robots\" content=\"index, follow, max-snippet:-1, max-image-preview:large, max-video-preview:-1\" \/>\n<link rel=\"canonical\" href=\"https:\/\/newsroom.armandotesta.it\/it\/ripartiamo-dalle-idee-armando-testa-offre-la-creativita-alle-start-up-italiane\/\" \/>\n<meta name=\"twitter:card\" content=\"summary_large_image\" \/>\n<meta name=\"twitter:title\" content=\"RIPARTIAMO DALLE IDEE: ARMANDO TESTA OFFRE LA CREATIVIT\u00c0 ALLE START UP ITALIANE. - AT News Room\" \/>\n<meta name=\"twitter:description\" content=\"Armando Testa ha realizzato il percorso gratuito di comunicazione a supporto di Wanderio.com, applicazione web che si propone come referente unico per creare il proprio itinerario di viaggio. La campagna \u00e8 on air il 31 luglio, 1 e 2 agosto, gli spazi on-line e cartacei sono stati messi a disposizione dal Corriere della Sera. Wanderio.com [&hellip;]\" \/>\n<meta name=\"twitter:image\" content=\"https:\/\/newsroom.armandotesta.it\/wp-content\/uploads\/2019\/03\/136962-Wanderio-d1493d-original-1406801513.jpg\" \/>\n<meta name=\"twitter:creator\" content=\"@ArmandoTestaSpA\" \/>\n<meta name=\"twitter:site\" content=\"@ArmandoTestaSpA\" \/>\n<meta name=\"twitter:label1\" content=\"Scritto da\" \/>\n\t<meta name=\"twitter:data1\" content=\"Andrea Vincenzi\" \/>\n\t<meta name=\"twitter:label2\" content=\"Tempo di lettura stimato\" \/>\n\t<meta name=\"twitter:data2\" content=\"1 minuto\" \/>\n<script type=\"application\/ld+json\" class=\"yoast-schema-graph\">{\"@context\":\"https:\/\/schema.org\",\"@graph\":[{\"@type\":\"WebPage\",\"@id\":\"https:\/\/newsroom.armandotesta.it\/it\/ripartiamo-dalle-idee-armando-testa-offre-la-creativita-alle-start-up-italiane\/\",\"url\":\"https:\/\/newsroom.armandotesta.it\/it\/ripartiamo-dalle-idee-armando-testa-offre-la-creativita-alle-start-up-italiane\/\",\"name\":\"RIPARTIAMO DALLE IDEE: ARMANDO TESTA OFFRE LA CREATIVIT\u00c0 ALLE START UP ITALIANE. - AT News Room\",\"isPartOf\":{\"@id\":\"https:\/\/newsroom.armandotesta.it\/it\/#website\"},\"datePublished\":\"2014-07-31T08:30:47+00:00\",\"dateModified\":\"2019-03-14T11:32:13+00:00\",\"author\":{\"@id\":\"https:\/\/newsroom.armandotesta.it\/it\/#\/schema\/person\/097102a7d9da7e918db236bada3a1c5a\"},\"breadcrumb\":{\"@id\":\"https:\/\/newsroom.armandotesta.it\/it\/ripartiamo-dalle-idee-armando-testa-offre-la-creativita-alle-start-up-italiane\/#breadcrumb\"},\"inLanguage\":\"it-IT\",\"potentialAction\":[{\"@type\":\"ReadAction\",\"target\":[\"https:\/\/newsroom.armandotesta.it\/it\/ripartiamo-dalle-idee-armando-testa-offre-la-creativita-alle-start-up-italiane\/\"]}]},{\"@type\":\"BreadcrumbList\",\"@id\":\"https:\/\/newsroom.armandotesta.it\/it\/ripartiamo-dalle-idee-armando-testa-offre-la-creativita-alle-start-up-italiane\/#breadcrumb\",\"itemListElement\":[{\"@type\":\"ListItem\",\"position\":1,\"name\":\"Home\",\"item\":\"https:\/\/newsroom.armandotesta.it\/it\/\"},{\"@type\":\"ListItem\",\"position\":2,\"name\":\"RIPARTIAMO DALLE IDEE: ARMANDO TESTA OFFRE LA CREATIVIT\u00c0 ALLE START UP ITALIANE.\"}]},{\"@type\":\"WebSite\",\"@id\":\"https:\/\/newsroom.armandotesta.it\/it\/#website\",\"url\":\"https:\/\/newsroom.armandotesta.it\/it\/\",\"name\":\"AT News Room\",\"description\":\"\",\"potentialAction\":[{\"@type\":\"SearchAction\",\"target\":{\"@type\":\"EntryPoint\",\"urlTemplate\":\"https:\/\/newsroom.armandotesta.it\/it\/?s={search_term_string}\"},\"query-input\":\"required name=search_term_string\"}],\"inLanguage\":\"it-IT\"},{\"@type\":\"Person\",\"@id\":\"https:\/\/newsroom.armandotesta.it\/it\/#\/schema\/person\/097102a7d9da7e918db236bada3a1c5a\",\"name\":\"Andrea Vincenzi\",\"image\":{\"@type\":\"ImageObject\",\"inLanguage\":\"it-IT\",\"@id\":\"https:\/\/newsroom.armandotesta.it\/it\/#\/schema\/person\/image\/\",\"url\":\"https:\/\/secure.gravatar.com\/avatar\/314572425b98ddd7b713352e3f07cfca?s=96&d=blank&r=g\",\"contentUrl\":\"https:\/\/secure.gravatar.com\/avatar\/314572425b98ddd7b713352e3f07cfca?s=96&d=blank&r=g\",\"caption\":\"Andrea Vincenzi\"},\"sameAs\":[\"https:\/\/twitter.com\/ArmandoTestaSpA\"],\"url\":\"https:\/\/newsroom.armandotesta.it\/it\/author\/avincenzi\/\"}]}<\/script>\n<!-- \/ Yoast SEO plugin. -->","yoast_head_json":{"title":"RIPARTIAMO DALLE IDEE: ARMANDO TESTA OFFRE LA CREATIVIT\u00c0 ALLE START UP ITALIANE. - AT News Room","robots":{"index":"index","follow":"follow","max-snippet":"max-snippet:-1","max-image-preview":"max-image-preview:large","max-video-preview":"max-video-preview:-1"},"canonical":"https:\/\/newsroom.armandotesta.it\/it\/ripartiamo-dalle-idee-armando-testa-offre-la-creativita-alle-start-up-italiane\/","twitter_card":"summary_large_image","twitter_title":"RIPARTIAMO DALLE IDEE: ARMANDO TESTA OFFRE LA CREATIVIT\u00c0 ALLE START UP ITALIANE. - AT News Room","twitter_description":"Armando Testa ha realizzato il percorso gratuito di comunicazione a supporto di Wanderio.com, applicazione web che si propone come referente unico per creare il proprio itinerario di viaggio. La campagna \u00e8 on air il 31 luglio, 1 e 2 agosto, gli spazi on-line e cartacei sono stati messi a disposizione dal Corriere della Sera. Wanderio.com [&hellip;]","twitter_image":"https:\/\/newsroom.armandotesta.it\/wp-content\/uploads\/2019\/03\/136962-Wanderio-d1493d-original-1406801513.jpg","twitter_creator":"@ArmandoTestaSpA","twitter_site":"@ArmandoTestaSpA","twitter_misc":{"Scritto da":"Andrea Vincenzi","Tempo di lettura stimato":"1 minuto"},"schema":{"@context":"https:\/\/schema.org","@graph":[{"@type":"WebPage","@id":"https:\/\/newsroom.armandotesta.it\/it\/ripartiamo-dalle-idee-armando-testa-offre-la-creativita-alle-start-up-italiane\/","url":"https:\/\/newsroom.armandotesta.it\/it\/ripartiamo-dalle-idee-armando-testa-offre-la-creativita-alle-start-up-italiane\/","name":"RIPARTIAMO DALLE IDEE: ARMANDO TESTA OFFRE LA CREATIVIT\u00c0 ALLE START UP ITALIANE. - AT News Room","isPartOf":{"@id":"https:\/\/newsroom.armandotesta.it\/it\/#website"},"datePublished":"2014-07-31T08:30:47+00:00","dateModified":"2019-03-14T11:32:13+00:00","author":{"@id":"https:\/\/newsroom.armandotesta.it\/it\/#\/schema\/person\/097102a7d9da7e918db236bada3a1c5a"},"breadcrumb":{"@id":"https:\/\/newsroom.armandotesta.it\/it\/ripartiamo-dalle-idee-armando-testa-offre-la-creativita-alle-start-up-italiane\/#breadcrumb"},"inLanguage":"it-IT","potentialAction":[{"@type":"ReadAction","target":["https:\/\/newsroom.armandotesta.it\/it\/ripartiamo-dalle-idee-armando-testa-offre-la-creativita-alle-start-up-italiane\/"]}]},{"@type":"BreadcrumbList","@id":"https:\/\/newsroom.armandotesta.it\/it\/ripartiamo-dalle-idee-armando-testa-offre-la-creativita-alle-start-up-italiane\/#breadcrumb","itemListElement":[{"@type":"ListItem","position":1,"name":"Home","item":"https:\/\/newsroom.armandotesta.it\/it\/"},{"@type":"ListItem","position":2,"name":"RIPARTIAMO DALLE IDEE: ARMANDO TESTA OFFRE LA CREATIVIT\u00c0 ALLE START UP ITALIANE."}]},{"@type":"WebSite","@id":"https:\/\/newsroom.armandotesta.it\/it\/#website","url":"https:\/\/newsroom.armandotesta.it\/it\/","name":"AT News Room","description":"","potentialAction":[{"@type":"SearchAction","target":{"@type":"EntryPoint","urlTemplate":"https:\/\/newsroom.armandotesta.it\/it\/?s={search_term_string}"},"query-input":"required name=search_term_string"}],"inLanguage":"it-IT"},{"@type":"Person","@id":"https:\/\/newsroom.armandotesta.it\/it\/#\/schema\/person\/097102a7d9da7e918db236bada3a1c5a","name":"Andrea Vincenzi","image":{"@type":"ImageObject","inLanguage":"it-IT","@id":"https:\/\/newsroom.armandotesta.it\/it\/#\/schema\/person\/image\/","url":"https:\/\/secure.gravatar.com\/avatar\/314572425b98ddd7b713352e3f07cfca?s=96&d=blank&r=g","contentUrl":"https:\/\/secure.gravatar.com\/avatar\/314572425b98ddd7b713352e3f07cfca?s=96&d=blank&r=g","caption":"Andrea Vincenzi"},"sameAs":["https:\/\/twitter.com\/ArmandoTestaSpA"],"url":"https:\/\/newsroom.armandotesta.it\/it\/author\/avincenzi\/"}]}},"_links":{"self":[{"href":"https:\/\/newsroom.armandotesta.it\/it\/wp-json\/wp\/v2\/posts\/1836\/"}],"collection":[{"href":"https:\/\/newsroom.armandotesta.it\/it\/wp-json\/wp\/v2\/posts\/"}],"about":[{"href":"https:\/\/newsroom.armandotesta.it\/it\/wp-json\/wp\/v2\/types\/post\/"}],"author":[{"embeddable":true,"href":"https:\/\/newsroom.armandotesta.it\/it\/wp-json\/wp\/v2\/users\/2\/"}],"replies":[{"embeddable":true,"href":"https:\/\/newsroom.armandotesta.it\/it\/wp-json\/wp\/v2\/comments\/?post=1836"}],"version-history":[{"count":1,"href":"https:\/\/newsroom.armandotesta.it\/it\/wp-json\/wp\/v2\/posts\/1836\/revisions\/"}],"predecessor-version":[{"id":2517,"href":"https:\/\/newsroom.armandotesta.it\/it\/wp-json\/wp\/v2\/posts\/1836\/revisions\/2517\/"}],"wp:featuredmedia":[{"embeddable":true,"href":"https:\/\/newsroom.armandotesta.it\/it\/wp-json\/wp\/v2\/media\/1837\/"}],"wp:attachment":[{"href":"https:\/\/newsroom.armandotesta.it\/it\/wp-json\/wp\/v2\/media\/?parent=1836"}],"wp:term":[{"taxonomy":"post_tag","embeddable":true,"href":"https:\/\/newsroom.armandotesta.it\/it\/wp-json\/wp\/v2\/tags\/?post=1836"}],"curies":[{"name":"wp","href":"https:\/\/api.w.org\/{rel}","templated":true}]}}