{"id":1929,"date":"2014-04-16T09:35:49","date_gmt":"2014-04-16T07:35:49","guid":{"rendered":"https:\/\/newsroom.armandotesta.it\/\/2014\/04\/16\/conbipel-e-armando-testa-raccontano-la-nostra-voglia-di-stare-insieme\/"},"modified":"2019-03-14T12:33:09","modified_gmt":"2019-03-14T11:33:09","slug":"conbipel-e-armando-testa-raccontano-la-nostra-voglia-di-stare-insieme","status":"publish","type":"post","link":"https:\/\/newsroom.armandotesta.it\/it\/conbipel-e-armando-testa-raccontano-la-nostra-voglia-di-stare-insieme\/","title":{"rendered":"CONBIPEL E ARMANDO TESTA RACCONTANO LA NOSTRA VOGLIA DI STARE INSIEME."},"content":{"rendered":"<p>In occasione dell\u2019uscita delle nuove collezioni primavera\/estate Conbipel inaugura un nuovo format di comunicazione. Un nuovo concept e un nuovo linguaggio studiati dall\u2019agenzia Armando Testa, per diffondere i valori del Club Conbipel: uno speciale programma fedelt\u00e0 che permette a tutti gli iscritti di godere di vantaggi e sconti esclusivi.<\/p><p>Il key visual della campagna primavera \u00e8 una lunghissima panchina colorata, intorno alla quale interagisce un gruppo di modelli. Questa panchina \u00e8 idealmente la pi\u00f9 lunga d\u2019Italia perch\u00e9 nel Con Te Club Conbipel c\u2019\u00e8 posto per tutti. Ad oggi ci sono gi\u00e0 oltre 2 milioni di iscritti.<\/p><p>Per l\u2019estate i valori del Club vengono invece trasmessi attraverso una serie di scatti che rappresentano la \u201cpasseggiata pi\u00f9 lunga d\u2019Italia\u201d. Un percorso che parte dalle Cinque Terre, passa per Capri e arriva fino alle Isole Eolie. Questo nuovo format di comunicazione riconferma ancora una volta la volont\u00e0 del brand di essere vicino all\u2019Italia e alle esigenze degli italiani. Le immagini raccontano infatti un paese che ha voglia di stare insieme e di condividere. La campagna \u00e8 stata declinata su web e vetrine.<\/p><p>La direzione creativa esecutiva \u00e8 di Michele Mariani, Art: Michela Repellino, Copy: Anna Ponti. Fotografie di Daniele Rossi.<\/p>\r\n\r\n<ul class=\"is-layout-flex wp-block-gallery-1 wp-block-gallery columns-1 is-cropped\">\r\n<li class=\"blocks-gallery-item\">\n  <figure>\n  <a href=\"https:\/\/newsroom.armandotesta.it\/\/wp-content\/uploads\/2019\/03\/128063-7a537c67-a291-4b4b-9a16-f009fbeaebab-conbipel_estate_cinque_terre-original-1397640750.jpg\">\n  <img decoding=\"async\" src=\"https:\/\/newsroom.armandotesta.it\/\/wp-content\/uploads\/2019\/03\/128063-7a537c67-a291-4b4b-9a16-f009fbeaebab-conbipel_estate_cinque_terre-original-1397640750.jpg\" \n      alt=\"\" \n      data-link=\"https:\/\/newsroom.armandotesta.it\/\/wp-content\/uploads\/2019\/03\/128063-7a537c67-a291-4b4b-9a16-f009fbeaebab-conbipel_estate_cinque_terre-original-1397640750.jpg\" \n        class=\"td-modal-image\"\/>\n  <\/a>\n  <\/figure>\n <\/li><\/ul>\r\n\r\n","protected":false},"excerpt":{"rendered":"<p>In occasione dell\u2019uscita delle nuove collezioni primavera\/estate Conbipel inaugura un nuovo format di comunicazione. Un nuovo concept e un nuovo linguaggio studiati dall\u2019agenzia Armando Testa, per diffondere i valori del Club Conbipel: uno speciale programma fedelt\u00e0 che permette a tutti gli iscritti di godere di vantaggi e sconti esclusivi. Il key visual della campagna primavera [&hellip;]<\/p>\n","protected":false},"author":2,"featured_media":1930,"comment_status":"closed","ping_status":"open","sticky":false,"template":"","format":"standard","meta":{"_mi_skip_tracking":false},"tags":[],"yoast_head":"<!-- This site is optimized with the Yoast SEO plugin v20.2.1 - https:\/\/yoast.com\/wordpress\/plugins\/seo\/ -->\n<title>CONBIPEL E ARMANDO TESTA RACCONTANO LA NOSTRA VOGLIA DI STARE INSIEME. - AT News Room<\/title>\n<meta name=\"robots\" content=\"index, follow, max-snippet:-1, max-image-preview:large, max-video-preview:-1\" \/>\n<link rel=\"canonical\" href=\"https:\/\/newsroom.armandotesta.it\/it\/conbipel-e-armando-testa-raccontano-la-nostra-voglia-di-stare-insieme\/\" \/>\n<meta name=\"twitter:card\" content=\"summary_large_image\" \/>\n<meta name=\"twitter:title\" content=\"CONBIPEL E ARMANDO TESTA RACCONTANO LA NOSTRA VOGLIA DI STARE INSIEME. - AT News Room\" \/>\n<meta name=\"twitter:description\" content=\"In occasione dell\u2019uscita delle nuove collezioni primavera\/estate Conbipel inaugura un nuovo format di comunicazione. Un nuovo concept e un nuovo linguaggio studiati dall\u2019agenzia Armando Testa, per diffondere i valori del Club Conbipel: uno speciale programma fedelt\u00e0 che permette a tutti gli iscritti di godere di vantaggi e sconti esclusivi. Il key visual della campagna primavera [&hellip;]\" \/>\n<meta name=\"twitter:image\" content=\"https:\/\/newsroom.armandotesta.it\/wp-content\/uploads\/2019\/03\/128063-7a537c67-a291-4b4b-9a16-f009fbeaebab-conbipel_estate_cinque_terre-original-1397640750.jpg\" \/>\n<meta name=\"twitter:creator\" content=\"@ArmandoTestaSpA\" \/>\n<meta name=\"twitter:site\" content=\"@ArmandoTestaSpA\" \/>\n<meta name=\"twitter:label1\" content=\"Scritto da\" \/>\n\t<meta name=\"twitter:data1\" content=\"Andrea Vincenzi\" \/>\n\t<meta name=\"twitter:label2\" content=\"Tempo di lettura stimato\" \/>\n\t<meta name=\"twitter:data2\" content=\"1 minuto\" \/>\n<script type=\"application\/ld+json\" class=\"yoast-schema-graph\">{\"@context\":\"https:\/\/schema.org\",\"@graph\":[{\"@type\":\"WebPage\",\"@id\":\"https:\/\/newsroom.armandotesta.it\/it\/conbipel-e-armando-testa-raccontano-la-nostra-voglia-di-stare-insieme\/\",\"url\":\"https:\/\/newsroom.armandotesta.it\/it\/conbipel-e-armando-testa-raccontano-la-nostra-voglia-di-stare-insieme\/\",\"name\":\"CONBIPEL E ARMANDO TESTA RACCONTANO LA NOSTRA VOGLIA DI STARE INSIEME. - AT News Room\",\"isPartOf\":{\"@id\":\"https:\/\/newsroom.armandotesta.it\/it\/#website\"},\"datePublished\":\"2014-04-16T07:35:49+00:00\",\"dateModified\":\"2019-03-14T11:33:09+00:00\",\"author\":{\"@id\":\"https:\/\/newsroom.armandotesta.it\/it\/#\/schema\/person\/097102a7d9da7e918db236bada3a1c5a\"},\"breadcrumb\":{\"@id\":\"https:\/\/newsroom.armandotesta.it\/it\/conbipel-e-armando-testa-raccontano-la-nostra-voglia-di-stare-insieme\/#breadcrumb\"},\"inLanguage\":\"it-IT\",\"potentialAction\":[{\"@type\":\"ReadAction\",\"target\":[\"https:\/\/newsroom.armandotesta.it\/it\/conbipel-e-armando-testa-raccontano-la-nostra-voglia-di-stare-insieme\/\"]}]},{\"@type\":\"BreadcrumbList\",\"@id\":\"https:\/\/newsroom.armandotesta.it\/it\/conbipel-e-armando-testa-raccontano-la-nostra-voglia-di-stare-insieme\/#breadcrumb\",\"itemListElement\":[{\"@type\":\"ListItem\",\"position\":1,\"name\":\"Home\",\"item\":\"https:\/\/newsroom.armandotesta.it\/it\/\"},{\"@type\":\"ListItem\",\"position\":2,\"name\":\"CONBIPEL E ARMANDO TESTA RACCONTANO LA NOSTRA VOGLIA DI STARE INSIEME.\"}]},{\"@type\":\"WebSite\",\"@id\":\"https:\/\/newsroom.armandotesta.it\/it\/#website\",\"url\":\"https:\/\/newsroom.armandotesta.it\/it\/\",\"name\":\"AT News Room\",\"description\":\"\",\"potentialAction\":[{\"@type\":\"SearchAction\",\"target\":{\"@type\":\"EntryPoint\",\"urlTemplate\":\"https:\/\/newsroom.armandotesta.it\/it\/?s={search_term_string}\"},\"query-input\":\"required name=search_term_string\"}],\"inLanguage\":\"it-IT\"},{\"@type\":\"Person\",\"@id\":\"https:\/\/newsroom.armandotesta.it\/it\/#\/schema\/person\/097102a7d9da7e918db236bada3a1c5a\",\"name\":\"Andrea Vincenzi\",\"image\":{\"@type\":\"ImageObject\",\"inLanguage\":\"it-IT\",\"@id\":\"https:\/\/newsroom.armandotesta.it\/it\/#\/schema\/person\/image\/\",\"url\":\"https:\/\/secure.gravatar.com\/avatar\/314572425b98ddd7b713352e3f07cfca?s=96&d=blank&r=g\",\"contentUrl\":\"https:\/\/secure.gravatar.com\/avatar\/314572425b98ddd7b713352e3f07cfca?s=96&d=blank&r=g\",\"caption\":\"Andrea Vincenzi\"},\"sameAs\":[\"https:\/\/twitter.com\/ArmandoTestaSpA\"],\"url\":\"https:\/\/newsroom.armandotesta.it\/it\/author\/avincenzi\/\"}]}<\/script>\n<!-- \/ Yoast SEO plugin. -->","yoast_head_json":{"title":"CONBIPEL E ARMANDO TESTA RACCONTANO LA NOSTRA VOGLIA DI STARE INSIEME. - AT News Room","robots":{"index":"index","follow":"follow","max-snippet":"max-snippet:-1","max-image-preview":"max-image-preview:large","max-video-preview":"max-video-preview:-1"},"canonical":"https:\/\/newsroom.armandotesta.it\/it\/conbipel-e-armando-testa-raccontano-la-nostra-voglia-di-stare-insieme\/","twitter_card":"summary_large_image","twitter_title":"CONBIPEL E ARMANDO TESTA RACCONTANO LA NOSTRA VOGLIA DI STARE INSIEME. - AT News Room","twitter_description":"In occasione dell\u2019uscita delle nuove collezioni primavera\/estate Conbipel inaugura un nuovo format di comunicazione. Un nuovo concept e un nuovo linguaggio studiati dall\u2019agenzia Armando Testa, per diffondere i valori del Club Conbipel: uno speciale programma fedelt\u00e0 che permette a tutti gli iscritti di godere di vantaggi e sconti esclusivi. Il key visual della campagna primavera [&hellip;]","twitter_image":"https:\/\/newsroom.armandotesta.it\/wp-content\/uploads\/2019\/03\/128063-7a537c67-a291-4b4b-9a16-f009fbeaebab-conbipel_estate_cinque_terre-original-1397640750.jpg","twitter_creator":"@ArmandoTestaSpA","twitter_site":"@ArmandoTestaSpA","twitter_misc":{"Scritto da":"Andrea Vincenzi","Tempo di lettura stimato":"1 minuto"},"schema":{"@context":"https:\/\/schema.org","@graph":[{"@type":"WebPage","@id":"https:\/\/newsroom.armandotesta.it\/it\/conbipel-e-armando-testa-raccontano-la-nostra-voglia-di-stare-insieme\/","url":"https:\/\/newsroom.armandotesta.it\/it\/conbipel-e-armando-testa-raccontano-la-nostra-voglia-di-stare-insieme\/","name":"CONBIPEL E ARMANDO TESTA RACCONTANO LA NOSTRA VOGLIA DI STARE INSIEME. - AT News Room","isPartOf":{"@id":"https:\/\/newsroom.armandotesta.it\/it\/#website"},"datePublished":"2014-04-16T07:35:49+00:00","dateModified":"2019-03-14T11:33:09+00:00","author":{"@id":"https:\/\/newsroom.armandotesta.it\/it\/#\/schema\/person\/097102a7d9da7e918db236bada3a1c5a"},"breadcrumb":{"@id":"https:\/\/newsroom.armandotesta.it\/it\/conbipel-e-armando-testa-raccontano-la-nostra-voglia-di-stare-insieme\/#breadcrumb"},"inLanguage":"it-IT","potentialAction":[{"@type":"ReadAction","target":["https:\/\/newsroom.armandotesta.it\/it\/conbipel-e-armando-testa-raccontano-la-nostra-voglia-di-stare-insieme\/"]}]},{"@type":"BreadcrumbList","@id":"https:\/\/newsroom.armandotesta.it\/it\/conbipel-e-armando-testa-raccontano-la-nostra-voglia-di-stare-insieme\/#breadcrumb","itemListElement":[{"@type":"ListItem","position":1,"name":"Home","item":"https:\/\/newsroom.armandotesta.it\/it\/"},{"@type":"ListItem","position":2,"name":"CONBIPEL E ARMANDO TESTA RACCONTANO LA NOSTRA VOGLIA DI STARE INSIEME."}]},{"@type":"WebSite","@id":"https:\/\/newsroom.armandotesta.it\/it\/#website","url":"https:\/\/newsroom.armandotesta.it\/it\/","name":"AT News Room","description":"","potentialAction":[{"@type":"SearchAction","target":{"@type":"EntryPoint","urlTemplate":"https:\/\/newsroom.armandotesta.it\/it\/?s={search_term_string}"},"query-input":"required name=search_term_string"}],"inLanguage":"it-IT"},{"@type":"Person","@id":"https:\/\/newsroom.armandotesta.it\/it\/#\/schema\/person\/097102a7d9da7e918db236bada3a1c5a","name":"Andrea Vincenzi","image":{"@type":"ImageObject","inLanguage":"it-IT","@id":"https:\/\/newsroom.armandotesta.it\/it\/#\/schema\/person\/image\/","url":"https:\/\/secure.gravatar.com\/avatar\/314572425b98ddd7b713352e3f07cfca?s=96&d=blank&r=g","contentUrl":"https:\/\/secure.gravatar.com\/avatar\/314572425b98ddd7b713352e3f07cfca?s=96&d=blank&r=g","caption":"Andrea Vincenzi"},"sameAs":["https:\/\/twitter.com\/ArmandoTestaSpA"],"url":"https:\/\/newsroom.armandotesta.it\/it\/author\/avincenzi\/"}]}},"_links":{"self":[{"href":"https:\/\/newsroom.armandotesta.it\/it\/wp-json\/wp\/v2\/posts\/1929\/"}],"collection":[{"href":"https:\/\/newsroom.armandotesta.it\/it\/wp-json\/wp\/v2\/posts\/"}],"about":[{"href":"https:\/\/newsroom.armandotesta.it\/it\/wp-json\/wp\/v2\/types\/post\/"}],"author":[{"embeddable":true,"href":"https:\/\/newsroom.armandotesta.it\/it\/wp-json\/wp\/v2\/users\/2\/"}],"replies":[{"embeddable":true,"href":"https:\/\/newsroom.armandotesta.it\/it\/wp-json\/wp\/v2\/comments\/?post=1929"}],"version-history":[{"count":1,"href":"https:\/\/newsroom.armandotesta.it\/it\/wp-json\/wp\/v2\/posts\/1929\/revisions\/"}],"predecessor-version":[{"id":2537,"href":"https:\/\/newsroom.armandotesta.it\/it\/wp-json\/wp\/v2\/posts\/1929\/revisions\/2537\/"}],"wp:featuredmedia":[{"embeddable":true,"href":"https:\/\/newsroom.armandotesta.it\/it\/wp-json\/wp\/v2\/media\/1930\/"}],"wp:attachment":[{"href":"https:\/\/newsroom.armandotesta.it\/it\/wp-json\/wp\/v2\/media\/?parent=1929"}],"wp:term":[{"taxonomy":"post_tag","embeddable":true,"href":"https:\/\/newsroom.armandotesta.it\/it\/wp-json\/wp\/v2\/tags\/?post=1929"}],"curies":[{"name":"wp","href":"https:\/\/api.w.org\/{rel}","templated":true}]}}