{"id":3968,"date":"2019-11-04T15:00:52","date_gmt":"2019-11-04T14:00:52","guid":{"rendered":"https:\/\/newsroom.armandotesta.it\/?p=3968"},"modified":"2019-11-07T17:53:41","modified_gmt":"2019-11-07T16:53:41","slug":"armando-testa-e-yamaha-accendeno-i-motori-a-eicma-2019","status":"publish","type":"post","link":"https:\/\/newsroom.armandotesta.it\/it\/armando-testa-e-yamaha-accendeno-i-motori-a-eicma-2019\/","title":{"rendered":"ARMANDO TESTA E YAMAHA ACCENDONO I MOTORI A EICMA 2019."},"content":{"rendered":"\n<p>Dopo essere salita sul gradino pi\u00f9 alto del podio nella gara indetta dal colosso motociclistico Yamaha Motor Europe, Armando Testa scende finalmente in pista per presentare le sue nuove creativit\u00e0 a EICMA 2019, la pi\u00f9 importante esposizione del settore.<\/p>\n\n\n\n<p>La storica agenzia italiana ha realizzato integralmente la comunicazione per il lancio europeo e mondiale degli ultimi modelli del marchio: dall\u2019Urban Mobility alle Hyper Naked, sfrecciando tra Sport Touring e Sport Scooter.<\/p>\n\n\n\n<p>Prodotti e creativit\u00e0 molto diversi che condividono un grande obiettivo: esplorare nuovi territori comunicativi e strategici senza tradire il posizionamento di ogni segmento.&nbsp;<\/p>\n\n\n\n<p>Cos\u00ec il nuovo Tricity 300, con il suo motore ancora pi\u00f9 potente, si presenta come la \u201cBest Move in Town\u201d trasformando i soliti ostacoli della citt\u00e0 in esperienze a 5 stelle!<\/p>\n\n\n\n<p>I nuovi modelli di Hyper Naked MT-03 e MT-125 invitano adulti e adolescenti ad addentrarsi nel \u201cDark Side of Japan\u201d: nel video MT-03 un&nbsp;&nbsp;giovane biker sfida la divinit\u00e0 orientale dei fulmini Raijin con la sua saetta urbana.&nbsp;&nbsp;MT-125 invece ci mostra la trasformazione di un videogioco di un gruppo di adolescenti in una vera corsa in moto per le strade di Tokyo, perch\u00e9 il gioco pi\u00f9 eccitante \u00e8 proprio l\u00ec fuori!<\/p>\n\n\n\n<p>La Tracer 700 d\u00e0 voce al bisogno di evasione ed adrenalina di ogni motociclista con la tagline: \u201cIt\u2019s Your Turn\u201d e racconta la storia di un uomo che ritrova la sua spinta dopo un liberatorio giro tra i tornanti.<\/p>\n\n\n\n<p>Infine il T-Max560 torna alle origini con la campagna \u201cYou Belong to the Max\u201d: uomini impegnati in diverse attivit\u00e0, sentono il richiamo del nuovo TMax come un segno indelebile che si riaccende negli occhi di chi appartiene a questo mondo.<\/p>\n\n\n\n<p>Ma non \u00e8 solo la creativit\u00e0 a essere \u201cmade in Armando Testa\u201d, anche la produzione video e foto \u00e8 stata curata da Little Bull, la casa di produzione interna al gruppo,&nbsp;<\/p>\n\n\n\n<p>I 5 lanci saranno accompagnati da diverse attivit\u00e0 digital e social, pianificate sui principali canali del marchio motociclistico.<\/p>\n\n\n\n<p>E questo \u00e8 solo l\u2019inizio di un percorso che porter\u00e0 Yamaha e Armando Testa a raggiungere insieme le massime performance.<\/p>\n\n\n\n<p>Agenzia: Gruppo Armando Testa<\/p>\n\n\n\n<p>Direzione Creativa: Nicola Cellemme e Georgia Ferraro<\/p>\n\n\n\n<p>Creative Team: Laura Sironi, Marta Agostini, Sebastien Sardet, Andrea Dell\u2019Osa, Elisa Marina Melagrani, Luisa Codispoti<\/p>\n\n\n\n<p>Client Service Team: Sascha Van Der Plas, Nicoletta Pittino, Gabriele Nolfo<\/p>\n\n\n\n<p>Cdp: Studios Little Bull<\/p>\n\n\n\n<p>Registi: Di\u2219AL (MT-03 e MT-125) e Edoardo Lugari (Tricity, Tracer 700, TMax560)<\/p>\n\n\n\n<p>Fotografi: Marco Campelli, Matthijs van Roon<\/p>\n\n\n\n<p><\/p>\n\n\n\n<ul class=\"is-layout-flex wp-block-gallery-1 wp-block-gallery columns-3 is-cropped\"><li class=\"blocks-gallery-item\"><figure><img decoding=\"async\" loading=\"lazy\" width=\"543\" height=\"768\" src=\"https:\/\/newsroom.armandotesta.it\/wp-content\/uploads\/2019\/11\/MT125-543x768.jpg\" alt=\"\" data-id=\"3969\" data-link=\"https:\/\/newsroom.armandotesta.it\/?attachment_id=3969\" class=\"wp-image-3969\" srcset=\"https:\/\/newsroom.armandotesta.it\/wp-content\/uploads\/2019\/11\/MT125-543x768.jpg 543w, https:\/\/newsroom.armandotesta.it\/wp-content\/uploads\/2019\/11\/MT125-424x600.jpg 424w, https:\/\/newsroom.armandotesta.it\/wp-content\/uploads\/2019\/11\/MT125-297x420.jpg 297w, https:\/\/newsroom.armandotesta.it\/wp-content\/uploads\/2019\/11\/MT125.jpg 595w\" sizes=\"(max-width: 543px) 100vw, 543px\" \/><\/figure><\/li><li class=\"blocks-gallery-item\"><figure><img decoding=\"async\" loading=\"lazy\" width=\"1024\" height=\"724\" src=\"https:\/\/newsroom.armandotesta.it\/wp-content\/uploads\/2019\/11\/Tmax560-1024x724.jpg\" alt=\"\" data-id=\"3970\" data-link=\"https:\/\/newsroom.armandotesta.it\/?attachment_id=3970\" class=\"wp-image-3970\" srcset=\"https:\/\/newsroom.armandotesta.it\/wp-content\/uploads\/2019\/11\/Tmax560-1024x724.jpg 1024w, https:\/\/newsroom.armandotesta.it\/wp-content\/uploads\/2019\/11\/Tmax560-800x566.jpg 800w, https:\/\/newsroom.armandotesta.it\/wp-content\/uploads\/2019\/11\/Tmax560-768x543.jpg 768w, https:\/\/newsroom.armandotesta.it\/wp-content\/uploads\/2019\/11\/Tmax560-100x70.jpg 100w, https:\/\/newsroom.armandotesta.it\/wp-content\/uploads\/2019\/11\/Tmax560-696x492.jpg 696w, https:\/\/newsroom.armandotesta.it\/wp-content\/uploads\/2019\/11\/Tmax560-1068x755.jpg 1068w, https:\/\/newsroom.armandotesta.it\/wp-content\/uploads\/2019\/11\/Tmax560-594x420.jpg 594w, https:\/\/newsroom.armandotesta.it\/wp-content\/uploads\/2019\/11\/Tmax560.jpg 1191w\" sizes=\"(max-width: 1024px) 100vw, 1024px\" \/><\/figure><\/li><li class=\"blocks-gallery-item\"><figure><img decoding=\"async\" loading=\"lazy\" width=\"1024\" height=\"725\" src=\"https:\/\/newsroom.armandotesta.it\/wp-content\/uploads\/2019\/11\/tracer700-1024x725.jpg\" alt=\"\" data-id=\"3971\" data-link=\"https:\/\/newsroom.armandotesta.it\/?attachment_id=3971\" class=\"wp-image-3971\" srcset=\"https:\/\/newsroom.armandotesta.it\/wp-content\/uploads\/2019\/11\/tracer700-1024x725.jpg 1024w, https:\/\/newsroom.armandotesta.it\/wp-content\/uploads\/2019\/11\/tracer700-800x566.jpg 800w, https:\/\/newsroom.armandotesta.it\/wp-content\/uploads\/2019\/11\/tracer700-768x543.jpg 768w, https:\/\/newsroom.armandotesta.it\/wp-content\/uploads\/2019\/11\/tracer700-100x70.jpg 100w, https:\/\/newsroom.armandotesta.it\/wp-content\/uploads\/2019\/11\/tracer700-696x492.jpg 696w, https:\/\/newsroom.armandotesta.it\/wp-content\/uploads\/2019\/11\/tracer700-1068x756.jpg 1068w, https:\/\/newsroom.armandotesta.it\/wp-content\/uploads\/2019\/11\/tracer700-594x420.jpg 594w, https:\/\/newsroom.armandotesta.it\/wp-content\/uploads\/2019\/11\/tracer700.jpg 1190w\" sizes=\"(max-width: 1024px) 100vw, 1024px\" \/><\/figure><\/li><li class=\"blocks-gallery-item\"><figure><img decoding=\"async\" loading=\"lazy\" width=\"543\" height=\"768\" src=\"https:\/\/newsroom.armandotesta.it\/wp-content\/uploads\/2019\/11\/Tricity300-543x768.jpg\" alt=\"\" data-id=\"3972\" data-link=\"https:\/\/newsroom.armandotesta.it\/?attachment_id=3972\" class=\"wp-image-3972\" srcset=\"https:\/\/newsroom.armandotesta.it\/wp-content\/uploads\/2019\/11\/Tricity300-543x768.jpg 543w, https:\/\/newsroom.armandotesta.it\/wp-content\/uploads\/2019\/11\/Tricity300-424x600.jpg 424w, https:\/\/newsroom.armandotesta.it\/wp-content\/uploads\/2019\/11\/Tricity300-297x420.jpg 297w, https:\/\/newsroom.armandotesta.it\/wp-content\/uploads\/2019\/11\/Tricity300.jpg 595w\" sizes=\"(max-width: 543px) 100vw, 543px\" \/><\/figure><\/li><\/ul>\n\n\n\n<figure class=\"wp-block-embed-youtube wp-block-embed is-type-video is-provider-youtube wp-embed-aspect-16-9 wp-has-aspect-ratio\"><div class=\"wp-block-embed__wrapper\">\n<iframe loading=\"lazy\" width=\"696\" height=\"392\" src=\"https:\/\/www.youtube.com\/embed\/1PiXV_hwumQ?feature=oembed\" frameborder=\"0\" allow=\"accelerometer; autoplay; encrypted-media; gyroscope; picture-in-picture\" allowfullscreen><\/iframe>\n<\/div><\/figure>\n\n\n\n<p><\/p>\n","protected":false},"excerpt":{"rendered":"<p>Dopo essere salita sul gradino pi\u00f9 alto del podio nella gara indetta dal colosso motociclistico Yamaha Motor Europe, Armando Testa scende finalmente in pista per presentare le sue nuove creativit\u00e0 a EICMA 2019, la pi\u00f9 importante esposizione del settore. La storica agenzia italiana ha realizzato integralmente la comunicazione per il lancio europeo e mondiale degli [&hellip;]<\/p>\n","protected":false},"author":5,"featured_media":3973,"comment_status":"open","ping_status":"open","sticky":false,"template":"","format":"standard","meta":{"_mi_skip_tracking":false},"tags":[],"yoast_head":"<!-- This site is optimized with the Yoast SEO plugin v20.2.1 - https:\/\/yoast.com\/wordpress\/plugins\/seo\/ -->\n<title>ARMANDO TESTA E YAMAHA ACCENDONO I MOTORI A EICMA 2019. - AT News Room<\/title>\n<meta name=\"robots\" content=\"index, follow, max-snippet:-1, max-image-preview:large, max-video-preview:-1\" \/>\n<link rel=\"canonical\" href=\"https:\/\/newsroom.armandotesta.it\/it\/armando-testa-e-yamaha-accendeno-i-motori-a-eicma-2019\/\" \/>\n<meta name=\"twitter:card\" content=\"summary_large_image\" \/>\n<meta name=\"twitter:title\" content=\"ARMANDO TESTA E YAMAHA ACCENDONO I MOTORI A EICMA 2019. - AT News Room\" \/>\n<meta name=\"twitter:description\" content=\"Dopo essere salita sul gradino pi\u00f9 alto del podio nella gara indetta dal colosso motociclistico Yamaha Motor Europe, Armando Testa scende finalmente in pista per presentare le sue nuove creativit\u00e0 a EICMA 2019, la pi\u00f9 importante esposizione del settore. La storica agenzia italiana ha realizzato integralmente la comunicazione per il lancio europeo e mondiale degli [&hellip;]\" \/>\n<meta name=\"twitter:image\" content=\"https:\/\/newsroom.armandotesta.it\/wp-content\/uploads\/2019\/11\/MT03.jpg\" \/>\n<meta name=\"twitter:creator\" content=\"@ArmandoTestaSpA\" \/>\n<meta name=\"twitter:site\" content=\"@ArmandoTestaSpA\" \/>\n<meta name=\"twitter:label1\" content=\"Scritto da\" \/>\n\t<meta name=\"twitter:data1\" content=\"Anna Piizzi\" \/>\n\t<meta name=\"twitter:label2\" content=\"Tempo di lettura stimato\" \/>\n\t<meta name=\"twitter:data2\" content=\"2 minuti\" \/>\n<script type=\"application\/ld+json\" class=\"yoast-schema-graph\">{\"@context\":\"https:\/\/schema.org\",\"@graph\":[{\"@type\":\"WebPage\",\"@id\":\"https:\/\/newsroom.armandotesta.it\/it\/armando-testa-e-yamaha-accendeno-i-motori-a-eicma-2019\/\",\"url\":\"https:\/\/newsroom.armandotesta.it\/it\/armando-testa-e-yamaha-accendeno-i-motori-a-eicma-2019\/\",\"name\":\"ARMANDO TESTA E YAMAHA ACCENDONO I MOTORI A EICMA 2019. - AT News Room\",\"isPartOf\":{\"@id\":\"https:\/\/newsroom.armandotesta.it\/it\/#website\"},\"datePublished\":\"2019-11-04T14:00:52+00:00\",\"dateModified\":\"2019-11-07T16:53:41+00:00\",\"author\":{\"@id\":\"https:\/\/newsroom.armandotesta.it\/it\/#\/schema\/person\/5d4b22dee94ae271b95d488539ae4346\"},\"breadcrumb\":{\"@id\":\"https:\/\/newsroom.armandotesta.it\/it\/armando-testa-e-yamaha-accendeno-i-motori-a-eicma-2019\/#breadcrumb\"},\"inLanguage\":\"it-IT\",\"potentialAction\":[{\"@type\":\"ReadAction\",\"target\":[\"https:\/\/newsroom.armandotesta.it\/it\/armando-testa-e-yamaha-accendeno-i-motori-a-eicma-2019\/\"]}]},{\"@type\":\"BreadcrumbList\",\"@id\":\"https:\/\/newsroom.armandotesta.it\/it\/armando-testa-e-yamaha-accendeno-i-motori-a-eicma-2019\/#breadcrumb\",\"itemListElement\":[{\"@type\":\"ListItem\",\"position\":1,\"name\":\"Home\",\"item\":\"https:\/\/newsroom.armandotesta.it\/it\/\"},{\"@type\":\"ListItem\",\"position\":2,\"name\":\"ARMANDO TESTA E YAMAHA ACCENDONO I MOTORI A EICMA 2019.\"}]},{\"@type\":\"WebSite\",\"@id\":\"https:\/\/newsroom.armandotesta.it\/it\/#website\",\"url\":\"https:\/\/newsroom.armandotesta.it\/it\/\",\"name\":\"AT News Room\",\"description\":\"\",\"potentialAction\":[{\"@type\":\"SearchAction\",\"target\":{\"@type\":\"EntryPoint\",\"urlTemplate\":\"https:\/\/newsroom.armandotesta.it\/it\/?s={search_term_string}\"},\"query-input\":\"required name=search_term_string\"}],\"inLanguage\":\"it-IT\"},{\"@type\":\"Person\",\"@id\":\"https:\/\/newsroom.armandotesta.it\/it\/#\/schema\/person\/5d4b22dee94ae271b95d488539ae4346\",\"name\":\"Anna Piizzi\",\"image\":{\"@type\":\"ImageObject\",\"inLanguage\":\"it-IT\",\"@id\":\"https:\/\/newsroom.armandotesta.it\/it\/#\/schema\/person\/image\/\",\"url\":\"https:\/\/secure.gravatar.com\/avatar\/4ed2db8b9426cdc2ce87794129f366e4?s=96&d=blank&r=g\",\"contentUrl\":\"https:\/\/secure.gravatar.com\/avatar\/4ed2db8b9426cdc2ce87794129f366e4?s=96&d=blank&r=g\",\"caption\":\"Anna Piizzi\"},\"url\":\"https:\/\/newsroom.armandotesta.it\/it\/author\/anna-piizzi\/\"}]}<\/script>\n<!-- \/ Yoast SEO plugin. -->","yoast_head_json":{"title":"ARMANDO TESTA E YAMAHA ACCENDONO I MOTORI A EICMA 2019. - AT News Room","robots":{"index":"index","follow":"follow","max-snippet":"max-snippet:-1","max-image-preview":"max-image-preview:large","max-video-preview":"max-video-preview:-1"},"canonical":"https:\/\/newsroom.armandotesta.it\/it\/armando-testa-e-yamaha-accendeno-i-motori-a-eicma-2019\/","twitter_card":"summary_large_image","twitter_title":"ARMANDO TESTA E YAMAHA ACCENDONO I MOTORI A EICMA 2019. - AT News Room","twitter_description":"Dopo essere salita sul gradino pi\u00f9 alto del podio nella gara indetta dal colosso motociclistico Yamaha Motor Europe, Armando Testa scende finalmente in pista per presentare le sue nuove creativit\u00e0 a EICMA 2019, la pi\u00f9 importante esposizione del settore. La storica agenzia italiana ha realizzato integralmente la comunicazione per il lancio europeo e mondiale degli [&hellip;]","twitter_image":"https:\/\/newsroom.armandotesta.it\/wp-content\/uploads\/2019\/11\/MT03.jpg","twitter_creator":"@ArmandoTestaSpA","twitter_site":"@ArmandoTestaSpA","twitter_misc":{"Scritto da":"Anna Piizzi","Tempo di lettura stimato":"2 minuti"},"schema":{"@context":"https:\/\/schema.org","@graph":[{"@type":"WebPage","@id":"https:\/\/newsroom.armandotesta.it\/it\/armando-testa-e-yamaha-accendeno-i-motori-a-eicma-2019\/","url":"https:\/\/newsroom.armandotesta.it\/it\/armando-testa-e-yamaha-accendeno-i-motori-a-eicma-2019\/","name":"ARMANDO TESTA E YAMAHA ACCENDONO I MOTORI A EICMA 2019. - AT News Room","isPartOf":{"@id":"https:\/\/newsroom.armandotesta.it\/it\/#website"},"datePublished":"2019-11-04T14:00:52+00:00","dateModified":"2019-11-07T16:53:41+00:00","author":{"@id":"https:\/\/newsroom.armandotesta.it\/it\/#\/schema\/person\/5d4b22dee94ae271b95d488539ae4346"},"breadcrumb":{"@id":"https:\/\/newsroom.armandotesta.it\/it\/armando-testa-e-yamaha-accendeno-i-motori-a-eicma-2019\/#breadcrumb"},"inLanguage":"it-IT","potentialAction":[{"@type":"ReadAction","target":["https:\/\/newsroom.armandotesta.it\/it\/armando-testa-e-yamaha-accendeno-i-motori-a-eicma-2019\/"]}]},{"@type":"BreadcrumbList","@id":"https:\/\/newsroom.armandotesta.it\/it\/armando-testa-e-yamaha-accendeno-i-motori-a-eicma-2019\/#breadcrumb","itemListElement":[{"@type":"ListItem","position":1,"name":"Home","item":"https:\/\/newsroom.armandotesta.it\/it\/"},{"@type":"ListItem","position":2,"name":"ARMANDO TESTA E YAMAHA ACCENDONO I MOTORI A EICMA 2019."}]},{"@type":"WebSite","@id":"https:\/\/newsroom.armandotesta.it\/it\/#website","url":"https:\/\/newsroom.armandotesta.it\/it\/","name":"AT News Room","description":"","potentialAction":[{"@type":"SearchAction","target":{"@type":"EntryPoint","urlTemplate":"https:\/\/newsroom.armandotesta.it\/it\/?s={search_term_string}"},"query-input":"required name=search_term_string"}],"inLanguage":"it-IT"},{"@type":"Person","@id":"https:\/\/newsroom.armandotesta.it\/it\/#\/schema\/person\/5d4b22dee94ae271b95d488539ae4346","name":"Anna Piizzi","image":{"@type":"ImageObject","inLanguage":"it-IT","@id":"https:\/\/newsroom.armandotesta.it\/it\/#\/schema\/person\/image\/","url":"https:\/\/secure.gravatar.com\/avatar\/4ed2db8b9426cdc2ce87794129f366e4?s=96&d=blank&r=g","contentUrl":"https:\/\/secure.gravatar.com\/avatar\/4ed2db8b9426cdc2ce87794129f366e4?s=96&d=blank&r=g","caption":"Anna Piizzi"},"url":"https:\/\/newsroom.armandotesta.it\/it\/author\/anna-piizzi\/"}]}},"_links":{"self":[{"href":"https:\/\/newsroom.armandotesta.it\/it\/wp-json\/wp\/v2\/posts\/3968\/"}],"collection":[{"href":"https:\/\/newsroom.armandotesta.it\/it\/wp-json\/wp\/v2\/posts\/"}],"about":[{"href":"https:\/\/newsroom.armandotesta.it\/it\/wp-json\/wp\/v2\/types\/post\/"}],"author":[{"embeddable":true,"href":"https:\/\/newsroom.armandotesta.it\/it\/wp-json\/wp\/v2\/users\/5\/"}],"replies":[{"embeddable":true,"href":"https:\/\/newsroom.armandotesta.it\/it\/wp-json\/wp\/v2\/comments\/?post=3968"}],"version-history":[{"count":3,"href":"https:\/\/newsroom.armandotesta.it\/it\/wp-json\/wp\/v2\/posts\/3968\/revisions\/"}],"predecessor-version":[{"id":3977,"href":"https:\/\/newsroom.armandotesta.it\/it\/wp-json\/wp\/v2\/posts\/3968\/revisions\/3977\/"}],"wp:featuredmedia":[{"embeddable":true,"href":"https:\/\/newsroom.armandotesta.it\/it\/wp-json\/wp\/v2\/media\/3973\/"}],"wp:attachment":[{"href":"https:\/\/newsroom.armandotesta.it\/it\/wp-json\/wp\/v2\/media\/?parent=3968"}],"wp:term":[{"taxonomy":"post_tag","embeddable":true,"href":"https:\/\/newsroom.armandotesta.it\/it\/wp-json\/wp\/v2\/tags\/?post=3968"}],"curies":[{"name":"wp","href":"https:\/\/api.w.org\/{rel}","templated":true}]}}