{"id":4096,"date":"2020-01-13T16:00:00","date_gmt":"2020-01-13T15:00:00","guid":{"rendered":"https:\/\/newsroom.armandotesta.it\/?p=4096"},"modified":"2020-01-15T16:55:25","modified_gmt":"2020-01-15T15:55:25","slug":"con-armando-testa-e-fondazione-theodora-i-sogni-dei-bambini-tornano-in-forma","status":"publish","type":"post","link":"https:\/\/newsroom.armandotesta.it\/it\/con-armando-testa-e-fondazione-theodora-i-sogni-dei-bambini-tornano-in-forma\/","title":{"rendered":"CON ARMANDO TESTA E FONDAZIONE THEODORA, I SOGNI DEI BAMBINI TORNANO IN FORMA."},"content":{"rendered":"\n<p>Se un bambino sta male, stanno male anche i suoi sogni. E proprio come i piccoli pazienti, anche i sogni hanno bisogno di un dottore che si occupi di loro.<\/p>\n\n\n\n<p>Questa \u00e8 la Mission di Fondazione Theodora Onlus ed \u00e8 anche l\u2019idea alla base della nuova campagna di comunicazione firmata Armando Testa.<\/p>\n\n\n\n<p>Il film mostra infatti la classica sala d\u2019attesa di uno studio medico, dove ad aspettare il proprio turno ci sono dei malati un po\u2019 particolari: una principessa, un supereroe, un astronauta, un pirata\u2026<\/p>\n\n\n\n<p>Per fortuna a occuparsi dei loro problemi c\u2019\u00e8 un dottore speciale, il Dottor Sogni, che grazie alla sua formazione \u00e8 in grado di rendere pi\u00f9 forti i sogni e &#8211; di conseguenza &#8211; i bambini.<\/p>\n\n\n\n<p>La campagna, con la direzione creativa di Michele Mariani, art director Laura Sironi, copywriter Marta Agostini, andr\u00e0 in onda dal 12 gennaio con lo scopo di sostenere la raccolta fondi di Theodora Onlus, la Fondazione che da 25 anni, attraverso l\u2019attivit\u00e0 dei Dottor Sogni, porta momenti di gioco, ascolto e sorriso ai piccoli pazienti e alle loro famiglie.&nbsp;<\/p>\n\n\n\n<p>L\u2019agenzia Armando Testa crede moltissimo nel valore dell\u2019opera di Theodora e, insieme alla casa di produzione BRW e al regista Matteo Sironi, ha offerto pro bono il suo contributo per aiutare la Fondazione a comunicare al meglio quanto fa e quanto si pu\u00f2 ancora fare per i piccoli malati. Perch\u00e9 sogni pi\u00f9 forti, rendono i bambini pi\u00f9 forti.<\/p>\n\n\n\n<p><br>Direzione creativa esecutiva: Michele Mariani<\/p>\n\n\n\n<p>Team Creativo: Laura Sironi e&nbsp;Marta Agostini<\/p>\n\n\n\n<p>Team Account: Benedetta Buzzoni e Federica Drogo<\/p>\n\n\n\n<p>Casa di produzione: BRW Filmland<\/p>\n\n\n\n<p>Regia: Matteo Sironi<\/p>\n\n\n\n<p>Musica: Human Touch<\/p>\n","protected":false},"excerpt":{"rendered":"<p>Se un bambino sta male, stanno male anche i suoi sogni. E proprio come i piccoli pazienti, anche i sogni hanno bisogno di un dottore che si occupi di loro. Questa \u00e8 la Mission di Fondazione Theodora Onlus ed \u00e8 anche l\u2019idea alla base della nuova campagna di comunicazione firmata Armando Testa. Il film mostra [&hellip;]<\/p>\n","protected":false},"author":5,"featured_media":4099,"comment_status":"open","ping_status":"open","sticky":false,"template":"","format":"standard","meta":{"_mi_skip_tracking":false},"tags":[],"yoast_head":"<!-- This site is optimized with the Yoast SEO plugin v20.2.1 - https:\/\/yoast.com\/wordpress\/plugins\/seo\/ -->\n<title>CON ARMANDO TESTA E FONDAZIONE THEODORA, I SOGNI DEI BAMBINI TORNANO IN FORMA. - AT News Room<\/title>\n<meta name=\"robots\" content=\"index, follow, max-snippet:-1, max-image-preview:large, max-video-preview:-1\" \/>\n<link rel=\"canonical\" href=\"https:\/\/newsroom.armandotesta.it\/it\/con-armando-testa-e-fondazione-theodora-i-sogni-dei-bambini-tornano-in-forma\/\" \/>\n<meta name=\"twitter:card\" content=\"summary_large_image\" \/>\n<meta name=\"twitter:title\" content=\"CON ARMANDO TESTA E FONDAZIONE THEODORA, I SOGNI DEI BAMBINI TORNANO IN FORMA. - AT News Room\" \/>\n<meta name=\"twitter:description\" content=\"Se un bambino sta male, stanno male anche i suoi sogni. E proprio come i piccoli pazienti, anche i sogni hanno bisogno di un dottore che si occupi di loro. Questa \u00e8 la Mission di Fondazione Theodora Onlus ed \u00e8 anche l\u2019idea alla base della nuova campagna di comunicazione firmata Armando Testa. Il film mostra [&hellip;]\" \/>\n<meta name=\"twitter:image\" content=\"https:\/\/newsroom.armandotesta.it\/wp-content\/uploads\/2020\/01\/Fondazione-Theodora_annuncio-stampa.jpg\" \/>\n<meta name=\"twitter:creator\" content=\"@ArmandoTestaSpA\" \/>\n<meta name=\"twitter:site\" content=\"@ArmandoTestaSpA\" \/>\n<meta name=\"twitter:label1\" content=\"Scritto da\" \/>\n\t<meta name=\"twitter:data1\" content=\"Anna Piizzi\" \/>\n\t<meta name=\"twitter:label2\" content=\"Tempo di lettura stimato\" \/>\n\t<meta name=\"twitter:data2\" content=\"1 minuto\" \/>\n<script type=\"application\/ld+json\" class=\"yoast-schema-graph\">{\"@context\":\"https:\/\/schema.org\",\"@graph\":[{\"@type\":\"WebPage\",\"@id\":\"https:\/\/newsroom.armandotesta.it\/it\/con-armando-testa-e-fondazione-theodora-i-sogni-dei-bambini-tornano-in-forma\/\",\"url\":\"https:\/\/newsroom.armandotesta.it\/it\/con-armando-testa-e-fondazione-theodora-i-sogni-dei-bambini-tornano-in-forma\/\",\"name\":\"CON ARMANDO TESTA E FONDAZIONE THEODORA, I SOGNI DEI BAMBINI TORNANO IN FORMA. - AT News Room\",\"isPartOf\":{\"@id\":\"https:\/\/newsroom.armandotesta.it\/it\/#website\"},\"datePublished\":\"2020-01-13T15:00:00+00:00\",\"dateModified\":\"2020-01-15T15:55:25+00:00\",\"author\":{\"@id\":\"https:\/\/newsroom.armandotesta.it\/it\/#\/schema\/person\/5d4b22dee94ae271b95d488539ae4346\"},\"breadcrumb\":{\"@id\":\"https:\/\/newsroom.armandotesta.it\/it\/con-armando-testa-e-fondazione-theodora-i-sogni-dei-bambini-tornano-in-forma\/#breadcrumb\"},\"inLanguage\":\"it-IT\",\"potentialAction\":[{\"@type\":\"ReadAction\",\"target\":[\"https:\/\/newsroom.armandotesta.it\/it\/con-armando-testa-e-fondazione-theodora-i-sogni-dei-bambini-tornano-in-forma\/\"]}]},{\"@type\":\"BreadcrumbList\",\"@id\":\"https:\/\/newsroom.armandotesta.it\/it\/con-armando-testa-e-fondazione-theodora-i-sogni-dei-bambini-tornano-in-forma\/#breadcrumb\",\"itemListElement\":[{\"@type\":\"ListItem\",\"position\":1,\"name\":\"Home\",\"item\":\"https:\/\/newsroom.armandotesta.it\/it\/\"},{\"@type\":\"ListItem\",\"position\":2,\"name\":\"CON ARMANDO TESTA E FONDAZIONE THEODORA, I SOGNI DEI BAMBINI TORNANO IN FORMA.\"}]},{\"@type\":\"WebSite\",\"@id\":\"https:\/\/newsroom.armandotesta.it\/it\/#website\",\"url\":\"https:\/\/newsroom.armandotesta.it\/it\/\",\"name\":\"AT News Room\",\"description\":\"\",\"potentialAction\":[{\"@type\":\"SearchAction\",\"target\":{\"@type\":\"EntryPoint\",\"urlTemplate\":\"https:\/\/newsroom.armandotesta.it\/it\/?s={search_term_string}\"},\"query-input\":\"required name=search_term_string\"}],\"inLanguage\":\"it-IT\"},{\"@type\":\"Person\",\"@id\":\"https:\/\/newsroom.armandotesta.it\/it\/#\/schema\/person\/5d4b22dee94ae271b95d488539ae4346\",\"name\":\"Anna Piizzi\",\"image\":{\"@type\":\"ImageObject\",\"inLanguage\":\"it-IT\",\"@id\":\"https:\/\/newsroom.armandotesta.it\/it\/#\/schema\/person\/image\/\",\"url\":\"https:\/\/secure.gravatar.com\/avatar\/4ed2db8b9426cdc2ce87794129f366e4?s=96&d=blank&r=g\",\"contentUrl\":\"https:\/\/secure.gravatar.com\/avatar\/4ed2db8b9426cdc2ce87794129f366e4?s=96&d=blank&r=g\",\"caption\":\"Anna Piizzi\"},\"url\":\"https:\/\/newsroom.armandotesta.it\/it\/author\/anna-piizzi\/\"}]}<\/script>\n<!-- \/ Yoast SEO plugin. -->","yoast_head_json":{"title":"CON ARMANDO TESTA E FONDAZIONE THEODORA, I SOGNI DEI BAMBINI TORNANO IN FORMA. - AT News Room","robots":{"index":"index","follow":"follow","max-snippet":"max-snippet:-1","max-image-preview":"max-image-preview:large","max-video-preview":"max-video-preview:-1"},"canonical":"https:\/\/newsroom.armandotesta.it\/it\/con-armando-testa-e-fondazione-theodora-i-sogni-dei-bambini-tornano-in-forma\/","twitter_card":"summary_large_image","twitter_title":"CON ARMANDO TESTA E FONDAZIONE THEODORA, I SOGNI DEI BAMBINI TORNANO IN FORMA. - AT News Room","twitter_description":"Se un bambino sta male, stanno male anche i suoi sogni. E proprio come i piccoli pazienti, anche i sogni hanno bisogno di un dottore che si occupi di loro. Questa \u00e8 la Mission di Fondazione Theodora Onlus ed \u00e8 anche l\u2019idea alla base della nuova campagna di comunicazione firmata Armando Testa. Il film mostra [&hellip;]","twitter_image":"https:\/\/newsroom.armandotesta.it\/wp-content\/uploads\/2020\/01\/Fondazione-Theodora_annuncio-stampa.jpg","twitter_creator":"@ArmandoTestaSpA","twitter_site":"@ArmandoTestaSpA","twitter_misc":{"Scritto da":"Anna Piizzi","Tempo di lettura stimato":"1 minuto"},"schema":{"@context":"https:\/\/schema.org","@graph":[{"@type":"WebPage","@id":"https:\/\/newsroom.armandotesta.it\/it\/con-armando-testa-e-fondazione-theodora-i-sogni-dei-bambini-tornano-in-forma\/","url":"https:\/\/newsroom.armandotesta.it\/it\/con-armando-testa-e-fondazione-theodora-i-sogni-dei-bambini-tornano-in-forma\/","name":"CON ARMANDO TESTA E FONDAZIONE THEODORA, I SOGNI DEI BAMBINI TORNANO IN FORMA. - AT News Room","isPartOf":{"@id":"https:\/\/newsroom.armandotesta.it\/it\/#website"},"datePublished":"2020-01-13T15:00:00+00:00","dateModified":"2020-01-15T15:55:25+00:00","author":{"@id":"https:\/\/newsroom.armandotesta.it\/it\/#\/schema\/person\/5d4b22dee94ae271b95d488539ae4346"},"breadcrumb":{"@id":"https:\/\/newsroom.armandotesta.it\/it\/con-armando-testa-e-fondazione-theodora-i-sogni-dei-bambini-tornano-in-forma\/#breadcrumb"},"inLanguage":"it-IT","potentialAction":[{"@type":"ReadAction","target":["https:\/\/newsroom.armandotesta.it\/it\/con-armando-testa-e-fondazione-theodora-i-sogni-dei-bambini-tornano-in-forma\/"]}]},{"@type":"BreadcrumbList","@id":"https:\/\/newsroom.armandotesta.it\/it\/con-armando-testa-e-fondazione-theodora-i-sogni-dei-bambini-tornano-in-forma\/#breadcrumb","itemListElement":[{"@type":"ListItem","position":1,"name":"Home","item":"https:\/\/newsroom.armandotesta.it\/it\/"},{"@type":"ListItem","position":2,"name":"CON ARMANDO TESTA E FONDAZIONE THEODORA, I SOGNI DEI BAMBINI TORNANO IN FORMA."}]},{"@type":"WebSite","@id":"https:\/\/newsroom.armandotesta.it\/it\/#website","url":"https:\/\/newsroom.armandotesta.it\/it\/","name":"AT News Room","description":"","potentialAction":[{"@type":"SearchAction","target":{"@type":"EntryPoint","urlTemplate":"https:\/\/newsroom.armandotesta.it\/it\/?s={search_term_string}"},"query-input":"required name=search_term_string"}],"inLanguage":"it-IT"},{"@type":"Person","@id":"https:\/\/newsroom.armandotesta.it\/it\/#\/schema\/person\/5d4b22dee94ae271b95d488539ae4346","name":"Anna Piizzi","image":{"@type":"ImageObject","inLanguage":"it-IT","@id":"https:\/\/newsroom.armandotesta.it\/it\/#\/schema\/person\/image\/","url":"https:\/\/secure.gravatar.com\/avatar\/4ed2db8b9426cdc2ce87794129f366e4?s=96&d=blank&r=g","contentUrl":"https:\/\/secure.gravatar.com\/avatar\/4ed2db8b9426cdc2ce87794129f366e4?s=96&d=blank&r=g","caption":"Anna Piizzi"},"url":"https:\/\/newsroom.armandotesta.it\/it\/author\/anna-piizzi\/"}]}},"_links":{"self":[{"href":"https:\/\/newsroom.armandotesta.it\/it\/wp-json\/wp\/v2\/posts\/4096\/"}],"collection":[{"href":"https:\/\/newsroom.armandotesta.it\/it\/wp-json\/wp\/v2\/posts\/"}],"about":[{"href":"https:\/\/newsroom.armandotesta.it\/it\/wp-json\/wp\/v2\/types\/post\/"}],"author":[{"embeddable":true,"href":"https:\/\/newsroom.armandotesta.it\/it\/wp-json\/wp\/v2\/users\/5\/"}],"replies":[{"embeddable":true,"href":"https:\/\/newsroom.armandotesta.it\/it\/wp-json\/wp\/v2\/comments\/?post=4096"}],"version-history":[{"count":1,"href":"https:\/\/newsroom.armandotesta.it\/it\/wp-json\/wp\/v2\/posts\/4096\/revisions\/"}],"predecessor-version":[{"id":4100,"href":"https:\/\/newsroom.armandotesta.it\/it\/wp-json\/wp\/v2\/posts\/4096\/revisions\/4100\/"}],"wp:featuredmedia":[{"embeddable":true,"href":"https:\/\/newsroom.armandotesta.it\/it\/wp-json\/wp\/v2\/media\/4099\/"}],"wp:attachment":[{"href":"https:\/\/newsroom.armandotesta.it\/it\/wp-json\/wp\/v2\/media\/?parent=4096"}],"wp:term":[{"taxonomy":"post_tag","embeddable":true,"href":"https:\/\/newsroom.armandotesta.it\/it\/wp-json\/wp\/v2\/tags\/?post=4096"}],"curies":[{"name":"wp","href":"https:\/\/api.w.org\/{rel}","templated":true}]}}