{"id":4171,"date":"2020-02-10T15:00:32","date_gmt":"2020-02-10T14:00:32","guid":{"rendered":"https:\/\/newsroom.armandotesta.it\/?p=4171"},"modified":"2020-02-10T16:17:05","modified_gmt":"2020-02-10T15:17:05","slug":"e-se-ti-dicessi-esselunga-2","status":"publish","type":"post","link":"https:\/\/newsroom.armandotesta.it\/it\/e-se-ti-dicessi-esselunga-2\/","title":{"rendered":"E SE TI DICESSI&#8230;ESSELUNGA?"},"content":{"rendered":"\n<p>Dal 9 febbraio la prima grande campagna istituzionale Esselunga: \u201cPi\u00f9 la conosci, pi\u00f9 ti innamori\u201d, aggiunge un nuovo capitolo al racconto della Food Company.<\/p>\n\n\n\n<p>Con questo flight tv conosceremo pi\u00f9 da vicino il reparto della Pescheria Esselunga con la sua straordinaria variet\u00e0 di pesce selezionato e controllato ogni giorno e la bont\u00e0 dei piatti pronti da cuocere.<\/p>\n\n\n\n<p>Anche la produzione di sushi Esselunga trova spazio, mostrando la scelta di ingredienti di primissima qualit\u00e0 come il tradizionale riso Yume Nishiki coltivato in Italia.<\/p>\n\n\n\n<p>In questo nuovo spot rimangono protagonisti gli elementi chiave degli spot istituzionale, panetteria, gastronomia ed e-commerce:<\/p>\n\n\n\n<p>Il pay off: \u201cPi\u00f9 la conosci, pi\u00f9 ti innamori\u201d studiato per una campagna che ha l\u2019obiettivo di rinforzare il legame col brand di chi \u00e8 gi\u00e0 cliente, ma anche&nbsp;&nbsp;<\/p>\n\n\n\n<p>\u201cfar innamorare\u201d di Esselunga chi ancora non lo \u00e8, i key frame delle \u201cS\u201d fatte con ingredienti di primissima qualit\u00e0 e le immagini belle, eleganti, che ci permettono quasi di sentire la bont\u00e0 e i profumi dei prodotti Esselunga.<\/p>\n\n\n\n<p>Altro elemento di continuit\u00e0 \u00e8 la musica, con l\u2019adattamento di un grande pezzo italiano: \u201cChe cosa c\u2019\u00e8\u201d di Gino Paoli.&nbsp;<\/p>\n\n\n\n<p>\u201cI momenti pi\u00f9 belli di questa campagna sono nati proprio parlando con le persone che lavorano ogni giorno in Esselunga che sono state in grado di trasmetterci la loro passione e l\u2019amore che mettono nel loro lavoro, per questo motivo\u201d, continua il direttore creativo Jacopo Morini, \u201coltre a riportare fedelmente questa esperienza negli spot, una parte importante di questa campagna \u00e8 raccontata anche attraverso interviste che troverete sul sito e sui social di Esselunga\u201d.&nbsp;<\/p>\n\n\n\n<p>Questa campagna \u00e8 il frutto di un gran lavoro di squadra che ha coinvolto tutte le anime del Gruppo Armando Testa, dal Direttore Creativo Esecutivo Michele Mariani,&nbsp;con l\u2019apporto copy della Direzione Creativa di Michela Sartorio.<\/p>\n\n\n\n<p>Little Bull, gli Studios del Gruppo, hanno realizzato&nbsp;unavideo-strategy che ha creato contenuti video per tutti i touch point del cliente, mentre la pianificazione media \u00e8 stata curata da Media Italia.&nbsp;<\/p>\n\n\n\n<p><strong>Credits<\/strong><\/p>\n\n\n\n<p>Direzione Creativa Esecutiva: Michele Mariani<\/p>\n\n\n\n<p>Direzione Creativa: Jacopo Morini<\/p>\n\n\n\n<p>Direzione Creativa Copy: Michela Sartorio&nbsp;<\/p>\n\n\n\n<p>Team Creativo: Barbara Ghiotti \u2013 Fabiano Pagliara \u2013 Sara Greco<\/p>\n\n\n\n<p>Direzione Clienti: Giovanni Sernia, Laura Alberti<\/p>\n\n\n\n<p>Pianificazione Media: Media Italia<\/p>\n\n\n\n<p>Casa di Produzione: BRW&nbsp;<\/p>\n\n\n\n<p>Regia: Ago Panini<\/p>\n\n\n\n<p>Casa di Produzione per realizzazione contenuti video-strategy: Little Bull<\/p>\n\n\n\n<p><\/p>\n\n\n\n<p><\/p>\n\n\n\n<figure class=\"wp-block-image\"><img decoding=\"async\" loading=\"lazy\" width=\"1024\" height=\"552\" src=\"https:\/\/newsroom.armandotesta.it\/wp-content\/uploads\/2020\/02\/1-2-1024x552.jpg\" alt=\"\" class=\"wp-image-4172\" srcset=\"https:\/\/newsroom.armandotesta.it\/wp-content\/uploads\/2020\/02\/1-2-1024x552.jpg 1024w, https:\/\/newsroom.armandotesta.it\/wp-content\/uploads\/2020\/02\/1-2-800x431.jpg 800w, https:\/\/newsroom.armandotesta.it\/wp-content\/uploads\/2020\/02\/1-2-768x414.jpg 768w, https:\/\/newsroom.armandotesta.it\/wp-content\/uploads\/2020\/02\/1-2-696x375.jpg 696w, https:\/\/newsroom.armandotesta.it\/wp-content\/uploads\/2020\/02\/1-2-1068x575.jpg 1068w, https:\/\/newsroom.armandotesta.it\/wp-content\/uploads\/2020\/02\/1-2-780x420.jpg 780w, https:\/\/newsroom.armandotesta.it\/wp-content\/uploads\/2020\/02\/1-2-1920x1034.jpg 1920w, https:\/\/newsroom.armandotesta.it\/wp-content\/uploads\/2020\/02\/1-2-1320x711.jpg 1320w\" sizes=\"(max-width: 1024px) 100vw, 1024px\" \/><\/figure>\n\n\n\n<figure class=\"wp-block-image\"><img decoding=\"async\" loading=\"lazy\" width=\"1024\" height=\"550\" src=\"https:\/\/newsroom.armandotesta.it\/wp-content\/uploads\/2020\/02\/2-1024x550.jpg\" alt=\"\" class=\"wp-image-4173\" srcset=\"https:\/\/newsroom.armandotesta.it\/wp-content\/uploads\/2020\/02\/2-1024x550.jpg 1024w, https:\/\/newsroom.armandotesta.it\/wp-content\/uploads\/2020\/02\/2-800x429.jpg 800w, https:\/\/newsroom.armandotesta.it\/wp-content\/uploads\/2020\/02\/2-768x412.jpg 768w, https:\/\/newsroom.armandotesta.it\/wp-content\/uploads\/2020\/02\/2-696x374.jpg 696w, https:\/\/newsroom.armandotesta.it\/wp-content\/uploads\/2020\/02\/2-1068x573.jpg 1068w, https:\/\/newsroom.armandotesta.it\/wp-content\/uploads\/2020\/02\/2-783x420.jpg 783w, https:\/\/newsroom.armandotesta.it\/wp-content\/uploads\/2020\/02\/2-1920x1031.jpg 1920w, https:\/\/newsroom.armandotesta.it\/wp-content\/uploads\/2020\/02\/2-1320x708.jpg 1320w\" sizes=\"(max-width: 1024px) 100vw, 1024px\" \/><\/figure>\n\n\n\n<figure class=\"wp-block-image\"><img decoding=\"async\" loading=\"lazy\" width=\"1024\" height=\"565\" src=\"https:\/\/newsroom.armandotesta.it\/wp-content\/uploads\/2020\/02\/3-1024x565.jpg\" alt=\"\" class=\"wp-image-4174\" srcset=\"https:\/\/newsroom.armandotesta.it\/wp-content\/uploads\/2020\/02\/3-1024x565.jpg 1024w, https:\/\/newsroom.armandotesta.it\/wp-content\/uploads\/2020\/02\/3-800x442.jpg 800w, https:\/\/newsroom.armandotesta.it\/wp-content\/uploads\/2020\/02\/3-768x424.jpg 768w, https:\/\/newsroom.armandotesta.it\/wp-content\/uploads\/2020\/02\/3-696x385.jpg 696w, https:\/\/newsroom.armandotesta.it\/wp-content\/uploads\/2020\/02\/3-1068x590.jpg 1068w, https:\/\/newsroom.armandotesta.it\/wp-content\/uploads\/2020\/02\/3-761x420.jpg 761w, https:\/\/newsroom.armandotesta.it\/wp-content\/uploads\/2020\/02\/3-1920x1060.jpg 1920w, https:\/\/newsroom.armandotesta.it\/wp-content\/uploads\/2020\/02\/3-1320x729.jpg 1320w\" sizes=\"(max-width: 1024px) 100vw, 1024px\" \/><\/figure>\n\n\n\n<figure class=\"wp-block-embed-youtube wp-block-embed is-type-video is-provider-youtube wp-embed-aspect-16-9 wp-has-aspect-ratio\"><div class=\"wp-block-embed__wrapper\">\n<iframe loading=\"lazy\" width=\"696\" height=\"392\" src=\"https:\/\/www.youtube.com\/embed\/CpGVyzlN6QY?feature=oembed\" frameborder=\"0\" allow=\"accelerometer; autoplay; encrypted-media; gyroscope; picture-in-picture\" allowfullscreen><\/iframe>\n<\/div><\/figure>\n","protected":false},"excerpt":{"rendered":"<p>Dal 9 febbraio la prima grande campagna istituzionale Esselunga: \u201cPi\u00f9 la conosci, pi\u00f9 ti innamori\u201d, aggiunge un nuovo capitolo al racconto della Food Company. Con questo flight tv conosceremo pi\u00f9 da vicino il reparto della Pescheria Esselunga con la sua straordinaria variet\u00e0 di pesce selezionato e controllato ogni giorno e la bont\u00e0 dei piatti pronti [&hellip;]<\/p>\n","protected":false},"author":5,"featured_media":4175,"comment_status":"open","ping_status":"open","sticky":false,"template":"","format":"standard","meta":{"_mi_skip_tracking":false},"tags":[],"yoast_head":"<!-- This site is optimized with the Yoast SEO plugin v20.2.1 - https:\/\/yoast.com\/wordpress\/plugins\/seo\/ -->\n<title>E SE TI DICESSI...ESSELUNGA? - AT News Room<\/title>\n<meta name=\"robots\" content=\"index, follow, max-snippet:-1, max-image-preview:large, max-video-preview:-1\" \/>\n<link rel=\"canonical\" href=\"https:\/\/newsroom.armandotesta.it\/it\/e-se-ti-dicessi-esselunga-2\/\" \/>\n<meta name=\"twitter:card\" content=\"summary_large_image\" \/>\n<meta name=\"twitter:title\" content=\"E SE TI DICESSI...ESSELUNGA? - AT News Room\" \/>\n<meta name=\"twitter:description\" content=\"Dal 9 febbraio la prima grande campagna istituzionale Esselunga: \u201cPi\u00f9 la conosci, pi\u00f9 ti innamori\u201d, aggiunge un nuovo capitolo al racconto della Food Company. Con questo flight tv conosceremo pi\u00f9 da vicino il reparto della Pescheria Esselunga con la sua straordinaria variet\u00e0 di pesce selezionato e controllato ogni giorno e la bont\u00e0 dei piatti pronti [&hellip;]\" \/>\n<meta name=\"twitter:image\" content=\"https:\/\/newsroom.armandotesta.it\/wp-content\/uploads\/2020\/02\/4.jpg\" \/>\n<meta name=\"twitter:creator\" content=\"@ArmandoTestaSpA\" \/>\n<meta name=\"twitter:site\" content=\"@ArmandoTestaSpA\" \/>\n<meta name=\"twitter:label1\" content=\"Scritto da\" \/>\n\t<meta name=\"twitter:data1\" content=\"Anna Piizzi\" \/>\n\t<meta name=\"twitter:label2\" content=\"Tempo di lettura stimato\" \/>\n\t<meta name=\"twitter:data2\" content=\"2 minuti\" \/>\n<script type=\"application\/ld+json\" class=\"yoast-schema-graph\">{\"@context\":\"https:\/\/schema.org\",\"@graph\":[{\"@type\":\"WebPage\",\"@id\":\"https:\/\/newsroom.armandotesta.it\/it\/e-se-ti-dicessi-esselunga-2\/\",\"url\":\"https:\/\/newsroom.armandotesta.it\/it\/e-se-ti-dicessi-esselunga-2\/\",\"name\":\"E SE TI DICESSI...ESSELUNGA? - AT News Room\",\"isPartOf\":{\"@id\":\"https:\/\/newsroom.armandotesta.it\/it\/#website\"},\"datePublished\":\"2020-02-10T14:00:32+00:00\",\"dateModified\":\"2020-02-10T15:17:05+00:00\",\"author\":{\"@id\":\"https:\/\/newsroom.armandotesta.it\/it\/#\/schema\/person\/5d4b22dee94ae271b95d488539ae4346\"},\"breadcrumb\":{\"@id\":\"https:\/\/newsroom.armandotesta.it\/it\/e-se-ti-dicessi-esselunga-2\/#breadcrumb\"},\"inLanguage\":\"it-IT\",\"potentialAction\":[{\"@type\":\"ReadAction\",\"target\":[\"https:\/\/newsroom.armandotesta.it\/it\/e-se-ti-dicessi-esselunga-2\/\"]}]},{\"@type\":\"BreadcrumbList\",\"@id\":\"https:\/\/newsroom.armandotesta.it\/it\/e-se-ti-dicessi-esselunga-2\/#breadcrumb\",\"itemListElement\":[{\"@type\":\"ListItem\",\"position\":1,\"name\":\"Home\",\"item\":\"https:\/\/newsroom.armandotesta.it\/it\/\"},{\"@type\":\"ListItem\",\"position\":2,\"name\":\"E SE TI DICESSI&#8230;ESSELUNGA?\"}]},{\"@type\":\"WebSite\",\"@id\":\"https:\/\/newsroom.armandotesta.it\/it\/#website\",\"url\":\"https:\/\/newsroom.armandotesta.it\/it\/\",\"name\":\"AT News Room\",\"description\":\"\",\"potentialAction\":[{\"@type\":\"SearchAction\",\"target\":{\"@type\":\"EntryPoint\",\"urlTemplate\":\"https:\/\/newsroom.armandotesta.it\/it\/?s={search_term_string}\"},\"query-input\":\"required name=search_term_string\"}],\"inLanguage\":\"it-IT\"},{\"@type\":\"Person\",\"@id\":\"https:\/\/newsroom.armandotesta.it\/it\/#\/schema\/person\/5d4b22dee94ae271b95d488539ae4346\",\"name\":\"Anna Piizzi\",\"image\":{\"@type\":\"ImageObject\",\"inLanguage\":\"it-IT\",\"@id\":\"https:\/\/newsroom.armandotesta.it\/it\/#\/schema\/person\/image\/\",\"url\":\"https:\/\/secure.gravatar.com\/avatar\/4ed2db8b9426cdc2ce87794129f366e4?s=96&d=blank&r=g\",\"contentUrl\":\"https:\/\/secure.gravatar.com\/avatar\/4ed2db8b9426cdc2ce87794129f366e4?s=96&d=blank&r=g\",\"caption\":\"Anna Piizzi\"},\"url\":\"https:\/\/newsroom.armandotesta.it\/it\/author\/anna-piizzi\/\"}]}<\/script>\n<!-- \/ Yoast SEO plugin. -->","yoast_head_json":{"title":"E SE TI DICESSI...ESSELUNGA? - AT News Room","robots":{"index":"index","follow":"follow","max-snippet":"max-snippet:-1","max-image-preview":"max-image-preview:large","max-video-preview":"max-video-preview:-1"},"canonical":"https:\/\/newsroom.armandotesta.it\/it\/e-se-ti-dicessi-esselunga-2\/","twitter_card":"summary_large_image","twitter_title":"E SE TI DICESSI...ESSELUNGA? - AT News Room","twitter_description":"Dal 9 febbraio la prima grande campagna istituzionale Esselunga: \u201cPi\u00f9 la conosci, pi\u00f9 ti innamori\u201d, aggiunge un nuovo capitolo al racconto della Food Company. Con questo flight tv conosceremo pi\u00f9 da vicino il reparto della Pescheria Esselunga con la sua straordinaria variet\u00e0 di pesce selezionato e controllato ogni giorno e la bont\u00e0 dei piatti pronti [&hellip;]","twitter_image":"https:\/\/newsroom.armandotesta.it\/wp-content\/uploads\/2020\/02\/4.jpg","twitter_creator":"@ArmandoTestaSpA","twitter_site":"@ArmandoTestaSpA","twitter_misc":{"Scritto da":"Anna Piizzi","Tempo di lettura stimato":"2 minuti"},"schema":{"@context":"https:\/\/schema.org","@graph":[{"@type":"WebPage","@id":"https:\/\/newsroom.armandotesta.it\/it\/e-se-ti-dicessi-esselunga-2\/","url":"https:\/\/newsroom.armandotesta.it\/it\/e-se-ti-dicessi-esselunga-2\/","name":"E SE TI DICESSI...ESSELUNGA? - AT News Room","isPartOf":{"@id":"https:\/\/newsroom.armandotesta.it\/it\/#website"},"datePublished":"2020-02-10T14:00:32+00:00","dateModified":"2020-02-10T15:17:05+00:00","author":{"@id":"https:\/\/newsroom.armandotesta.it\/it\/#\/schema\/person\/5d4b22dee94ae271b95d488539ae4346"},"breadcrumb":{"@id":"https:\/\/newsroom.armandotesta.it\/it\/e-se-ti-dicessi-esselunga-2\/#breadcrumb"},"inLanguage":"it-IT","potentialAction":[{"@type":"ReadAction","target":["https:\/\/newsroom.armandotesta.it\/it\/e-se-ti-dicessi-esselunga-2\/"]}]},{"@type":"BreadcrumbList","@id":"https:\/\/newsroom.armandotesta.it\/it\/e-se-ti-dicessi-esselunga-2\/#breadcrumb","itemListElement":[{"@type":"ListItem","position":1,"name":"Home","item":"https:\/\/newsroom.armandotesta.it\/it\/"},{"@type":"ListItem","position":2,"name":"E SE TI DICESSI&#8230;ESSELUNGA?"}]},{"@type":"WebSite","@id":"https:\/\/newsroom.armandotesta.it\/it\/#website","url":"https:\/\/newsroom.armandotesta.it\/it\/","name":"AT News Room","description":"","potentialAction":[{"@type":"SearchAction","target":{"@type":"EntryPoint","urlTemplate":"https:\/\/newsroom.armandotesta.it\/it\/?s={search_term_string}"},"query-input":"required name=search_term_string"}],"inLanguage":"it-IT"},{"@type":"Person","@id":"https:\/\/newsroom.armandotesta.it\/it\/#\/schema\/person\/5d4b22dee94ae271b95d488539ae4346","name":"Anna Piizzi","image":{"@type":"ImageObject","inLanguage":"it-IT","@id":"https:\/\/newsroom.armandotesta.it\/it\/#\/schema\/person\/image\/","url":"https:\/\/secure.gravatar.com\/avatar\/4ed2db8b9426cdc2ce87794129f366e4?s=96&d=blank&r=g","contentUrl":"https:\/\/secure.gravatar.com\/avatar\/4ed2db8b9426cdc2ce87794129f366e4?s=96&d=blank&r=g","caption":"Anna Piizzi"},"url":"https:\/\/newsroom.armandotesta.it\/it\/author\/anna-piizzi\/"}]}},"_links":{"self":[{"href":"https:\/\/newsroom.armandotesta.it\/it\/wp-json\/wp\/v2\/posts\/4171\/"}],"collection":[{"href":"https:\/\/newsroom.armandotesta.it\/it\/wp-json\/wp\/v2\/posts\/"}],"about":[{"href":"https:\/\/newsroom.armandotesta.it\/it\/wp-json\/wp\/v2\/types\/post\/"}],"author":[{"embeddable":true,"href":"https:\/\/newsroom.armandotesta.it\/it\/wp-json\/wp\/v2\/users\/5\/"}],"replies":[{"embeddable":true,"href":"https:\/\/newsroom.armandotesta.it\/it\/wp-json\/wp\/v2\/comments\/?post=4171"}],"version-history":[{"count":1,"href":"https:\/\/newsroom.armandotesta.it\/it\/wp-json\/wp\/v2\/posts\/4171\/revisions\/"}],"predecessor-version":[{"id":4177,"href":"https:\/\/newsroom.armandotesta.it\/it\/wp-json\/wp\/v2\/posts\/4171\/revisions\/4177\/"}],"wp:featuredmedia":[{"embeddable":true,"href":"https:\/\/newsroom.armandotesta.it\/it\/wp-json\/wp\/v2\/media\/4175\/"}],"wp:attachment":[{"href":"https:\/\/newsroom.armandotesta.it\/it\/wp-json\/wp\/v2\/media\/?parent=4171"}],"wp:term":[{"taxonomy":"post_tag","embeddable":true,"href":"https:\/\/newsroom.armandotesta.it\/it\/wp-json\/wp\/v2\/tags\/?post=4171"}],"curies":[{"name":"wp","href":"https:\/\/api.w.org\/{rel}","templated":true}]}}