{"id":4258,"date":"2020-04-09T16:07:54","date_gmt":"2020-04-09T14:07:54","guid":{"rendered":"https:\/\/newsroom.armandotesta.it\/?p=4258"},"modified":"2020-04-28T16:12:04","modified_gmt":"2020-04-28T14:12:04","slug":"intesta-insieme-a-unipol-gruppo-insieme-al-paese","status":"publish","type":"post","link":"https:\/\/newsroom.armandotesta.it\/it\/intesta-insieme-a-unipol-gruppo-insieme-al-paese\/","title":{"rendered":"INTESTA, INSIEME A UNIPOL GRUPPO, INSIEME AL PAESE"},"content":{"rendered":"\n<p>Per dare un segnale positivo, di vicinanza e di unione nell\u2019emergenza COVID-19, Unipol Gruppo ha messo in atto una serie di iniziative a sostegno del Paese e ha voluto ribadire questo impegno con un marchio speciale, che ci ricorda quanto l\u2019orgoglio di appartenere tutti alla stessa comunit\u00e0 sia il volano necessario per ripartire ancora pi\u00f9 forti.&nbsp;<\/p>\n\n\n\n<p>L\u2019agenzia InTesta, del Gruppo Armando Testa, che segue i progetti di corporate identity di tutto Unipol Gruppo, si \u00e8 occupata di studiare il nuovo segno. \u00c8 nata cos\u00ec l\u2019Edizione Tricolore, una bandiera in movimento che sottolinea il logotipo per poi aprirsi verso nuove prospettive.&nbsp;<\/p>\n\n\n\n<p>Con questo segno di carattere, che esprime positivit\u00e0 e visione per il futuro,&nbsp;<\/p>\n\n\n\n<p>InTesta contribuisce a comunicare l\u2019impegno e la reattivit\u00e0 del Gruppo assicurativo leader in Italia, in un momento di reale necessit\u00e0 per il popolo italiano.&nbsp;<\/p>\n\n\n\n<p>Credits<\/p>\n\n\n\n<p>Creative Team: Roberto Gresti<\/p>\n","protected":false},"excerpt":{"rendered":"<p>Per dare un segnale positivo, di vicinanza e di unione nell\u2019emergenza COVID-19, Unipol Gruppo ha messo in atto una serie di iniziative a sostegno del Paese e ha voluto ribadire questo impegno con un marchio speciale, che ci ricorda quanto l\u2019orgoglio di appartenere tutti alla stessa comunit\u00e0 sia il volano necessario per ripartire ancora pi\u00f9 [&hellip;]<\/p>\n","protected":false},"author":5,"featured_media":4259,"comment_status":"open","ping_status":"open","sticky":false,"template":"","format":"standard","meta":{"_mi_skip_tracking":false},"tags":[],"yoast_head":"<!-- This site is optimized with the Yoast SEO plugin v20.2.1 - https:\/\/yoast.com\/wordpress\/plugins\/seo\/ -->\n<title>INTESTA, INSIEME A UNIPOL GRUPPO, INSIEME AL PAESE - AT News Room<\/title>\n<meta name=\"robots\" content=\"index, follow, max-snippet:-1, max-image-preview:large, max-video-preview:-1\" \/>\n<link rel=\"canonical\" href=\"https:\/\/newsroom.armandotesta.it\/it\/intesta-insieme-a-unipol-gruppo-insieme-al-paese\/\" \/>\n<meta name=\"twitter:card\" content=\"summary_large_image\" \/>\n<meta name=\"twitter:title\" content=\"INTESTA, INSIEME A UNIPOL GRUPPO, INSIEME AL PAESE - AT News Room\" \/>\n<meta name=\"twitter:description\" content=\"Per dare un segnale positivo, di vicinanza e di unione nell\u2019emergenza COVID-19, Unipol Gruppo ha messo in atto una serie di iniziative a sostegno del Paese e ha voluto ribadire questo impegno con un marchio speciale, che ci ricorda quanto l\u2019orgoglio di appartenere tutti alla stessa comunit\u00e0 sia il volano necessario per ripartire ancora pi\u00f9 [&hellip;]\" \/>\n<meta name=\"twitter:image\" content=\"https:\/\/newsroom.armandotesta.it\/wp-content\/uploads\/2020\/04\/U_G_I_colori_rgb_neg-01.jpg\" \/>\n<meta name=\"twitter:creator\" content=\"@ArmandoTestaSpA\" \/>\n<meta name=\"twitter:site\" content=\"@ArmandoTestaSpA\" \/>\n<meta name=\"twitter:label1\" content=\"Scritto da\" \/>\n\t<meta name=\"twitter:data1\" content=\"Anna Piizzi\" \/>\n\t<meta name=\"twitter:label2\" content=\"Tempo di lettura stimato\" \/>\n\t<meta name=\"twitter:data2\" content=\"1 minuto\" \/>\n<script type=\"application\/ld+json\" class=\"yoast-schema-graph\">{\"@context\":\"https:\/\/schema.org\",\"@graph\":[{\"@type\":\"WebPage\",\"@id\":\"https:\/\/newsroom.armandotesta.it\/it\/intesta-insieme-a-unipol-gruppo-insieme-al-paese\/\",\"url\":\"https:\/\/newsroom.armandotesta.it\/it\/intesta-insieme-a-unipol-gruppo-insieme-al-paese\/\",\"name\":\"INTESTA, INSIEME A UNIPOL GRUPPO, INSIEME AL PAESE - AT News Room\",\"isPartOf\":{\"@id\":\"https:\/\/newsroom.armandotesta.it\/it\/#website\"},\"datePublished\":\"2020-04-09T14:07:54+00:00\",\"dateModified\":\"2020-04-28T14:12:04+00:00\",\"author\":{\"@id\":\"https:\/\/newsroom.armandotesta.it\/it\/#\/schema\/person\/5d4b22dee94ae271b95d488539ae4346\"},\"breadcrumb\":{\"@id\":\"https:\/\/newsroom.armandotesta.it\/it\/intesta-insieme-a-unipol-gruppo-insieme-al-paese\/#breadcrumb\"},\"inLanguage\":\"it-IT\",\"potentialAction\":[{\"@type\":\"ReadAction\",\"target\":[\"https:\/\/newsroom.armandotesta.it\/it\/intesta-insieme-a-unipol-gruppo-insieme-al-paese\/\"]}]},{\"@type\":\"BreadcrumbList\",\"@id\":\"https:\/\/newsroom.armandotesta.it\/it\/intesta-insieme-a-unipol-gruppo-insieme-al-paese\/#breadcrumb\",\"itemListElement\":[{\"@type\":\"ListItem\",\"position\":1,\"name\":\"Home\",\"item\":\"https:\/\/newsroom.armandotesta.it\/it\/\"},{\"@type\":\"ListItem\",\"position\":2,\"name\":\"INTESTA, INSIEME A UNIPOL GRUPPO, INSIEME AL PAESE\"}]},{\"@type\":\"WebSite\",\"@id\":\"https:\/\/newsroom.armandotesta.it\/it\/#website\",\"url\":\"https:\/\/newsroom.armandotesta.it\/it\/\",\"name\":\"AT News Room\",\"description\":\"\",\"potentialAction\":[{\"@type\":\"SearchAction\",\"target\":{\"@type\":\"EntryPoint\",\"urlTemplate\":\"https:\/\/newsroom.armandotesta.it\/it\/?s={search_term_string}\"},\"query-input\":\"required name=search_term_string\"}],\"inLanguage\":\"it-IT\"},{\"@type\":\"Person\",\"@id\":\"https:\/\/newsroom.armandotesta.it\/it\/#\/schema\/person\/5d4b22dee94ae271b95d488539ae4346\",\"name\":\"Anna Piizzi\",\"image\":{\"@type\":\"ImageObject\",\"inLanguage\":\"it-IT\",\"@id\":\"https:\/\/newsroom.armandotesta.it\/it\/#\/schema\/person\/image\/\",\"url\":\"https:\/\/secure.gravatar.com\/avatar\/4ed2db8b9426cdc2ce87794129f366e4?s=96&d=blank&r=g\",\"contentUrl\":\"https:\/\/secure.gravatar.com\/avatar\/4ed2db8b9426cdc2ce87794129f366e4?s=96&d=blank&r=g\",\"caption\":\"Anna Piizzi\"},\"url\":\"https:\/\/newsroom.armandotesta.it\/it\/author\/anna-piizzi\/\"}]}<\/script>\n<!-- \/ Yoast SEO plugin. -->","yoast_head_json":{"title":"INTESTA, INSIEME A UNIPOL GRUPPO, INSIEME AL PAESE - AT News Room","robots":{"index":"index","follow":"follow","max-snippet":"max-snippet:-1","max-image-preview":"max-image-preview:large","max-video-preview":"max-video-preview:-1"},"canonical":"https:\/\/newsroom.armandotesta.it\/it\/intesta-insieme-a-unipol-gruppo-insieme-al-paese\/","twitter_card":"summary_large_image","twitter_title":"INTESTA, INSIEME A UNIPOL GRUPPO, INSIEME AL PAESE - AT News Room","twitter_description":"Per dare un segnale positivo, di vicinanza e di unione nell\u2019emergenza COVID-19, Unipol Gruppo ha messo in atto una serie di iniziative a sostegno del Paese e ha voluto ribadire questo impegno con un marchio speciale, che ci ricorda quanto l\u2019orgoglio di appartenere tutti alla stessa comunit\u00e0 sia il volano necessario per ripartire ancora pi\u00f9 [&hellip;]","twitter_image":"https:\/\/newsroom.armandotesta.it\/wp-content\/uploads\/2020\/04\/U_G_I_colori_rgb_neg-01.jpg","twitter_creator":"@ArmandoTestaSpA","twitter_site":"@ArmandoTestaSpA","twitter_misc":{"Scritto da":"Anna Piizzi","Tempo di lettura stimato":"1 minuto"},"schema":{"@context":"https:\/\/schema.org","@graph":[{"@type":"WebPage","@id":"https:\/\/newsroom.armandotesta.it\/it\/intesta-insieme-a-unipol-gruppo-insieme-al-paese\/","url":"https:\/\/newsroom.armandotesta.it\/it\/intesta-insieme-a-unipol-gruppo-insieme-al-paese\/","name":"INTESTA, INSIEME A UNIPOL GRUPPO, INSIEME AL PAESE - AT News Room","isPartOf":{"@id":"https:\/\/newsroom.armandotesta.it\/it\/#website"},"datePublished":"2020-04-09T14:07:54+00:00","dateModified":"2020-04-28T14:12:04+00:00","author":{"@id":"https:\/\/newsroom.armandotesta.it\/it\/#\/schema\/person\/5d4b22dee94ae271b95d488539ae4346"},"breadcrumb":{"@id":"https:\/\/newsroom.armandotesta.it\/it\/intesta-insieme-a-unipol-gruppo-insieme-al-paese\/#breadcrumb"},"inLanguage":"it-IT","potentialAction":[{"@type":"ReadAction","target":["https:\/\/newsroom.armandotesta.it\/it\/intesta-insieme-a-unipol-gruppo-insieme-al-paese\/"]}]},{"@type":"BreadcrumbList","@id":"https:\/\/newsroom.armandotesta.it\/it\/intesta-insieme-a-unipol-gruppo-insieme-al-paese\/#breadcrumb","itemListElement":[{"@type":"ListItem","position":1,"name":"Home","item":"https:\/\/newsroom.armandotesta.it\/it\/"},{"@type":"ListItem","position":2,"name":"INTESTA, INSIEME A UNIPOL GRUPPO, INSIEME AL PAESE"}]},{"@type":"WebSite","@id":"https:\/\/newsroom.armandotesta.it\/it\/#website","url":"https:\/\/newsroom.armandotesta.it\/it\/","name":"AT News Room","description":"","potentialAction":[{"@type":"SearchAction","target":{"@type":"EntryPoint","urlTemplate":"https:\/\/newsroom.armandotesta.it\/it\/?s={search_term_string}"},"query-input":"required name=search_term_string"}],"inLanguage":"it-IT"},{"@type":"Person","@id":"https:\/\/newsroom.armandotesta.it\/it\/#\/schema\/person\/5d4b22dee94ae271b95d488539ae4346","name":"Anna Piizzi","image":{"@type":"ImageObject","inLanguage":"it-IT","@id":"https:\/\/newsroom.armandotesta.it\/it\/#\/schema\/person\/image\/","url":"https:\/\/secure.gravatar.com\/avatar\/4ed2db8b9426cdc2ce87794129f366e4?s=96&d=blank&r=g","contentUrl":"https:\/\/secure.gravatar.com\/avatar\/4ed2db8b9426cdc2ce87794129f366e4?s=96&d=blank&r=g","caption":"Anna Piizzi"},"url":"https:\/\/newsroom.armandotesta.it\/it\/author\/anna-piizzi\/"}]}},"_links":{"self":[{"href":"https:\/\/newsroom.armandotesta.it\/it\/wp-json\/wp\/v2\/posts\/4258\/"}],"collection":[{"href":"https:\/\/newsroom.armandotesta.it\/it\/wp-json\/wp\/v2\/posts\/"}],"about":[{"href":"https:\/\/newsroom.armandotesta.it\/it\/wp-json\/wp\/v2\/types\/post\/"}],"author":[{"embeddable":true,"href":"https:\/\/newsroom.armandotesta.it\/it\/wp-json\/wp\/v2\/users\/5\/"}],"replies":[{"embeddable":true,"href":"https:\/\/newsroom.armandotesta.it\/it\/wp-json\/wp\/v2\/comments\/?post=4258"}],"version-history":[{"count":1,"href":"https:\/\/newsroom.armandotesta.it\/it\/wp-json\/wp\/v2\/posts\/4258\/revisions\/"}],"predecessor-version":[{"id":4260,"href":"https:\/\/newsroom.armandotesta.it\/it\/wp-json\/wp\/v2\/posts\/4258\/revisions\/4260\/"}],"wp:featuredmedia":[{"embeddable":true,"href":"https:\/\/newsroom.armandotesta.it\/it\/wp-json\/wp\/v2\/media\/4259\/"}],"wp:attachment":[{"href":"https:\/\/newsroom.armandotesta.it\/it\/wp-json\/wp\/v2\/media\/?parent=4258"}],"wp:term":[{"taxonomy":"post_tag","embeddable":true,"href":"https:\/\/newsroom.armandotesta.it\/it\/wp-json\/wp\/v2\/tags\/?post=4258"}],"curies":[{"name":"wp","href":"https:\/\/api.w.org\/{rel}","templated":true}]}}