{"id":5378,"date":"2021-10-20T15:34:21","date_gmt":"2021-10-20T13:34:21","guid":{"rendered":"https:\/\/newsroom.armandotesta.it\/?p=5378"},"modified":"2021-10-20T15:34:26","modified_gmt":"2021-10-20T13:34:26","slug":"torna-liconica-m-di-mediamarkt-con-un-secondo-capitolo-della-campagna-europea-dedicato-ai-servizi-firma-gruppo-armando-testa","status":"publish","type":"post","link":"https:\/\/newsroom.armandotesta.it\/it\/torna-liconica-m-di-mediamarkt-con-un-secondo-capitolo-della-campagna-europea-dedicato-ai-servizi-firma-gruppo-armando-testa\/","title":{"rendered":"Torna l&#8217;iconica M di Mediamarkt con un secondo capitolo della campagna europea, dedicato ai servizi. Firma Gruppo Armando Testa."},"content":{"rendered":"\n<p>Con il lancio di &#8220;Made for me&#8221; nel dicembre 2020, MediaMarkt ha avviato per la prima&nbsp;volta nella sua storia un\u2019unica campagna omogenea a livello europeo. I prodotti e le emozioni sono&nbsp;al centro. La nuova campagna paneuropea sui servizi di MediaMarkt sottolinea la sua strategia omnicanale, cio\u00e8&nbsp;garantisce la disponibilit\u00e0 di prodotti, servizi e consulenza online e offline su tutti i canali. Gli spot, le storie e le immagini evidenziano&nbsp;in particolare i servizi e le soluzioni disponibili.&nbsp;<\/p>\n\n\n\n<p>\u201cCon questo nuovo capitolo della nostra campagna, mettiamo ancora una volta al centro i nostri&nbsp;clienti con i loro desideri&nbsp;e le loro esigenze individuali. Questo spot mostra l&#8217;impegno della nostra azienda&nbsp;nel voler&nbsp;condividere la nostra&nbsp;passione per le tecnologie di consumo con tutti.&nbsp;La tecnologia offre possibilit\u00e0 illimitate.&nbsp;Usata correttamente, arricchisce la vita delle persone\u201d, spiega&nbsp;<strong>Giuseppe Cunetta<\/strong>,&nbsp;Chief Marketing &amp; Digital Officer&nbsp;(CMDO) di MediaMarktSaturn Retail Group. \u201cVogliamo comunicare ai nostri&nbsp;clienti: noi ti supportiamo prima, durante e anche dopo l&#8217;acquisto.&nbsp;Ecco perch\u00e9 i nuovi spot si concentrano sui temi della&nbsp;consulenza al cliente, del servizio &#8216;click &amp; collect&#8217; con ritiro in 29&nbsp;minuti, riparazione istantanea negli Smartbar o la&nbsp;configurazione professionale dei dispositivi acquistati\u201d.<\/p>\n\n\n\n<p>Da dicembre 2020, MediaMarkt mette il cliente al centro dell&#8217;attenzione in modo straordinario con la campagna&nbsp;\u201cMade for me\u201d ideata dal&nbsp;<strong>Gruppo Armando Testa<\/strong>. I prodotti e i servizi a marchio &#8220;M&#8221; sono stati infatti una&nbsp;metafora&nbsp;della dedizione dell&#8217;azienda ad aiutare sempre ogni singolo cliente a navigare nel mondo dell&#8217;elettronica di&nbsp;consumo alla&nbsp;scoperta della soluzione perfetta per le esigenze di ciascuno.<\/p>\n\n\n\n<p>Ora MediaMarkt sta aprendo un altro capitolo nel suo posizionamento come retailer leader nell\u2019elettronica di&nbsp;consumo in Europa. Alla base della seconda fase della campagna europea c&#8217;\u00e8 un film ricco di azione di 60 secondi che&nbsp;racconta tutta la potenza di servizio dei negozi. Oltre al cinema, spot TV pi\u00f9 brevi e video online&nbsp;metteranno in evidenza i singoli servizi. La campagna coinvolger\u00e0 anche i canali di propriet\u00e0&nbsp;del brand su Facebook, Twitter,&nbsp;Instagram e TikTok.<\/p>\n\n\n\n<figure class=\"wp-block-image\"><img decoding=\"async\" loading=\"lazy\" width=\"512\" height=\"768\" src=\"https:\/\/newsroom.armandotesta.it\/wp-content\/uploads\/2021\/10\/Giuseppe_Cunetta-512x768.jpg\" alt=\"\" class=\"wp-image-5379\" srcset=\"https:\/\/newsroom.armandotesta.it\/wp-content\/uploads\/2021\/10\/Giuseppe_Cunetta-512x768.jpg 512w, https:\/\/newsroom.armandotesta.it\/wp-content\/uploads\/2021\/10\/Giuseppe_Cunetta-400x600.jpg 400w, https:\/\/newsroom.armandotesta.it\/wp-content\/uploads\/2021\/10\/Giuseppe_Cunetta-280x420.jpg 280w, https:\/\/newsroom.armandotesta.it\/wp-content\/uploads\/2021\/10\/Giuseppe_Cunetta.jpg 682w\" sizes=\"(max-width: 512px) 100vw, 512px\" \/><\/figure>\n","protected":false},"excerpt":{"rendered":"<p>Con il lancio di &#8220;Made for me&#8221; nel dicembre 2020, MediaMarkt ha avviato per la prima&nbsp;volta nella sua storia un\u2019unica campagna omogenea a livello europeo. I prodotti e le emozioni sono&nbsp;al centro. La nuova campagna paneuropea sui servizi di MediaMarkt sottolinea la sua strategia omnicanale, cio\u00e8&nbsp;garantisce la disponibilit\u00e0 di prodotti, servizi e consulenza online e [&hellip;]<\/p>\n","protected":false},"author":5,"featured_media":5379,"comment_status":"open","ping_status":"open","sticky":false,"template":"","format":"standard","meta":{"_mi_skip_tracking":false},"tags":[],"yoast_head":"<!-- This site is optimized with the Yoast SEO plugin v20.2.1 - https:\/\/yoast.com\/wordpress\/plugins\/seo\/ -->\n<title>Torna l&#039;iconica M di Mediamarkt con un secondo capitolo della campagna europea, dedicato ai servizi. Firma Gruppo Armando Testa. - AT News Room<\/title>\n<meta name=\"robots\" content=\"index, follow, max-snippet:-1, max-image-preview:large, max-video-preview:-1\" \/>\n<link rel=\"canonical\" href=\"https:\/\/newsroom.armandotesta.it\/it\/torna-liconica-m-di-mediamarkt-con-un-secondo-capitolo-della-campagna-europea-dedicato-ai-servizi-firma-gruppo-armando-testa\/\" \/>\n<meta name=\"twitter:card\" content=\"summary_large_image\" \/>\n<meta name=\"twitter:title\" content=\"Torna l&#039;iconica M di Mediamarkt con un secondo capitolo della campagna europea, dedicato ai servizi. Firma Gruppo Armando Testa. - AT News Room\" \/>\n<meta name=\"twitter:description\" content=\"Con il lancio di &#8220;Made for me&#8221; nel dicembre 2020, MediaMarkt ha avviato per la prima&nbsp;volta nella sua storia un\u2019unica campagna omogenea a livello europeo. I prodotti e le emozioni sono&nbsp;al centro. La nuova campagna paneuropea sui servizi di MediaMarkt sottolinea la sua strategia omnicanale, cio\u00e8&nbsp;garantisce la disponibilit\u00e0 di prodotti, servizi e consulenza online e [&hellip;]\" \/>\n<meta name=\"twitter:image\" content=\"https:\/\/newsroom.armandotesta.it\/wp-content\/uploads\/2021\/10\/Giuseppe_Cunetta.jpg\" \/>\n<meta name=\"twitter:creator\" content=\"@ArmandoTestaSpA\" \/>\n<meta name=\"twitter:site\" content=\"@ArmandoTestaSpA\" \/>\n<meta name=\"twitter:label1\" content=\"Scritto da\" \/>\n\t<meta name=\"twitter:data1\" content=\"Anna Piizzi\" \/>\n\t<meta name=\"twitter:label2\" content=\"Tempo di lettura stimato\" \/>\n\t<meta name=\"twitter:data2\" content=\"2 minuti\" \/>\n<script type=\"application\/ld+json\" class=\"yoast-schema-graph\">{\"@context\":\"https:\/\/schema.org\",\"@graph\":[{\"@type\":\"WebPage\",\"@id\":\"https:\/\/newsroom.armandotesta.it\/it\/torna-liconica-m-di-mediamarkt-con-un-secondo-capitolo-della-campagna-europea-dedicato-ai-servizi-firma-gruppo-armando-testa\/\",\"url\":\"https:\/\/newsroom.armandotesta.it\/it\/torna-liconica-m-di-mediamarkt-con-un-secondo-capitolo-della-campagna-europea-dedicato-ai-servizi-firma-gruppo-armando-testa\/\",\"name\":\"Torna l'iconica M di Mediamarkt con un secondo capitolo della campagna europea, dedicato ai servizi. Firma Gruppo Armando Testa. - AT News Room\",\"isPartOf\":{\"@id\":\"https:\/\/newsroom.armandotesta.it\/it\/#website\"},\"datePublished\":\"2021-10-20T13:34:21+00:00\",\"dateModified\":\"2021-10-20T13:34:26+00:00\",\"author\":{\"@id\":\"https:\/\/newsroom.armandotesta.it\/it\/#\/schema\/person\/5d4b22dee94ae271b95d488539ae4346\"},\"breadcrumb\":{\"@id\":\"https:\/\/newsroom.armandotesta.it\/it\/torna-liconica-m-di-mediamarkt-con-un-secondo-capitolo-della-campagna-europea-dedicato-ai-servizi-firma-gruppo-armando-testa\/#breadcrumb\"},\"inLanguage\":\"it-IT\",\"potentialAction\":[{\"@type\":\"ReadAction\",\"target\":[\"https:\/\/newsroom.armandotesta.it\/it\/torna-liconica-m-di-mediamarkt-con-un-secondo-capitolo-della-campagna-europea-dedicato-ai-servizi-firma-gruppo-armando-testa\/\"]}]},{\"@type\":\"BreadcrumbList\",\"@id\":\"https:\/\/newsroom.armandotesta.it\/it\/torna-liconica-m-di-mediamarkt-con-un-secondo-capitolo-della-campagna-europea-dedicato-ai-servizi-firma-gruppo-armando-testa\/#breadcrumb\",\"itemListElement\":[{\"@type\":\"ListItem\",\"position\":1,\"name\":\"Home\",\"item\":\"https:\/\/newsroom.armandotesta.it\/it\/\"},{\"@type\":\"ListItem\",\"position\":2,\"name\":\"Torna l&#8217;iconica M di Mediamarkt con un secondo capitolo della campagna europea, dedicato ai servizi. Firma Gruppo Armando Testa.\"}]},{\"@type\":\"WebSite\",\"@id\":\"https:\/\/newsroom.armandotesta.it\/it\/#website\",\"url\":\"https:\/\/newsroom.armandotesta.it\/it\/\",\"name\":\"AT News Room\",\"description\":\"\",\"potentialAction\":[{\"@type\":\"SearchAction\",\"target\":{\"@type\":\"EntryPoint\",\"urlTemplate\":\"https:\/\/newsroom.armandotesta.it\/it\/?s={search_term_string}\"},\"query-input\":\"required name=search_term_string\"}],\"inLanguage\":\"it-IT\"},{\"@type\":\"Person\",\"@id\":\"https:\/\/newsroom.armandotesta.it\/it\/#\/schema\/person\/5d4b22dee94ae271b95d488539ae4346\",\"name\":\"Anna Piizzi\",\"image\":{\"@type\":\"ImageObject\",\"inLanguage\":\"it-IT\",\"@id\":\"https:\/\/newsroom.armandotesta.it\/it\/#\/schema\/person\/image\/\",\"url\":\"https:\/\/secure.gravatar.com\/avatar\/4ed2db8b9426cdc2ce87794129f366e4?s=96&d=blank&r=g\",\"contentUrl\":\"https:\/\/secure.gravatar.com\/avatar\/4ed2db8b9426cdc2ce87794129f366e4?s=96&d=blank&r=g\",\"caption\":\"Anna Piizzi\"},\"url\":\"https:\/\/newsroom.armandotesta.it\/it\/author\/anna-piizzi\/\"}]}<\/script>\n<!-- \/ Yoast SEO plugin. -->","yoast_head_json":{"title":"Torna l'iconica M di Mediamarkt con un secondo capitolo della campagna europea, dedicato ai servizi. Firma Gruppo Armando Testa. - AT News Room","robots":{"index":"index","follow":"follow","max-snippet":"max-snippet:-1","max-image-preview":"max-image-preview:large","max-video-preview":"max-video-preview:-1"},"canonical":"https:\/\/newsroom.armandotesta.it\/it\/torna-liconica-m-di-mediamarkt-con-un-secondo-capitolo-della-campagna-europea-dedicato-ai-servizi-firma-gruppo-armando-testa\/","twitter_card":"summary_large_image","twitter_title":"Torna l'iconica M di Mediamarkt con un secondo capitolo della campagna europea, dedicato ai servizi. Firma Gruppo Armando Testa. - AT News Room","twitter_description":"Con il lancio di &#8220;Made for me&#8221; nel dicembre 2020, MediaMarkt ha avviato per la prima&nbsp;volta nella sua storia un\u2019unica campagna omogenea a livello europeo. I prodotti e le emozioni sono&nbsp;al centro. La nuova campagna paneuropea sui servizi di MediaMarkt sottolinea la sua strategia omnicanale, cio\u00e8&nbsp;garantisce la disponibilit\u00e0 di prodotti, servizi e consulenza online e [&hellip;]","twitter_image":"https:\/\/newsroom.armandotesta.it\/wp-content\/uploads\/2021\/10\/Giuseppe_Cunetta.jpg","twitter_creator":"@ArmandoTestaSpA","twitter_site":"@ArmandoTestaSpA","twitter_misc":{"Scritto da":"Anna Piizzi","Tempo di lettura stimato":"2 minuti"},"schema":{"@context":"https:\/\/schema.org","@graph":[{"@type":"WebPage","@id":"https:\/\/newsroom.armandotesta.it\/it\/torna-liconica-m-di-mediamarkt-con-un-secondo-capitolo-della-campagna-europea-dedicato-ai-servizi-firma-gruppo-armando-testa\/","url":"https:\/\/newsroom.armandotesta.it\/it\/torna-liconica-m-di-mediamarkt-con-un-secondo-capitolo-della-campagna-europea-dedicato-ai-servizi-firma-gruppo-armando-testa\/","name":"Torna l'iconica M di Mediamarkt con un secondo capitolo della campagna europea, dedicato ai servizi. Firma Gruppo Armando Testa. - AT News Room","isPartOf":{"@id":"https:\/\/newsroom.armandotesta.it\/it\/#website"},"datePublished":"2021-10-20T13:34:21+00:00","dateModified":"2021-10-20T13:34:26+00:00","author":{"@id":"https:\/\/newsroom.armandotesta.it\/it\/#\/schema\/person\/5d4b22dee94ae271b95d488539ae4346"},"breadcrumb":{"@id":"https:\/\/newsroom.armandotesta.it\/it\/torna-liconica-m-di-mediamarkt-con-un-secondo-capitolo-della-campagna-europea-dedicato-ai-servizi-firma-gruppo-armando-testa\/#breadcrumb"},"inLanguage":"it-IT","potentialAction":[{"@type":"ReadAction","target":["https:\/\/newsroom.armandotesta.it\/it\/torna-liconica-m-di-mediamarkt-con-un-secondo-capitolo-della-campagna-europea-dedicato-ai-servizi-firma-gruppo-armando-testa\/"]}]},{"@type":"BreadcrumbList","@id":"https:\/\/newsroom.armandotesta.it\/it\/torna-liconica-m-di-mediamarkt-con-un-secondo-capitolo-della-campagna-europea-dedicato-ai-servizi-firma-gruppo-armando-testa\/#breadcrumb","itemListElement":[{"@type":"ListItem","position":1,"name":"Home","item":"https:\/\/newsroom.armandotesta.it\/it\/"},{"@type":"ListItem","position":2,"name":"Torna l&#8217;iconica M di Mediamarkt con un secondo capitolo della campagna europea, dedicato ai servizi. Firma Gruppo Armando Testa."}]},{"@type":"WebSite","@id":"https:\/\/newsroom.armandotesta.it\/it\/#website","url":"https:\/\/newsroom.armandotesta.it\/it\/","name":"AT News Room","description":"","potentialAction":[{"@type":"SearchAction","target":{"@type":"EntryPoint","urlTemplate":"https:\/\/newsroom.armandotesta.it\/it\/?s={search_term_string}"},"query-input":"required name=search_term_string"}],"inLanguage":"it-IT"},{"@type":"Person","@id":"https:\/\/newsroom.armandotesta.it\/it\/#\/schema\/person\/5d4b22dee94ae271b95d488539ae4346","name":"Anna Piizzi","image":{"@type":"ImageObject","inLanguage":"it-IT","@id":"https:\/\/newsroom.armandotesta.it\/it\/#\/schema\/person\/image\/","url":"https:\/\/secure.gravatar.com\/avatar\/4ed2db8b9426cdc2ce87794129f366e4?s=96&d=blank&r=g","contentUrl":"https:\/\/secure.gravatar.com\/avatar\/4ed2db8b9426cdc2ce87794129f366e4?s=96&d=blank&r=g","caption":"Anna Piizzi"},"url":"https:\/\/newsroom.armandotesta.it\/it\/author\/anna-piizzi\/"}]}},"_links":{"self":[{"href":"https:\/\/newsroom.armandotesta.it\/it\/wp-json\/wp\/v2\/posts\/5378\/"}],"collection":[{"href":"https:\/\/newsroom.armandotesta.it\/it\/wp-json\/wp\/v2\/posts\/"}],"about":[{"href":"https:\/\/newsroom.armandotesta.it\/it\/wp-json\/wp\/v2\/types\/post\/"}],"author":[{"embeddable":true,"href":"https:\/\/newsroom.armandotesta.it\/it\/wp-json\/wp\/v2\/users\/5\/"}],"replies":[{"embeddable":true,"href":"https:\/\/newsroom.armandotesta.it\/it\/wp-json\/wp\/v2\/comments\/?post=5378"}],"version-history":[{"count":1,"href":"https:\/\/newsroom.armandotesta.it\/it\/wp-json\/wp\/v2\/posts\/5378\/revisions\/"}],"predecessor-version":[{"id":5380,"href":"https:\/\/newsroom.armandotesta.it\/it\/wp-json\/wp\/v2\/posts\/5378\/revisions\/5380\/"}],"wp:featuredmedia":[{"embeddable":true,"href":"https:\/\/newsroom.armandotesta.it\/it\/wp-json\/wp\/v2\/media\/5379\/"}],"wp:attachment":[{"href":"https:\/\/newsroom.armandotesta.it\/it\/wp-json\/wp\/v2\/media\/?parent=5378"}],"wp:term":[{"taxonomy":"post_tag","embeddable":true,"href":"https:\/\/newsroom.armandotesta.it\/it\/wp-json\/wp\/v2\/tags\/?post=5378"}],"curies":[{"name":"wp","href":"https:\/\/api.w.org\/{rel}","templated":true}]}}