{"id":6100,"date":"2022-10-28T19:23:13","date_gmt":"2022-10-28T17:23:13","guid":{"rendered":"https:\/\/newsroom.armandotesta.it\/?p=6100"},"modified":"2022-10-28T19:23:19","modified_gmt":"2022-10-28T17:23:19","slug":"amadeus-presenta-il-calendario-storico-dei-carabinieri-ideato-da-armando-testa-e-lagenda-2023","status":"publish","type":"post","link":"https:\/\/newsroom.armandotesta.it\/it\/amadeus-presenta-il-calendario-storico-dei-carabinieri-ideato-da-armando-testa-e-lagenda-2023\/","title":{"rendered":"Amadeus presenta il Calendario Storico dei Carabinieri ideato da Armando Testa e l\u2019Agenda 2023"},"content":{"rendered":"\n<p>Presentato il Calendario Storico dell\u2019Arma dei Carabinieri ed. 2023, quest\u2019anno dedicato alla tutela dell\u2019Ambiente. Il Comandante Generale, Gen. C.A. Teo Luzi, nella mattinata odierna, ha voluto svelare al grande pubblico l\u2019ormai atteso prodotto editoriale. A presentare l\u2019opera, realizzata da un\u2019azienda grafica visionaria, leader nel mondo della comunicazione:&nbsp;<em>l\u2019<\/em><strong><em>Armando Testa Group<\/em><\/strong>, nella splendida cornice dell\u2019Auditorium Parco della Musica, era presente il celebre conduttore televisivo e radiofonico Amadeus.<\/p>\n\n\n\n<p>La protagonista del Calendario Storico 2023 \u00e8 la Natura, da sempre tra le priorit\u00e0 assolute dell\u2019Arma. Basti pensare che gi\u00e0 nelle Regie Patenti del 1816 al capo V, n. 34, si legge testualmente:&nbsp;<em>arrestare i devastatori di boschi, o di qualunque raccolto delle campagne, come pure tutti coloro, che fossero stati trovati nell\u2019atto di guastare le strade, gli alberi piantati lungo d\u2019esse, siepi, fossi, e simili, [\u2026].<\/em><\/p>\n\n\n\n<p>In un contesto in cui l\u2019ambiente \u00e8 la risorsa pi\u00f9 preziosa da salvaguardare, l\u2019edizione 2023 \u00e8 stata interamente dedicata alla tutela ambientale.<\/p>\n\n\n\n<p>Impegnata ogni giorno nella difesa delle persone, del pianeta e della prosperit\u00e0, l\u2019Arma compie quotidianamente un\u2019opera di prevenzione e repressione degli illeciti in materia ambientale e forestale, tutelando il paesaggio, i boschi, la flora e la fauna e contrastando i crimini in materia di rifiuti. L\u2019 impegno dei Carabinieri non si ferma alla prevenzione e alla repressione di reati e di illegalit\u00e0 ad impatto ambientale, ma ritiene altrettanto fondamentale il dialogo continuo con le nuove generazioni.<\/p>\n\n\n\n<p>Un\u2019attenzione, quella nei confronti di chi verr\u00e0 dopo di noi, che ha trovato posto nel testo del nuovo articolo 9 della nostra Costituzione, dedicato alla tutela dell\u2019ambiente, della biodiversit\u00e0 e degli ecosistemi, cos\u00ec iscrivendo, tra i principi fondamentali che devono regolare la nostra convivenza, la via della sostenibilit\u00e0 nell\u2019interesse delle future generazioni. A loro dobbiamo anche la tutela di quello che dall\u2019ambiente ci proviene e, per questo, ogni giorno da qualche parte c\u2019\u00e8 un Carabiniere che sta lavorando per difendere la qualit\u00e0, l\u2019autenticit\u00e0 e la salubrit\u00e0 delle nostre filiere agroalimentari.<\/p>\n\n\n\n<p>A questa incessante opera di protezione del territorio \u00e8 inspirato l\u2019insight creativo del Calendario Storico 2023, che ha visto oggi sul palco anche la presenza e la critica di Alberto Fiz, giornalista, direttore del Museo MARCA di Catanzaro, critico d\u2019arte, curatore di mostre.<\/p>\n\n\n\n<p>L\u2019intero progetto porta la firma dell\u2019agenzia Armando Testa con l\u2019inconfondibile stile che fa della sintesi, del paradosso visivo e della ricerca sull\u2019immagine la sua cifra stilistica da decenni. Ciascuna delle tavole artistiche del calendario parte da un elemento appartenente all\u2019universo visivo dei Carabinieri, rivisitato e interpretato in una chiave iconica. L\u2019obiettivo \u00e8 raccontare i temi legati al quotidiano lavoro dell\u2019Arma con un\u2019impronta di eleganza, pulizia formale e sintesi visiva che ne accentua la componente istituzionale.<\/p>\n\n\n\n<p>Nascono cos\u00ec le dodici tappe di un percorso che svela l\u2019importante azione dei Carabinieri a difesa dell\u2019ambiente e del territorio del Paese, a protezione del patrimonio faunistico e vegetale nostrano, a salvaguardia di una civilt\u00e0 agroalimentare che il mondo ci invidia.<\/p>\n\n\n\n<p>Le tavole artistiche dell\u2019Armando Testa, con la direzione creativa esecutiva di Michele Mariani, sono accompagnate da 12 storie di impegno e tutela ambientale firmate da uno storyteller d\u2019eccezione: il giornalista e scrittore Mario Tozzi. Primo Ricercatore del CNR, geologo e divulgatore scientifico, il celebre conduttore radiotelevisivo ha raccontato gli eventi, le attivit\u00e0 e i progetti dell\u2019Arma dei Carabinieri in modo rigoroso e coinvolgente.<\/p>\n\n\n\n<p>Per la prima volta nella storia del Calendario Storico dell\u2019Arma dei Carabinieri, l\u2019edizione 2023 evolve in un progetto artistico integrato con un completo ecosistema digitale che comprende un sito web dedicato&nbsp;<a href=\"http:\/\/www.calendario.carabinieri.it\/\">www.calendario.carabinieri.it<\/a>&nbsp;e un\u2019opera d\u2019arte NFT.&nbsp;<\/p>\n\n\n\n<p>Il sito consente di fruire online i contenuti del Calendario 2023 in maniera interattiva, con un livello esperienziale molto intuitivo che, attraverso lo scroll infinito, riprende il gesto fisico della sfogliabilit\u00e0, adattandola in maniera nativa al linguaggio digitale.&nbsp;<\/p>\n\n\n\n<p>A completare il progetto, per la prima volta nella storia dell\u2019Arma, la copertina del Calendario diventa un NFT, una contemporanea opera di cryptoarte estrapolata dal Calendario fisico e resa digitale, animata, certificata. L\u2019NFT trasforma la copertina in un\u2019opera hi-tech disponibile in 10 esemplari autenticati, che saranno poi venduti in coppia con una stampa speciale della copertina in edizione limitata. Le opere saranno acquistabili tramite Charity Stars www.charitystars.com, piattaforma che si occupa di aste digitali, con obiettivo charity. Il ricavato delle vendite verr\u00e0 devoluto alla struttura complessa di pediatria oncologica dell\u2019Istituto Nazionale dei Tumori di Milano.<\/p>\n\n\n\n<p>Il progetto del Calendario Storico dell\u2019Arma dei Carabinieri 2023 prende vita in un video case history realizzato da Armando Testa Studios che, partendo dall\u2019insight della tutela dell\u2019ambiente, narra l\u2019impegno quotidiano dell\u2019Arma attraverso i 12 simbolici manifesti del Calendario narrati dalla penna di Mario Tozzi.<\/p>\n\n\n\n<p>Il notevole interesse da parte del cittadino verso il Calendario Storico dell\u2019Arma, oggi giunto a una tiratura di quasi 1.200.000 copie, di cui oltre 16.000 in nove altre lingue (inglese, francese, spagnolo, tedesco, portoghese, giapponese, cinese e arabo, nonch\u00e9 in lingua sarda), \u00e8 indice sia dell\u2019affetto e della vicinanza di cui gode la Benemerita, sia della profondit\u00e0 di significato dei suoi contenuti, che ne fanno un oggetto apprezzato, ambito e presente tanto nelle abitazioni quanto nei luoghi di lavoro, quasi a testimonianza del fatto che \u201cin ogni famiglia c\u2019\u00e8 un Carabiniere\u201d.<\/p>\n\n\n\n<p>Iniziata nel 1928, la pubblicazione del Calendario, giunta alla sua 90^ edizione, dopo l\u2019interruzione post-bellica dal 1945 al 1949 venne ripresa regolarmente nel 1950 e da allora \u00e8 stata puntuale&nbsp;<a>interprete, con le sue tavole, delle vicende dell\u2019Arma e, attraverso di essa, della Storia d\u2019Italia<\/a>.<\/p>\n\n\n\n<p>Oltre al Calendario, \u00e8 stata pubblicata anche l\u2019edizione 2023 dell\u2019<strong>Agenda.&nbsp;<\/strong>Anche in questo caso, la protagonista \u00e8 la Natura. L\u2019Arma non poteva non percepire lo stato di emergenza in cui versa l\u2019habitat terrestre, affidandosi quest\u2019anno agli scrittori \u201c<em>in house<\/em>\u201d per mettere in risalto la bellezza delle stagioni, come dono della Natura, ovvero: il Gen. B. Roberto Riccardi (Comandante della Legione Carabinieri &#8220;Trentino Alto Adige&#8221;), il Magg. riserva selezionata Margherita Lamesta (Ufficiale Cerimoniale), il Magg. riserva selezionata Annalisa Gaudenzi (autrice Rai, gi\u00e0 in servizio presso l\u2019Ufficio Stampa) e il Mar. Ca. Emilio Limone (Ufficio Stampa), autori di svariate pubblicazioni.<\/p>\n\n\n\n<p><a>Come in una sinfonia, i quattro scrittori hanno colorato le stagioni con gli stessi colori da esse indossati durante il loro naturale avvicendarsi, sin dalla notte dei tempi. Modellati dalla fantasia degli autori, quattro marescialli diversissimi fra loro, ognuno a suo modo, rievocano \u201c<em>I Racconti del maresciallo<\/em>\u201d di Mario Soldati e trasformano l\u2019Agenda dell\u2019Arma 2023 in una sorta di \u201cdiario del maresciallo\u201d.<\/a><\/p>\n\n\n\n<p>Cos\u00ec, i suoni del silenzio e le sfumature bianche delle cime innevate tra Val di Susa e Dolomiti penetrano nel sancta sanctorum di un racconto d\u2019inverno; la piaga di innaturali incendi boschivi, nella realt\u00e0 troppe volte generati da mano egoista e criminale, infuoca una torrida estate sul monte Conero; il tripudio di bellezza e colori accompagna un caso di ecomafia sugli appennini in primavera; infine, l\u2019autunno s\u2019interseca nell\u2019animo umano per raccontarci una stagione autunnale vissuta addirittura nell\u2019intimo di un destino bizzarro.<\/p>\n\n\n\n<p>Altre due opere completano l\u2019offerta editoriale:&nbsp;<\/p>\n\n\n\n<ul><li>il&nbsp;Calendario da tavolo, dedicato&nbsp;<a>al tema&nbsp;<\/a>\u201cBorghi<em>&nbsp;<\/em>pi\u00f9 Belli d\u2019Italia\u201d:<em>&nbsp;<\/em>piccole gemme arroccate fra gli scorci pi\u00f9 suggestivi del Belpaese, il Paese dell\u2019Arte, della Letteratura, dell\u2019Ingegno italico e per i pi\u00f9 romantici anche dell\u2019Amore<em>.&nbsp;<\/em>Mese per mese, immagini con Carabinieri ritratti in uno dei tanti borghi che ricamano l\u2019Italia, restituiscono un quadro d\u2019autore fatto di geografia, architetture preziose e uniforme. Uno su tutti, Civita di Bagnoregio, la cosiddetta \u201ccitt\u00e0 che muore\u201d, location di titoli d\u2019eccezione come \u201cI due Colonnelli\u201d con Tot\u00f2 o di \u201cPinocchio\u201d. La scelta del tema \u00e8 un altro modo per ricordare la prossimit\u00e0 della Benemerita al cittadino e la sua presenza capillare sul territorio nazionale, permeata anche in quei centri abitati soltanto da poche migliaia di anime, che vedono nella Stazione dei Carabinieri il loro sicuro punto di riferimento.&nbsp;L\u2019intero ricavato della vendita di questo calendarietto da tavolo \u00e8 devoluto all\u2019Opera Nazionale di Assistenza per gli Orfani dei Militari dell\u2019Arma dei Carabinieri.<\/li><li>Il&nbsp;Planning da tavolo&nbsp;&#8211; anche questo incentrato sulla Natura &#8211; \u00e8 dedicato alle molteplici attivit\u00e0 svolte dal Comando Unit\u00e0 Forestali Ambientali e Agroalimentari CUFA, per il ripristino e l\u2019uso sostenibile delle risorse presenti nell\u2019ecosistema terrestre. Protagoniste le attivit\u00e0 di contrasto e prevenzione del CUFA, che punta anche alla tutela di beni paesaggistici, della filiera alimentare e soprattutto al contrasto di tutte le forme di eco e agromafie, un fenomeno sempre pi\u00f9 in crescita. Come \u00e8 accaduto per i precedenti Planning Arma, anche stavolta, il ricavato sar\u00e0 devoluto ad un nosocomio pediatrico e quest\u2019anno il beneficiario \u00e8 l\u2019Ospedale dei bambini \u201cVittore Buzzi\u201d di Milano. Inoltre, proseguendo su una linea gi\u00e0 sperimentata con la scorsa edizione, il Planning 2023 ripropone, in apertura, una fiaba dedicata proprio al mondo dei pi\u00f9 piccoli a firma del Magg. ris. sel. Margherita Lamesta, l\u2019autrice gi\u00e0 scelta dall\u2019Arma per il Planning 2022. Anche quest\u2019anno la scrittrice ha ideato in esclusiva un piccolo racconto, stavolta ispirandosi liberamente a due originali fatti di cronaca, che hanno visto protagonisti due bimbi accumunati nel medesimo destino evocato dallo stesso nome.<\/li><\/ul>\n\n\n\n<ul class=\"is-layout-flex wp-block-gallery-1 wp-block-gallery columns-1 is-cropped\"><li class=\"blocks-gallery-item\"><figure><img decoding=\"async\" loading=\"lazy\" width=\"544\" height=\"745\" src=\"https:\/\/newsroom.armandotesta.it\/wp-content\/uploads\/2022\/10\/carabinieri-3.jpg\" alt=\"\" data-id=\"6123\" data-link=\"https:\/\/newsroom.armandotesta.it\/it\/?attachment_id=6123\" class=\"wp-image-6123\" srcset=\"https:\/\/newsroom.armandotesta.it\/wp-content\/uploads\/2022\/10\/carabinieri-3.jpg 544w, https:\/\/newsroom.armandotesta.it\/wp-content\/uploads\/2022\/10\/carabinieri-3-438x600.jpg 438w, https:\/\/newsroom.armandotesta.it\/wp-content\/uploads\/2022\/10\/carabinieri-3-307x420.jpg 307w\" sizes=\"(max-width: 544px) 100vw, 544px\" \/><\/figure><\/li><\/ul>\n","protected":false},"excerpt":{"rendered":"<p>Presentato il Calendario Storico dell\u2019Arma dei Carabinieri ed. 2023, quest\u2019anno dedicato alla tutela dell\u2019Ambiente. Il Comandante Generale, Gen. C.A. Teo Luzi, nella mattinata odierna, ha voluto svelare al grande pubblico l\u2019ormai atteso prodotto editoriale. A presentare l\u2019opera, realizzata da un\u2019azienda grafica visionaria, leader nel mondo della comunicazione:&nbsp;l\u2019Armando Testa Group, nella splendida cornice dell\u2019Auditorium Parco della [&hellip;]<\/p>\n","protected":false},"author":5,"featured_media":6123,"comment_status":"open","ping_status":"open","sticky":false,"template":"","format":"standard","meta":{"_mi_skip_tracking":false},"tags":[],"yoast_head":"<!-- This site is optimized with the Yoast SEO plugin v20.2.1 - https:\/\/yoast.com\/wordpress\/plugins\/seo\/ -->\n<title>Amadeus presenta il Calendario Storico dei Carabinieri ideato da Armando Testa e l\u2019Agenda 2023 - AT News Room<\/title>\n<meta name=\"robots\" content=\"index, follow, max-snippet:-1, max-image-preview:large, max-video-preview:-1\" \/>\n<link rel=\"canonical\" href=\"https:\/\/newsroom.armandotesta.it\/it\/amadeus-presenta-il-calendario-storico-dei-carabinieri-ideato-da-armando-testa-e-lagenda-2023\/\" \/>\n<meta name=\"twitter:card\" content=\"summary_large_image\" \/>\n<meta name=\"twitter:title\" content=\"Amadeus presenta il Calendario Storico dei Carabinieri ideato da Armando Testa e l\u2019Agenda 2023 - AT News Room\" \/>\n<meta name=\"twitter:description\" content=\"Presentato il Calendario Storico dell\u2019Arma dei Carabinieri ed. 2023, quest\u2019anno dedicato alla tutela dell\u2019Ambiente. Il Comandante Generale, Gen. C.A. Teo Luzi, nella mattinata odierna, ha voluto svelare al grande pubblico l\u2019ormai atteso prodotto editoriale. A presentare l\u2019opera, realizzata da un\u2019azienda grafica visionaria, leader nel mondo della comunicazione:&nbsp;l\u2019Armando Testa Group, nella splendida cornice dell\u2019Auditorium Parco della [&hellip;]\" \/>\n<meta name=\"twitter:image\" content=\"https:\/\/newsroom.armandotesta.it\/wp-content\/uploads\/2022\/10\/carabinieri-3.jpg\" \/>\n<meta name=\"twitter:creator\" content=\"@ArmandoTestaSpA\" \/>\n<meta name=\"twitter:site\" content=\"@ArmandoTestaSpA\" \/>\n<meta name=\"twitter:label1\" content=\"Scritto da\" \/>\n\t<meta name=\"twitter:data1\" content=\"Anna Piizzi\" \/>\n\t<meta name=\"twitter:label2\" content=\"Tempo di lettura stimato\" \/>\n\t<meta name=\"twitter:data2\" content=\"8 minuti\" \/>\n<script type=\"application\/ld+json\" class=\"yoast-schema-graph\">{\"@context\":\"https:\/\/schema.org\",\"@graph\":[{\"@type\":\"WebPage\",\"@id\":\"https:\/\/newsroom.armandotesta.it\/it\/amadeus-presenta-il-calendario-storico-dei-carabinieri-ideato-da-armando-testa-e-lagenda-2023\/\",\"url\":\"https:\/\/newsroom.armandotesta.it\/it\/amadeus-presenta-il-calendario-storico-dei-carabinieri-ideato-da-armando-testa-e-lagenda-2023\/\",\"name\":\"Amadeus presenta il Calendario Storico dei Carabinieri ideato da Armando Testa e l\u2019Agenda 2023 - AT News Room\",\"isPartOf\":{\"@id\":\"https:\/\/newsroom.armandotesta.it\/it\/#website\"},\"datePublished\":\"2022-10-28T17:23:13+00:00\",\"dateModified\":\"2022-10-28T17:23:19+00:00\",\"author\":{\"@id\":\"https:\/\/newsroom.armandotesta.it\/it\/#\/schema\/person\/5d4b22dee94ae271b95d488539ae4346\"},\"breadcrumb\":{\"@id\":\"https:\/\/newsroom.armandotesta.it\/it\/amadeus-presenta-il-calendario-storico-dei-carabinieri-ideato-da-armando-testa-e-lagenda-2023\/#breadcrumb\"},\"inLanguage\":\"it-IT\",\"potentialAction\":[{\"@type\":\"ReadAction\",\"target\":[\"https:\/\/newsroom.armandotesta.it\/it\/amadeus-presenta-il-calendario-storico-dei-carabinieri-ideato-da-armando-testa-e-lagenda-2023\/\"]}]},{\"@type\":\"BreadcrumbList\",\"@id\":\"https:\/\/newsroom.armandotesta.it\/it\/amadeus-presenta-il-calendario-storico-dei-carabinieri-ideato-da-armando-testa-e-lagenda-2023\/#breadcrumb\",\"itemListElement\":[{\"@type\":\"ListItem\",\"position\":1,\"name\":\"Home\",\"item\":\"https:\/\/newsroom.armandotesta.it\/it\/\"},{\"@type\":\"ListItem\",\"position\":2,\"name\":\"Amadeus presenta il Calendario Storico dei Carabinieri ideato da Armando Testa e l\u2019Agenda 2023\"}]},{\"@type\":\"WebSite\",\"@id\":\"https:\/\/newsroom.armandotesta.it\/it\/#website\",\"url\":\"https:\/\/newsroom.armandotesta.it\/it\/\",\"name\":\"AT News Room\",\"description\":\"\",\"potentialAction\":[{\"@type\":\"SearchAction\",\"target\":{\"@type\":\"EntryPoint\",\"urlTemplate\":\"https:\/\/newsroom.armandotesta.it\/it\/?s={search_term_string}\"},\"query-input\":\"required name=search_term_string\"}],\"inLanguage\":\"it-IT\"},{\"@type\":\"Person\",\"@id\":\"https:\/\/newsroom.armandotesta.it\/it\/#\/schema\/person\/5d4b22dee94ae271b95d488539ae4346\",\"name\":\"Anna Piizzi\",\"image\":{\"@type\":\"ImageObject\",\"inLanguage\":\"it-IT\",\"@id\":\"https:\/\/newsroom.armandotesta.it\/it\/#\/schema\/person\/image\/\",\"url\":\"https:\/\/secure.gravatar.com\/avatar\/4ed2db8b9426cdc2ce87794129f366e4?s=96&d=blank&r=g\",\"contentUrl\":\"https:\/\/secure.gravatar.com\/avatar\/4ed2db8b9426cdc2ce87794129f366e4?s=96&d=blank&r=g\",\"caption\":\"Anna Piizzi\"},\"url\":\"https:\/\/newsroom.armandotesta.it\/it\/author\/anna-piizzi\/\"}]}<\/script>\n<!-- \/ Yoast SEO plugin. -->","yoast_head_json":{"title":"Amadeus presenta il Calendario Storico dei Carabinieri ideato da Armando Testa e l\u2019Agenda 2023 - AT News Room","robots":{"index":"index","follow":"follow","max-snippet":"max-snippet:-1","max-image-preview":"max-image-preview:large","max-video-preview":"max-video-preview:-1"},"canonical":"https:\/\/newsroom.armandotesta.it\/it\/amadeus-presenta-il-calendario-storico-dei-carabinieri-ideato-da-armando-testa-e-lagenda-2023\/","twitter_card":"summary_large_image","twitter_title":"Amadeus presenta il Calendario Storico dei Carabinieri ideato da Armando Testa e l\u2019Agenda 2023 - AT News Room","twitter_description":"Presentato il Calendario Storico dell\u2019Arma dei Carabinieri ed. 2023, quest\u2019anno dedicato alla tutela dell\u2019Ambiente. Il Comandante Generale, Gen. C.A. Teo Luzi, nella mattinata odierna, ha voluto svelare al grande pubblico l\u2019ormai atteso prodotto editoriale. A presentare l\u2019opera, realizzata da un\u2019azienda grafica visionaria, leader nel mondo della comunicazione:&nbsp;l\u2019Armando Testa Group, nella splendida cornice dell\u2019Auditorium Parco della [&hellip;]","twitter_image":"https:\/\/newsroom.armandotesta.it\/wp-content\/uploads\/2022\/10\/carabinieri-3.jpg","twitter_creator":"@ArmandoTestaSpA","twitter_site":"@ArmandoTestaSpA","twitter_misc":{"Scritto da":"Anna Piizzi","Tempo di lettura stimato":"8 minuti"},"schema":{"@context":"https:\/\/schema.org","@graph":[{"@type":"WebPage","@id":"https:\/\/newsroom.armandotesta.it\/it\/amadeus-presenta-il-calendario-storico-dei-carabinieri-ideato-da-armando-testa-e-lagenda-2023\/","url":"https:\/\/newsroom.armandotesta.it\/it\/amadeus-presenta-il-calendario-storico-dei-carabinieri-ideato-da-armando-testa-e-lagenda-2023\/","name":"Amadeus presenta il Calendario Storico dei Carabinieri ideato da Armando Testa e l\u2019Agenda 2023 - AT News Room","isPartOf":{"@id":"https:\/\/newsroom.armandotesta.it\/it\/#website"},"datePublished":"2022-10-28T17:23:13+00:00","dateModified":"2022-10-28T17:23:19+00:00","author":{"@id":"https:\/\/newsroom.armandotesta.it\/it\/#\/schema\/person\/5d4b22dee94ae271b95d488539ae4346"},"breadcrumb":{"@id":"https:\/\/newsroom.armandotesta.it\/it\/amadeus-presenta-il-calendario-storico-dei-carabinieri-ideato-da-armando-testa-e-lagenda-2023\/#breadcrumb"},"inLanguage":"it-IT","potentialAction":[{"@type":"ReadAction","target":["https:\/\/newsroom.armandotesta.it\/it\/amadeus-presenta-il-calendario-storico-dei-carabinieri-ideato-da-armando-testa-e-lagenda-2023\/"]}]},{"@type":"BreadcrumbList","@id":"https:\/\/newsroom.armandotesta.it\/it\/amadeus-presenta-il-calendario-storico-dei-carabinieri-ideato-da-armando-testa-e-lagenda-2023\/#breadcrumb","itemListElement":[{"@type":"ListItem","position":1,"name":"Home","item":"https:\/\/newsroom.armandotesta.it\/it\/"},{"@type":"ListItem","position":2,"name":"Amadeus presenta il Calendario Storico dei Carabinieri ideato da Armando Testa e l\u2019Agenda 2023"}]},{"@type":"WebSite","@id":"https:\/\/newsroom.armandotesta.it\/it\/#website","url":"https:\/\/newsroom.armandotesta.it\/it\/","name":"AT News Room","description":"","potentialAction":[{"@type":"SearchAction","target":{"@type":"EntryPoint","urlTemplate":"https:\/\/newsroom.armandotesta.it\/it\/?s={search_term_string}"},"query-input":"required name=search_term_string"}],"inLanguage":"it-IT"},{"@type":"Person","@id":"https:\/\/newsroom.armandotesta.it\/it\/#\/schema\/person\/5d4b22dee94ae271b95d488539ae4346","name":"Anna Piizzi","image":{"@type":"ImageObject","inLanguage":"it-IT","@id":"https:\/\/newsroom.armandotesta.it\/it\/#\/schema\/person\/image\/","url":"https:\/\/secure.gravatar.com\/avatar\/4ed2db8b9426cdc2ce87794129f366e4?s=96&d=blank&r=g","contentUrl":"https:\/\/secure.gravatar.com\/avatar\/4ed2db8b9426cdc2ce87794129f366e4?s=96&d=blank&r=g","caption":"Anna Piizzi"},"url":"https:\/\/newsroom.armandotesta.it\/it\/author\/anna-piizzi\/"}]}},"_links":{"self":[{"href":"https:\/\/newsroom.armandotesta.it\/it\/wp-json\/wp\/v2\/posts\/6100\/"}],"collection":[{"href":"https:\/\/newsroom.armandotesta.it\/it\/wp-json\/wp\/v2\/posts\/"}],"about":[{"href":"https:\/\/newsroom.armandotesta.it\/it\/wp-json\/wp\/v2\/types\/post\/"}],"author":[{"embeddable":true,"href":"https:\/\/newsroom.armandotesta.it\/it\/wp-json\/wp\/v2\/users\/5\/"}],"replies":[{"embeddable":true,"href":"https:\/\/newsroom.armandotesta.it\/it\/wp-json\/wp\/v2\/comments\/?post=6100"}],"version-history":[{"count":1,"href":"https:\/\/newsroom.armandotesta.it\/it\/wp-json\/wp\/v2\/posts\/6100\/revisions\/"}],"predecessor-version":[{"id":6124,"href":"https:\/\/newsroom.armandotesta.it\/it\/wp-json\/wp\/v2\/posts\/6100\/revisions\/6124\/"}],"wp:featuredmedia":[{"embeddable":true,"href":"https:\/\/newsroom.armandotesta.it\/it\/wp-json\/wp\/v2\/media\/6123\/"}],"wp:attachment":[{"href":"https:\/\/newsroom.armandotesta.it\/it\/wp-json\/wp\/v2\/media\/?parent=6100"}],"wp:term":[{"taxonomy":"post_tag","embeddable":true,"href":"https:\/\/newsroom.armandotesta.it\/it\/wp-json\/wp\/v2\/tags\/?post=6100"}],"curies":[{"name":"wp","href":"https:\/\/api.w.org\/{rel}","templated":true}]}}