{"id":6126,"date":"2022-11-02T18:54:11","date_gmt":"2022-11-02T17:54:11","guid":{"rendered":"https:\/\/newsroom.armandotesta.it\/?p=6126"},"modified":"2022-11-03T16:40:37","modified_gmt":"2022-11-03T15:40:37","slug":"il-black-friday-2022-di-mediaworld-torna-con-una-vera-vera-vera-ma-davvero-incredibile-campagna-omnichannel-ideata-dal-gruppo-armando-testa","status":"publish","type":"post","link":"https:\/\/newsroom.armandotesta.it\/it\/il-black-friday-2022-di-mediaworld-torna-con-una-vera-vera-vera-ma-davvero-incredibile-campagna-omnichannel-ideata-dal-gruppo-armando-testa\/","title":{"rendered":"Il Black Friday 2022 di MediaWorld torna con una vera, vera, vera ma davvero incredibile campagna omnichannel ideata dal Gruppo Armando Testa!"},"content":{"rendered":"\n<p>Non importa quale sia il brand o quale sia il prodotto: a Novembre tutti fanno il proprio Black Friday. Un intero mese in cui qualsiasi cosa &#8211; ma davvero qualsiasi &#8211; diventa un\u2019occasione. Ma le offerte non sono tutte le stesse, ne sa qualcosa MediaWorld, il primo brand nel settore della hi-tech retail.&nbsp;<\/p>\n\n\n\n<p>Ed \u00e8 proprio da questa semplice constatazione che nasce il concept della campagna di MediaWorld: solo lui ha il vero, vero, vero ma davvero vero Black Friday.<\/p>\n\n\n\n<p>Il Gruppo Armando Testa, che anche nel 2022 cura la comunicazione del brand, racconta questo concept con una forte carica di ironia e per la promo pi\u00f9 importante dell&#8217;anno di MediaWorld, affianca alla iconica M un testimonial d&#8217;eccezione: Frank Matano,&nbsp;talento&nbsp;della comicit\u00e0 e dell&#8217;intrattenimento che vanta un&#8217;ampissima risonanza su tutti i media, dai TVC pi\u00f9 tradizionali ai social media.<\/p>\n\n\n\n<p>Frank \u00e8 il presentatore del Frank Friday, un Black Friday goffo e farlocco con offerte senza senso. Sar\u00e0 la nostra M, ormai icona della brand expertise, a irrompere in scena in maniera esplosiva per farci vedere le vere, vere, vere ma davvero vere offerte del Black Friday. Il Frank Friday \u00e8 stato pensato come una vera e propria piattaforma creativa declinata al massimo, non solo rispetto alla creativit\u00e0 ma anche rispetto al media. La campagna \u00e8 stata infatti arricchita dalle consulenze one to one con Youtube, Meta e Tik Tok, che l\u2019hanno resa realmente omnichannel.&nbsp;<\/p>\n\n\n\n<p>Il Gruppo Armando Testa ha curato infatti anche la comunicazione sul digital e i social media definendo creativit\u00e0 ad hoc: Youtube, Spotify, Meta e Tik Tok avranno una serie di contenuti originali e nativi digitali, con cui il pubblico potr\u00e0 approfondire la campagna e interagire con il Frank Friday!<\/p>\n\n\n\n<p>La campagna \u00e8 prodotta da AT Studios.<\/p>\n\n\n\n<p>Il vero, vero, vero ma davvero vero Black Friday di MediaWorld sar\u00e0 on air per tutto il mese di novembre sulle principali emittenti televisive e radiofoniche, presidiando l\u2019intero arco della giornata e in particolare il prime time (per quanto riguarda la tv) e il drive time (per quanto riguarda la radio). Gli spot tv saranno da 15\u201d, mentre i passaggi radio saranno da 20\u201d.<\/p>\n\n\n\n<p>Credit<\/p>\n\n\n\n<p>Agenzia: Gruppo Armando Testa<\/p>\n\n\n\n<p>Direzione creativa esecutiva: Georgia Ferraro, Nicola Cellemme<\/p>\n\n\n\n<p>Team creativo: Wanda Napoletano, Lorenzo Blangiardo<\/p>\n\n\n\n<p>Team account: Emanuele Cicogna Mozzoni, Carola Sessa, Chiara Simone<\/p>\n\n\n\n<p>Casa di produzione: AT Studios<\/p>\n\n\n\n<p>Regia: Augusto Storero<\/p>\n\n\n\n<p>Dop: Karim Andreotti<\/p>\n\n\n\n<p>Original Soundtrack: Mokamusic<\/p>\n\n\n\n<p>Post Produzione: Band<\/p>\n\n\n\n<p>Credits Frank Matano<\/p>\n\n\n\n<p>Talent Management: Newco Mgmt<\/p>\n\n\n\n<p>Grooming: Andrea Croci<\/p>\n\n\n\n<p>Stylist: Mimina Cornacchia<\/p>\n\n\n\n<p>Stylist Assistant: Gabriella Piluso<\/p>\n\n\n\n<ul class=\"is-layout-flex wp-block-gallery-1 wp-block-gallery columns-1 is-cropped\"><li class=\"blocks-gallery-item\"><figure><img decoding=\"async\" loading=\"lazy\" width=\"1024\" height=\"625\" src=\"https:\/\/newsroom.armandotesta.it\/wp-content\/uploads\/2022\/11\/mediaworld-1-1024x625.jpg\" alt=\"\" data-id=\"6130\" data-link=\"https:\/\/newsroom.armandotesta.it\/it\/?attachment_id=6130\" class=\"wp-image-6130\" srcset=\"https:\/\/newsroom.armandotesta.it\/wp-content\/uploads\/2022\/11\/mediaworld-1-1024x625.jpg 1024w, https:\/\/newsroom.armandotesta.it\/wp-content\/uploads\/2022\/11\/mediaworld-1-800x488.jpg 800w, https:\/\/newsroom.armandotesta.it\/wp-content\/uploads\/2022\/11\/mediaworld-1-768x469.jpg 768w, https:\/\/newsroom.armandotesta.it\/wp-content\/uploads\/2022\/11\/mediaworld-1-696x425.jpg 696w, https:\/\/newsroom.armandotesta.it\/wp-content\/uploads\/2022\/11\/mediaworld-1-1068x652.jpg 1068w, https:\/\/newsroom.armandotesta.it\/wp-content\/uploads\/2022\/11\/mediaworld-1-688x420.jpg 688w, https:\/\/newsroom.armandotesta.it\/wp-content\/uploads\/2022\/11\/mediaworld-1-1320x806.jpg 1320w, https:\/\/newsroom.armandotesta.it\/wp-content\/uploads\/2022\/11\/mediaworld-1.jpg 1481w\" sizes=\"(max-width: 1024px) 100vw, 1024px\" \/><\/figure><\/li><\/ul>\n\n\n\n<figure class=\"wp-block-embed-youtube wp-block-embed is-type-video is-provider-youtube wp-embed-aspect-16-9 wp-has-aspect-ratio\"><div class=\"wp-block-embed__wrapper\">\n<iframe loading=\"lazy\" width=\"696\" height=\"392\" src=\"https:\/\/www.youtube.com\/embed\/TWvYkxgRz6g?feature=oembed\" frameborder=\"0\" allow=\"accelerometer; autoplay; clipboard-write; encrypted-media; gyroscope; picture-in-picture\" allowfullscreen title=\"MediaWorld - Il Vero Vero Vero ma davvero Vero Black Friday\"><\/iframe>\n<\/div><\/figure>\n","protected":false},"excerpt":{"rendered":"<p>Non importa quale sia il brand o quale sia il prodotto: a Novembre tutti fanno il proprio Black Friday. Un intero mese in cui qualsiasi cosa &#8211; ma davvero qualsiasi &#8211; diventa un\u2019occasione. Ma le offerte non sono tutte le stesse, ne sa qualcosa MediaWorld, il primo brand nel settore della hi-tech retail.&nbsp; Ed \u00e8 [&hellip;]<\/p>\n","protected":false},"author":5,"featured_media":6130,"comment_status":"open","ping_status":"open","sticky":false,"template":"","format":"standard","meta":{"_mi_skip_tracking":false},"tags":[],"yoast_head":"<!-- This site is optimized with the Yoast SEO plugin v20.2.1 - https:\/\/yoast.com\/wordpress\/plugins\/seo\/ -->\n<title>Il Black Friday 2022 di MediaWorld torna con una vera, vera, vera ma davvero incredibile campagna omnichannel ideata dal Gruppo Armando Testa! - AT News Room<\/title>\n<meta name=\"robots\" content=\"index, follow, max-snippet:-1, max-image-preview:large, max-video-preview:-1\" \/>\n<link rel=\"canonical\" href=\"https:\/\/newsroom.armandotesta.it\/it\/il-black-friday-2022-di-mediaworld-torna-con-una-vera-vera-vera-ma-davvero-incredibile-campagna-omnichannel-ideata-dal-gruppo-armando-testa\/\" \/>\n<meta name=\"twitter:card\" content=\"summary_large_image\" \/>\n<meta name=\"twitter:title\" content=\"Il Black Friday 2022 di MediaWorld torna con una vera, vera, vera ma davvero incredibile campagna omnichannel ideata dal Gruppo Armando Testa! - AT News Room\" \/>\n<meta name=\"twitter:description\" content=\"Non importa quale sia il brand o quale sia il prodotto: a Novembre tutti fanno il proprio Black Friday. Un intero mese in cui qualsiasi cosa &#8211; ma davvero qualsiasi &#8211; diventa un\u2019occasione. Ma le offerte non sono tutte le stesse, ne sa qualcosa MediaWorld, il primo brand nel settore della hi-tech retail.&nbsp; Ed \u00e8 [&hellip;]\" \/>\n<meta name=\"twitter:image\" content=\"https:\/\/newsroom.armandotesta.it\/wp-content\/uploads\/2022\/11\/mediaworld-1.jpg\" \/>\n<meta name=\"twitter:creator\" content=\"@ArmandoTestaSpA\" \/>\n<meta name=\"twitter:site\" content=\"@ArmandoTestaSpA\" \/>\n<meta name=\"twitter:label1\" content=\"Scritto da\" \/>\n\t<meta name=\"twitter:data1\" content=\"Anna Piizzi\" \/>\n\t<meta name=\"twitter:label2\" content=\"Tempo di lettura stimato\" \/>\n\t<meta name=\"twitter:data2\" content=\"2 minuti\" \/>\n<script type=\"application\/ld+json\" class=\"yoast-schema-graph\">{\"@context\":\"https:\/\/schema.org\",\"@graph\":[{\"@type\":\"WebPage\",\"@id\":\"https:\/\/newsroom.armandotesta.it\/it\/il-black-friday-2022-di-mediaworld-torna-con-una-vera-vera-vera-ma-davvero-incredibile-campagna-omnichannel-ideata-dal-gruppo-armando-testa\/\",\"url\":\"https:\/\/newsroom.armandotesta.it\/it\/il-black-friday-2022-di-mediaworld-torna-con-una-vera-vera-vera-ma-davvero-incredibile-campagna-omnichannel-ideata-dal-gruppo-armando-testa\/\",\"name\":\"Il Black Friday 2022 di MediaWorld torna con una vera, vera, vera ma davvero incredibile campagna omnichannel ideata dal Gruppo Armando Testa! - AT News Room\",\"isPartOf\":{\"@id\":\"https:\/\/newsroom.armandotesta.it\/it\/#website\"},\"datePublished\":\"2022-11-02T17:54:11+00:00\",\"dateModified\":\"2022-11-03T15:40:37+00:00\",\"author\":{\"@id\":\"https:\/\/newsroom.armandotesta.it\/it\/#\/schema\/person\/5d4b22dee94ae271b95d488539ae4346\"},\"breadcrumb\":{\"@id\":\"https:\/\/newsroom.armandotesta.it\/it\/il-black-friday-2022-di-mediaworld-torna-con-una-vera-vera-vera-ma-davvero-incredibile-campagna-omnichannel-ideata-dal-gruppo-armando-testa\/#breadcrumb\"},\"inLanguage\":\"it-IT\",\"potentialAction\":[{\"@type\":\"ReadAction\",\"target\":[\"https:\/\/newsroom.armandotesta.it\/it\/il-black-friday-2022-di-mediaworld-torna-con-una-vera-vera-vera-ma-davvero-incredibile-campagna-omnichannel-ideata-dal-gruppo-armando-testa\/\"]}]},{\"@type\":\"BreadcrumbList\",\"@id\":\"https:\/\/newsroom.armandotesta.it\/it\/il-black-friday-2022-di-mediaworld-torna-con-una-vera-vera-vera-ma-davvero-incredibile-campagna-omnichannel-ideata-dal-gruppo-armando-testa\/#breadcrumb\",\"itemListElement\":[{\"@type\":\"ListItem\",\"position\":1,\"name\":\"Home\",\"item\":\"https:\/\/newsroom.armandotesta.it\/it\/\"},{\"@type\":\"ListItem\",\"position\":2,\"name\":\"Il Black Friday 2022 di MediaWorld torna con una vera, vera, vera ma davvero incredibile campagna omnichannel ideata dal Gruppo Armando Testa!\"}]},{\"@type\":\"WebSite\",\"@id\":\"https:\/\/newsroom.armandotesta.it\/it\/#website\",\"url\":\"https:\/\/newsroom.armandotesta.it\/it\/\",\"name\":\"AT News Room\",\"description\":\"\",\"potentialAction\":[{\"@type\":\"SearchAction\",\"target\":{\"@type\":\"EntryPoint\",\"urlTemplate\":\"https:\/\/newsroom.armandotesta.it\/it\/?s={search_term_string}\"},\"query-input\":\"required name=search_term_string\"}],\"inLanguage\":\"it-IT\"},{\"@type\":\"Person\",\"@id\":\"https:\/\/newsroom.armandotesta.it\/it\/#\/schema\/person\/5d4b22dee94ae271b95d488539ae4346\",\"name\":\"Anna Piizzi\",\"image\":{\"@type\":\"ImageObject\",\"inLanguage\":\"it-IT\",\"@id\":\"https:\/\/newsroom.armandotesta.it\/it\/#\/schema\/person\/image\/\",\"url\":\"https:\/\/secure.gravatar.com\/avatar\/4ed2db8b9426cdc2ce87794129f366e4?s=96&d=blank&r=g\",\"contentUrl\":\"https:\/\/secure.gravatar.com\/avatar\/4ed2db8b9426cdc2ce87794129f366e4?s=96&d=blank&r=g\",\"caption\":\"Anna Piizzi\"},\"url\":\"https:\/\/newsroom.armandotesta.it\/it\/author\/anna-piizzi\/\"}]}<\/script>\n<!-- \/ Yoast SEO plugin. -->","yoast_head_json":{"title":"Il Black Friday 2022 di MediaWorld torna con una vera, vera, vera ma davvero incredibile campagna omnichannel ideata dal Gruppo Armando Testa! - AT News Room","robots":{"index":"index","follow":"follow","max-snippet":"max-snippet:-1","max-image-preview":"max-image-preview:large","max-video-preview":"max-video-preview:-1"},"canonical":"https:\/\/newsroom.armandotesta.it\/it\/il-black-friday-2022-di-mediaworld-torna-con-una-vera-vera-vera-ma-davvero-incredibile-campagna-omnichannel-ideata-dal-gruppo-armando-testa\/","twitter_card":"summary_large_image","twitter_title":"Il Black Friday 2022 di MediaWorld torna con una vera, vera, vera ma davvero incredibile campagna omnichannel ideata dal Gruppo Armando Testa! - AT News Room","twitter_description":"Non importa quale sia il brand o quale sia il prodotto: a Novembre tutti fanno il proprio Black Friday. Un intero mese in cui qualsiasi cosa &#8211; ma davvero qualsiasi &#8211; diventa un\u2019occasione. Ma le offerte non sono tutte le stesse, ne sa qualcosa MediaWorld, il primo brand nel settore della hi-tech retail.&nbsp; Ed \u00e8 [&hellip;]","twitter_image":"https:\/\/newsroom.armandotesta.it\/wp-content\/uploads\/2022\/11\/mediaworld-1.jpg","twitter_creator":"@ArmandoTestaSpA","twitter_site":"@ArmandoTestaSpA","twitter_misc":{"Scritto da":"Anna Piizzi","Tempo di lettura stimato":"2 minuti"},"schema":{"@context":"https:\/\/schema.org","@graph":[{"@type":"WebPage","@id":"https:\/\/newsroom.armandotesta.it\/it\/il-black-friday-2022-di-mediaworld-torna-con-una-vera-vera-vera-ma-davvero-incredibile-campagna-omnichannel-ideata-dal-gruppo-armando-testa\/","url":"https:\/\/newsroom.armandotesta.it\/it\/il-black-friday-2022-di-mediaworld-torna-con-una-vera-vera-vera-ma-davvero-incredibile-campagna-omnichannel-ideata-dal-gruppo-armando-testa\/","name":"Il Black Friday 2022 di MediaWorld torna con una vera, vera, vera ma davvero incredibile campagna omnichannel ideata dal Gruppo Armando Testa! - AT News Room","isPartOf":{"@id":"https:\/\/newsroom.armandotesta.it\/it\/#website"},"datePublished":"2022-11-02T17:54:11+00:00","dateModified":"2022-11-03T15:40:37+00:00","author":{"@id":"https:\/\/newsroom.armandotesta.it\/it\/#\/schema\/person\/5d4b22dee94ae271b95d488539ae4346"},"breadcrumb":{"@id":"https:\/\/newsroom.armandotesta.it\/it\/il-black-friday-2022-di-mediaworld-torna-con-una-vera-vera-vera-ma-davvero-incredibile-campagna-omnichannel-ideata-dal-gruppo-armando-testa\/#breadcrumb"},"inLanguage":"it-IT","potentialAction":[{"@type":"ReadAction","target":["https:\/\/newsroom.armandotesta.it\/it\/il-black-friday-2022-di-mediaworld-torna-con-una-vera-vera-vera-ma-davvero-incredibile-campagna-omnichannel-ideata-dal-gruppo-armando-testa\/"]}]},{"@type":"BreadcrumbList","@id":"https:\/\/newsroom.armandotesta.it\/it\/il-black-friday-2022-di-mediaworld-torna-con-una-vera-vera-vera-ma-davvero-incredibile-campagna-omnichannel-ideata-dal-gruppo-armando-testa\/#breadcrumb","itemListElement":[{"@type":"ListItem","position":1,"name":"Home","item":"https:\/\/newsroom.armandotesta.it\/it\/"},{"@type":"ListItem","position":2,"name":"Il Black Friday 2022 di MediaWorld torna con una vera, vera, vera ma davvero incredibile campagna omnichannel ideata dal Gruppo Armando Testa!"}]},{"@type":"WebSite","@id":"https:\/\/newsroom.armandotesta.it\/it\/#website","url":"https:\/\/newsroom.armandotesta.it\/it\/","name":"AT News Room","description":"","potentialAction":[{"@type":"SearchAction","target":{"@type":"EntryPoint","urlTemplate":"https:\/\/newsroom.armandotesta.it\/it\/?s={search_term_string}"},"query-input":"required name=search_term_string"}],"inLanguage":"it-IT"},{"@type":"Person","@id":"https:\/\/newsroom.armandotesta.it\/it\/#\/schema\/person\/5d4b22dee94ae271b95d488539ae4346","name":"Anna Piizzi","image":{"@type":"ImageObject","inLanguage":"it-IT","@id":"https:\/\/newsroom.armandotesta.it\/it\/#\/schema\/person\/image\/","url":"https:\/\/secure.gravatar.com\/avatar\/4ed2db8b9426cdc2ce87794129f366e4?s=96&d=blank&r=g","contentUrl":"https:\/\/secure.gravatar.com\/avatar\/4ed2db8b9426cdc2ce87794129f366e4?s=96&d=blank&r=g","caption":"Anna Piizzi"},"url":"https:\/\/newsroom.armandotesta.it\/it\/author\/anna-piizzi\/"}]}},"_links":{"self":[{"href":"https:\/\/newsroom.armandotesta.it\/it\/wp-json\/wp\/v2\/posts\/6126\/"}],"collection":[{"href":"https:\/\/newsroom.armandotesta.it\/it\/wp-json\/wp\/v2\/posts\/"}],"about":[{"href":"https:\/\/newsroom.armandotesta.it\/it\/wp-json\/wp\/v2\/types\/post\/"}],"author":[{"embeddable":true,"href":"https:\/\/newsroom.armandotesta.it\/it\/wp-json\/wp\/v2\/users\/5\/"}],"replies":[{"embeddable":true,"href":"https:\/\/newsroom.armandotesta.it\/it\/wp-json\/wp\/v2\/comments\/?post=6126"}],"version-history":[{"count":2,"href":"https:\/\/newsroom.armandotesta.it\/it\/wp-json\/wp\/v2\/posts\/6126\/revisions\/"}],"predecessor-version":[{"id":6146,"href":"https:\/\/newsroom.armandotesta.it\/it\/wp-json\/wp\/v2\/posts\/6126\/revisions\/6146\/"}],"wp:featuredmedia":[{"embeddable":true,"href":"https:\/\/newsroom.armandotesta.it\/it\/wp-json\/wp\/v2\/media\/6130\/"}],"wp:attachment":[{"href":"https:\/\/newsroom.armandotesta.it\/it\/wp-json\/wp\/v2\/media\/?parent=6126"}],"wp:term":[{"taxonomy":"post_tag","embeddable":true,"href":"https:\/\/newsroom.armandotesta.it\/it\/wp-json\/wp\/v2\/tags\/?post=6126"}],"curies":[{"name":"wp","href":"https:\/\/api.w.org\/{rel}","templated":true}]}}