{"id":6367,"date":"2023-03-02T17:06:47","date_gmt":"2023-03-02T16:06:47","guid":{"rendered":"https:\/\/newsroom.armandotesta.it\/?p=6367"},"modified":"2023-03-03T11:43:22","modified_gmt":"2023-03-03T10:43:22","slug":"granterre-sceglie-il-tagliere-di-armando-testa-per-il-lancio-del-nuovo-polo-delle-eccellenze-gastronomiche","status":"publish","type":"post","link":"https:\/\/newsroom.armandotesta.it\/it\/granterre-sceglie-il-tagliere-di-armando-testa-per-il-lancio-del-nuovo-polo-delle-eccellenze-gastronomiche\/","title":{"rendered":"GranTerre sceglie il tagliere di Armando Testa per il lancio del nuovo polo delle eccellenze gastronomiche."},"content":{"rendered":"\n<p>Dall\u2019unione di&nbsp;<em>Grandi Salumifici<\/em>&nbsp;<em>Italiani e<\/em>&nbsp;<em>Parmareggio&nbsp;<\/em>nasce&nbsp;<em>GranTerre<\/em>, l\u2019unica grande realt\u00e0 italiana che&nbsp;<strong>mette insieme i brand dell\u2019eccellenza dei salumi e formaggi stagionati<\/strong>&nbsp;quali&nbsp;<em>Parmareggio, Teneroni,&nbsp;<\/em><em>Gran Tenerone<\/em><em>&nbsp;<\/em><em>Senfter<\/em>&nbsp;e&nbsp;<em>Liberamente<\/em>. Un\u2019unione di saperi e competenze che ha l\u2019intento di portare sulla tavola dei consumatori tutto il sapore delle tipicit\u00e0 di diverse regioni, con un grande sogno per il futuro: quello di diventare&nbsp;il riferimento delle eccellenze gastronomiche di salumi e formaggi.<\/p>\n\n\n\n<p>A seguito della gara per l\u2019assegnazione di tutte le iniziative di comunicazione del nuovo gruppo, GranTerre sceglie l\u2019agenzia Armando Testa, gi\u00e0 partner per i brand di Grandi Salumifici Italiani. La creativit\u00e0 della campagna multimedia usa un simbolo immediato e&nbsp;memorabile&nbsp;che rappresenta l\u2019unione di tanti sapori, variet\u00e0 e tipicit\u00e0: il tagliere.&nbsp;<strong>Il tagliere delle grandi bont\u00e0<\/strong>, che svetta nella simbolica valle di GranTerre, \u00e8 l\u2019<strong>unione delle eccellenze<\/strong>&nbsp;dei singoli brand, delle loro storie, mestieri e saperi tutti italiani, oltrech\u00e9 dei loro pregiati salumi e formaggi stagionati. Icona di un territorio senza pi\u00f9 confini, il tagliere \u00e8 sormontato da un Casale, sede del saper fare e delle persone che lavorano operose nei territori fertili e generosi di GranTerre.&nbsp;<\/p>\n\n\n\n<p>Il tagliere \u00e8 il collante di tutta la comunicazione, che parte in TV con due spot, uno dedicato ai Grattugiati Parmareggio e l\u2019altro a Gran Tenerone, in cui i protagonisti ci danno il benvenuto a GranTerre, invitandoci a scoprire due delle eccellenze del tagliere delle grandi bont\u00e0.<\/p>\n\n\n\n<p>L\u2019idea di un&nbsp;polo di eccellenze \u00e8 ulteriormente sottolineata dalla colonna sonora: il brano Grande Grande Grande di Mina, classico della canzone italiana, riorchestrato e ricantato ad hoc dalla casa di produzione musicale \u201c<em>Quiet,<\/em>&nbsp;<em>Please!\u201d<\/em><\/p>\n\n\n\n<p>La campagna sar\u00e0 on air dal 5 marzo sui principali canali TV, Radio, Digital e Social.&nbsp;<\/p>\n\n\n\n<p><strong>Credits<\/strong><strong><\/strong><\/p>\n\n\n\n<p>Direzione Creativa Esecutiva: Nicola Cellemme, Georgia Ferraro<\/p>\n\n\n\n<p>Creative Team: Cristina Macchi, Chiara Demichelis, Marcello Maiorana, Mariacarmen Ranieri<\/p>\n\n\n\n<p>Head of Strategy: Guglielmo Pezzino<\/p>\n\n\n\n<p>Strategic Planner: Matteo Belcastro<\/p>\n\n\n\n<p>Client Director: Emanuele Cicogna Mozzoni<\/p>\n\n\n\n<p>Account Team: Chiara Simone, Matteo De Don\u00e0<\/p>\n\n\n\n<p>Case di Produzione: H7-25, Filmgood, Quiet,Please! e Screenplay<\/p>\n\n\n\n<figure class=\"is-layout-flex wp-block-gallery-1 wp-block-gallery has-nested-images columns-default is-cropped\">\n<figure class=\"wp-block-image\"><img decoding=\"async\" loading=\"lazy\" width=\"1024\" height=\"576\" data-id=\"6369\"  src=\"https:\/\/newsroom.armandotesta.it\/wp-content\/uploads\/2023\/03\/GRANTENERONE_PACKSHOT-1024x576.jpg\" alt=\"\" class=\"wp-image-6369\" srcset=\"https:\/\/newsroom.armandotesta.it\/wp-content\/uploads\/2023\/03\/GRANTENERONE_PACKSHOT-1024x576.jpg 1024w, https:\/\/newsroom.armandotesta.it\/wp-content\/uploads\/2023\/03\/GRANTENERONE_PACKSHOT-800x450.jpg 800w, https:\/\/newsroom.armandotesta.it\/wp-content\/uploads\/2023\/03\/GRANTENERONE_PACKSHOT-768x432.jpg 768w, https:\/\/newsroom.armandotesta.it\/wp-content\/uploads\/2023\/03\/GRANTENERONE_PACKSHOT-696x392.jpg 696w, https:\/\/newsroom.armandotesta.it\/wp-content\/uploads\/2023\/03\/GRANTENERONE_PACKSHOT-1068x601.jpg 1068w, https:\/\/newsroom.armandotesta.it\/wp-content\/uploads\/2023\/03\/GRANTENERONE_PACKSHOT-747x420.jpg 747w, https:\/\/newsroom.armandotesta.it\/wp-content\/uploads\/2023\/03\/GRANTENERONE_PACKSHOT.jpg 1920w, https:\/\/newsroom.armandotesta.it\/wp-content\/uploads\/2023\/03\/GRANTENERONE_PACKSHOT-1320x743.jpg 1320w\" sizes=\"(max-width: 1024px) 100vw, 1024px\" \/><\/figure>\n\n\n\n<figure class=\"wp-block-image\"><img decoding=\"async\" loading=\"lazy\" width=\"1024\" height=\"576\" data-id=\"6370\"  src=\"https:\/\/newsroom.armandotesta.it\/wp-content\/uploads\/2023\/03\/GRANTERRE_TAGLIERE-1024x576.jpg\" alt=\"\" class=\"wp-image-6370\" srcset=\"https:\/\/newsroom.armandotesta.it\/wp-content\/uploads\/2023\/03\/GRANTERRE_TAGLIERE-1024x576.jpg 1024w, https:\/\/newsroom.armandotesta.it\/wp-content\/uploads\/2023\/03\/GRANTERRE_TAGLIERE-800x450.jpg 800w, https:\/\/newsroom.armandotesta.it\/wp-content\/uploads\/2023\/03\/GRANTERRE_TAGLIERE-768x432.jpg 768w, https:\/\/newsroom.armandotesta.it\/wp-content\/uploads\/2023\/03\/GRANTERRE_TAGLIERE-696x392.jpg 696w, https:\/\/newsroom.armandotesta.it\/wp-content\/uploads\/2023\/03\/GRANTERRE_TAGLIERE-1068x601.jpg 1068w, https:\/\/newsroom.armandotesta.it\/wp-content\/uploads\/2023\/03\/GRANTERRE_TAGLIERE-747x420.jpg 747w, https:\/\/newsroom.armandotesta.it\/wp-content\/uploads\/2023\/03\/GRANTERRE_TAGLIERE.jpg 1920w, https:\/\/newsroom.armandotesta.it\/wp-content\/uploads\/2023\/03\/GRANTERRE_TAGLIERE-1320x743.jpg 1320w\" sizes=\"(max-width: 1024px) 100vw, 1024px\" \/><\/figure>\n\n\n\n<figure class=\"wp-block-image\"><img decoding=\"async\" loading=\"lazy\" width=\"1024\" height=\"576\" data-id=\"6371\"  src=\"https:\/\/newsroom.armandotesta.it\/wp-content\/uploads\/2023\/03\/PARMAREGGIO_GRATTUGGIATI-1024x576.jpg\" alt=\"\" class=\"wp-image-6371\" srcset=\"https:\/\/newsroom.armandotesta.it\/wp-content\/uploads\/2023\/03\/PARMAREGGIO_GRATTUGGIATI-1024x576.jpg 1024w, https:\/\/newsroom.armandotesta.it\/wp-content\/uploads\/2023\/03\/PARMAREGGIO_GRATTUGGIATI-800x450.jpg 800w, https:\/\/newsroom.armandotesta.it\/wp-content\/uploads\/2023\/03\/PARMAREGGIO_GRATTUGGIATI-768x432.jpg 768w, https:\/\/newsroom.armandotesta.it\/wp-content\/uploads\/2023\/03\/PARMAREGGIO_GRATTUGGIATI-696x392.jpg 696w, https:\/\/newsroom.armandotesta.it\/wp-content\/uploads\/2023\/03\/PARMAREGGIO_GRATTUGGIATI-1068x601.jpg 1068w, https:\/\/newsroom.armandotesta.it\/wp-content\/uploads\/2023\/03\/PARMAREGGIO_GRATTUGGIATI-747x420.jpg 747w, https:\/\/newsroom.armandotesta.it\/wp-content\/uploads\/2023\/03\/PARMAREGGIO_GRATTUGGIATI.jpg 1920w, https:\/\/newsroom.armandotesta.it\/wp-content\/uploads\/2023\/03\/PARMAREGGIO_GRATTUGGIATI-1320x743.jpg 1320w\" sizes=\"(max-width: 1024px) 100vw, 1024px\" \/><\/figure>\n<\/figure>\n\n\n\n<figure class=\"wp-block-embed is-type-video is-provider-youtube wp-block-embed-youtube wp-embed-aspect-16-9 wp-has-aspect-ratio\"><div class=\"wp-block-embed__wrapper\">\n<iframe loading=\"lazy\" title=\"SPOT I GRATTUGIATI PARMAREGGIO\" width=\"696\" height=\"392\" src=\"https:\/\/www.youtube.com\/embed\/h41bHf17-Ww?feature=oembed\" frameborder=\"0\" allow=\"accelerometer; autoplay; clipboard-write; encrypted-media; gyroscope; picture-in-picture; web-share\" allowfullscreen><\/iframe>\n<\/div><\/figure>\n\n\n\n<figure class=\"wp-block-embed is-type-video is-provider-youtube wp-block-embed-youtube wp-embed-aspect-16-9 wp-has-aspect-ratio\"><div class=\"wp-block-embed__wrapper\">\n<iframe loading=\"lazy\" title=\"GranTerre - Tagliere Gran Tenerone affettati 30&quot;\" width=\"696\" height=\"392\" src=\"https:\/\/www.youtube.com\/embed\/jUh2suQOsTo?feature=oembed\" frameborder=\"0\" allow=\"accelerometer; autoplay; clipboard-write; encrypted-media; gyroscope; picture-in-picture; web-share\" allowfullscreen><\/iframe>\n<\/div><\/figure>\n","protected":false},"excerpt":{"rendered":"<p>Dall\u2019unione di&nbsp;Grandi Salumifici&nbsp;Italiani e&nbsp;Parmareggio&nbsp;nasce&nbsp;GranTerre, l\u2019unica grande realt\u00e0 italiana che&nbsp;mette insieme i brand dell\u2019eccellenza dei salumi e formaggi stagionati&nbsp;quali&nbsp;Parmareggio, Teneroni,&nbsp;Gran Tenerone&nbsp;Senfter&nbsp;e&nbsp;Liberamente. Un\u2019unione di saperi e competenze che ha l\u2019intento di portare sulla tavola dei consumatori tutto il sapore delle tipicit\u00e0 di diverse regioni, con un grande sogno per il futuro: quello di diventare&nbsp;il riferimento delle eccellenze [&hellip;]<\/p>\n","protected":false},"author":5,"featured_media":6370,"comment_status":"open","ping_status":"open","sticky":false,"template":"","format":"standard","meta":{"_mi_skip_tracking":false},"tags":[],"yoast_head":"<!-- This site is optimized with the Yoast SEO plugin v20.2.1 - https:\/\/yoast.com\/wordpress\/plugins\/seo\/ -->\n<title>GranTerre sceglie il tagliere di Armando Testa per il lancio del nuovo polo delle eccellenze gastronomiche. - AT News Room<\/title>\n<meta name=\"robots\" content=\"index, follow, max-snippet:-1, max-image-preview:large, max-video-preview:-1\" \/>\n<link rel=\"canonical\" href=\"https:\/\/newsroom.armandotesta.it\/it\/granterre-sceglie-il-tagliere-di-armando-testa-per-il-lancio-del-nuovo-polo-delle-eccellenze-gastronomiche\/\" \/>\n<meta name=\"twitter:card\" content=\"summary_large_image\" \/>\n<meta name=\"twitter:title\" content=\"GranTerre sceglie il tagliere di Armando Testa per il lancio del nuovo polo delle eccellenze gastronomiche. - AT News Room\" \/>\n<meta name=\"twitter:description\" content=\"Dall\u2019unione di&nbsp;Grandi Salumifici&nbsp;Italiani e&nbsp;Parmareggio&nbsp;nasce&nbsp;GranTerre, l\u2019unica grande realt\u00e0 italiana che&nbsp;mette insieme i brand dell\u2019eccellenza dei salumi e formaggi stagionati&nbsp;quali&nbsp;Parmareggio, Teneroni,&nbsp;Gran Tenerone&nbsp;Senfter&nbsp;e&nbsp;Liberamente. Un\u2019unione di saperi e competenze che ha l\u2019intento di portare sulla tavola dei consumatori tutto il sapore delle tipicit\u00e0 di diverse regioni, con un grande sogno per il futuro: quello di diventare&nbsp;il riferimento delle eccellenze [&hellip;]\" \/>\n<meta name=\"twitter:image\" content=\"https:\/\/newsroom.armandotesta.it\/wp-content\/uploads\/2023\/03\/GRANTERRE_TAGLIERE.jpg\" \/>\n<meta name=\"twitter:creator\" content=\"@ArmandoTestaSpA\" \/>\n<meta name=\"twitter:site\" content=\"@ArmandoTestaSpA\" \/>\n<meta name=\"twitter:label1\" content=\"Scritto da\" \/>\n\t<meta name=\"twitter:data1\" content=\"Anna Piizzi\" \/>\n\t<meta name=\"twitter:label2\" content=\"Tempo di lettura stimato\" \/>\n\t<meta name=\"twitter:data2\" content=\"3 minuti\" \/>\n<script type=\"application\/ld+json\" class=\"yoast-schema-graph\">{\"@context\":\"https:\/\/schema.org\",\"@graph\":[{\"@type\":\"WebPage\",\"@id\":\"https:\/\/newsroom.armandotesta.it\/it\/granterre-sceglie-il-tagliere-di-armando-testa-per-il-lancio-del-nuovo-polo-delle-eccellenze-gastronomiche\/\",\"url\":\"https:\/\/newsroom.armandotesta.it\/it\/granterre-sceglie-il-tagliere-di-armando-testa-per-il-lancio-del-nuovo-polo-delle-eccellenze-gastronomiche\/\",\"name\":\"GranTerre sceglie il tagliere di Armando Testa per il lancio del nuovo polo delle eccellenze gastronomiche. - AT News Room\",\"isPartOf\":{\"@id\":\"https:\/\/newsroom.armandotesta.it\/it\/#website\"},\"datePublished\":\"2023-03-02T16:06:47+00:00\",\"dateModified\":\"2023-03-03T10:43:22+00:00\",\"author\":{\"@id\":\"https:\/\/newsroom.armandotesta.it\/it\/#\/schema\/person\/5d4b22dee94ae271b95d488539ae4346\"},\"breadcrumb\":{\"@id\":\"https:\/\/newsroom.armandotesta.it\/it\/granterre-sceglie-il-tagliere-di-armando-testa-per-il-lancio-del-nuovo-polo-delle-eccellenze-gastronomiche\/#breadcrumb\"},\"inLanguage\":\"it-IT\",\"potentialAction\":[{\"@type\":\"ReadAction\",\"target\":[\"https:\/\/newsroom.armandotesta.it\/it\/granterre-sceglie-il-tagliere-di-armando-testa-per-il-lancio-del-nuovo-polo-delle-eccellenze-gastronomiche\/\"]}]},{\"@type\":\"BreadcrumbList\",\"@id\":\"https:\/\/newsroom.armandotesta.it\/it\/granterre-sceglie-il-tagliere-di-armando-testa-per-il-lancio-del-nuovo-polo-delle-eccellenze-gastronomiche\/#breadcrumb\",\"itemListElement\":[{\"@type\":\"ListItem\",\"position\":1,\"name\":\"Home\",\"item\":\"https:\/\/newsroom.armandotesta.it\/it\/\"},{\"@type\":\"ListItem\",\"position\":2,\"name\":\"GranTerre sceglie il tagliere di Armando Testa per il lancio del nuovo polo delle eccellenze gastronomiche.\"}]},{\"@type\":\"WebSite\",\"@id\":\"https:\/\/newsroom.armandotesta.it\/it\/#website\",\"url\":\"https:\/\/newsroom.armandotesta.it\/it\/\",\"name\":\"AT News Room\",\"description\":\"\",\"potentialAction\":[{\"@type\":\"SearchAction\",\"target\":{\"@type\":\"EntryPoint\",\"urlTemplate\":\"https:\/\/newsroom.armandotesta.it\/it\/?s={search_term_string}\"},\"query-input\":\"required name=search_term_string\"}],\"inLanguage\":\"it-IT\"},{\"@type\":\"Person\",\"@id\":\"https:\/\/newsroom.armandotesta.it\/it\/#\/schema\/person\/5d4b22dee94ae271b95d488539ae4346\",\"name\":\"Anna Piizzi\",\"image\":{\"@type\":\"ImageObject\",\"inLanguage\":\"it-IT\",\"@id\":\"https:\/\/newsroom.armandotesta.it\/it\/#\/schema\/person\/image\/\",\"url\":\"https:\/\/secure.gravatar.com\/avatar\/4ed2db8b9426cdc2ce87794129f366e4?s=96&d=blank&r=g\",\"contentUrl\":\"https:\/\/secure.gravatar.com\/avatar\/4ed2db8b9426cdc2ce87794129f366e4?s=96&d=blank&r=g\",\"caption\":\"Anna Piizzi\"},\"url\":\"https:\/\/newsroom.armandotesta.it\/it\/author\/anna-piizzi\/\"}]}<\/script>\n<!-- \/ Yoast SEO plugin. -->","yoast_head_json":{"title":"GranTerre sceglie il tagliere di Armando Testa per il lancio del nuovo polo delle eccellenze gastronomiche. - AT News Room","robots":{"index":"index","follow":"follow","max-snippet":"max-snippet:-1","max-image-preview":"max-image-preview:large","max-video-preview":"max-video-preview:-1"},"canonical":"https:\/\/newsroom.armandotesta.it\/it\/granterre-sceglie-il-tagliere-di-armando-testa-per-il-lancio-del-nuovo-polo-delle-eccellenze-gastronomiche\/","twitter_card":"summary_large_image","twitter_title":"GranTerre sceglie il tagliere di Armando Testa per il lancio del nuovo polo delle eccellenze gastronomiche. - AT News Room","twitter_description":"Dall\u2019unione di&nbsp;Grandi Salumifici&nbsp;Italiani e&nbsp;Parmareggio&nbsp;nasce&nbsp;GranTerre, l\u2019unica grande realt\u00e0 italiana che&nbsp;mette insieme i brand dell\u2019eccellenza dei salumi e formaggi stagionati&nbsp;quali&nbsp;Parmareggio, Teneroni,&nbsp;Gran Tenerone&nbsp;Senfter&nbsp;e&nbsp;Liberamente. Un\u2019unione di saperi e competenze che ha l\u2019intento di portare sulla tavola dei consumatori tutto il sapore delle tipicit\u00e0 di diverse regioni, con un grande sogno per il futuro: quello di diventare&nbsp;il riferimento delle eccellenze [&hellip;]","twitter_image":"https:\/\/newsroom.armandotesta.it\/wp-content\/uploads\/2023\/03\/GRANTERRE_TAGLIERE.jpg","twitter_creator":"@ArmandoTestaSpA","twitter_site":"@ArmandoTestaSpA","twitter_misc":{"Scritto da":"Anna Piizzi","Tempo di lettura stimato":"3 minuti"},"schema":{"@context":"https:\/\/schema.org","@graph":[{"@type":"WebPage","@id":"https:\/\/newsroom.armandotesta.it\/it\/granterre-sceglie-il-tagliere-di-armando-testa-per-il-lancio-del-nuovo-polo-delle-eccellenze-gastronomiche\/","url":"https:\/\/newsroom.armandotesta.it\/it\/granterre-sceglie-il-tagliere-di-armando-testa-per-il-lancio-del-nuovo-polo-delle-eccellenze-gastronomiche\/","name":"GranTerre sceglie il tagliere di Armando Testa per il lancio del nuovo polo delle eccellenze gastronomiche. - AT News Room","isPartOf":{"@id":"https:\/\/newsroom.armandotesta.it\/it\/#website"},"datePublished":"2023-03-02T16:06:47+00:00","dateModified":"2023-03-03T10:43:22+00:00","author":{"@id":"https:\/\/newsroom.armandotesta.it\/it\/#\/schema\/person\/5d4b22dee94ae271b95d488539ae4346"},"breadcrumb":{"@id":"https:\/\/newsroom.armandotesta.it\/it\/granterre-sceglie-il-tagliere-di-armando-testa-per-il-lancio-del-nuovo-polo-delle-eccellenze-gastronomiche\/#breadcrumb"},"inLanguage":"it-IT","potentialAction":[{"@type":"ReadAction","target":["https:\/\/newsroom.armandotesta.it\/it\/granterre-sceglie-il-tagliere-di-armando-testa-per-il-lancio-del-nuovo-polo-delle-eccellenze-gastronomiche\/"]}]},{"@type":"BreadcrumbList","@id":"https:\/\/newsroom.armandotesta.it\/it\/granterre-sceglie-il-tagliere-di-armando-testa-per-il-lancio-del-nuovo-polo-delle-eccellenze-gastronomiche\/#breadcrumb","itemListElement":[{"@type":"ListItem","position":1,"name":"Home","item":"https:\/\/newsroom.armandotesta.it\/it\/"},{"@type":"ListItem","position":2,"name":"GranTerre sceglie il tagliere di Armando Testa per il lancio del nuovo polo delle eccellenze gastronomiche."}]},{"@type":"WebSite","@id":"https:\/\/newsroom.armandotesta.it\/it\/#website","url":"https:\/\/newsroom.armandotesta.it\/it\/","name":"AT News Room","description":"","potentialAction":[{"@type":"SearchAction","target":{"@type":"EntryPoint","urlTemplate":"https:\/\/newsroom.armandotesta.it\/it\/?s={search_term_string}"},"query-input":"required name=search_term_string"}],"inLanguage":"it-IT"},{"@type":"Person","@id":"https:\/\/newsroom.armandotesta.it\/it\/#\/schema\/person\/5d4b22dee94ae271b95d488539ae4346","name":"Anna Piizzi","image":{"@type":"ImageObject","inLanguage":"it-IT","@id":"https:\/\/newsroom.armandotesta.it\/it\/#\/schema\/person\/image\/","url":"https:\/\/secure.gravatar.com\/avatar\/4ed2db8b9426cdc2ce87794129f366e4?s=96&d=blank&r=g","contentUrl":"https:\/\/secure.gravatar.com\/avatar\/4ed2db8b9426cdc2ce87794129f366e4?s=96&d=blank&r=g","caption":"Anna Piizzi"},"url":"https:\/\/newsroom.armandotesta.it\/it\/author\/anna-piizzi\/"}]}},"_links":{"self":[{"href":"https:\/\/newsroom.armandotesta.it\/it\/wp-json\/wp\/v2\/posts\/6367\/"}],"collection":[{"href":"https:\/\/newsroom.armandotesta.it\/it\/wp-json\/wp\/v2\/posts\/"}],"about":[{"href":"https:\/\/newsroom.armandotesta.it\/it\/wp-json\/wp\/v2\/types\/post\/"}],"author":[{"embeddable":true,"href":"https:\/\/newsroom.armandotesta.it\/it\/wp-json\/wp\/v2\/users\/5\/"}],"replies":[{"embeddable":true,"href":"https:\/\/newsroom.armandotesta.it\/it\/wp-json\/wp\/v2\/comments\/?post=6367"}],"version-history":[{"count":4,"href":"https:\/\/newsroom.armandotesta.it\/it\/wp-json\/wp\/v2\/posts\/6367\/revisions\/"}],"predecessor-version":[{"id":6403,"href":"https:\/\/newsroom.armandotesta.it\/it\/wp-json\/wp\/v2\/posts\/6367\/revisions\/6403\/"}],"wp:featuredmedia":[{"embeddable":true,"href":"https:\/\/newsroom.armandotesta.it\/it\/wp-json\/wp\/v2\/media\/6370\/"}],"wp:attachment":[{"href":"https:\/\/newsroom.armandotesta.it\/it\/wp-json\/wp\/v2\/media\/?parent=6367"}],"wp:term":[{"taxonomy":"post_tag","embeddable":true,"href":"https:\/\/newsroom.armandotesta.it\/it\/wp-json\/wp\/v2\/tags\/?post=6367"}],"curies":[{"name":"wp","href":"https:\/\/api.w.org\/{rel}","templated":true}]}}