{"id":6989,"date":"2024-02-01T13:20:31","date_gmt":"2024-02-01T12:20:31","guid":{"rendered":"https:\/\/newsroom.armandotesta.it\/?p=6989"},"modified":"2024-02-06T12:43:08","modified_gmt":"2024-02-06T11:43:08","slug":"tescoma-presenta-la-nuova-creativita-della-campagna-la-tua-casa-la-tua-storia-sempre-firmata-armando-testa","status":"publish","type":"post","link":"https:\/\/newsroom.armandotesta.it\/it\/tescoma-presenta-la-nuova-creativita-della-campagna-la-tua-casa-la-tua-storia-sempre-firmata-armando-testa\/","title":{"rendered":"Tescoma presenta la nuova creativit\u00e0 della campagna \u201cLa tua casa, la tua storia.\u201d Sempre firmata Armando Testa."},"content":{"rendered":"\n<p>Tescoma, leader nel settore degli utensili per la cucina e per la casa, presenta la nuova campagna di comunicazione, con un progetto ideato da Armando Testa, l\u2019agenzia con la quale ha instaurato un rapporto di collaborazione e fiducia da anni.<\/p>\n\n\n\n<p>\u201cOgni casa \u00e8 fatta da chi la abita &#8211; queste le parole della direzione creativa di Armando Testa &#8211; non solo le persone, ma anche gli oggetti. Quegli oggetti quotidiani ma cos\u00ec speciali che aiutano a ricreare ogni giorno, ma anche a ritrovare -pensiamo per esempio al ritorno da un viaggio- i momenti della propria storia personale. E quindi un tostapane, una teiera, una casseruola, non sono pi\u00f9 solo oggetti, ma diventano casa, la tua.<\/p>\n\n\n\n<p>Da questa verit\u00e0 \u00e8 nata la campagna, nella quale i prodotti Tescoma diventano, letteralmente, palazzi, villette, loft\u2026In cui non puoi non aver voglia di abitare.\u201d<\/p>\n\n\n\n<p>Nicoletta Abeni, Responsabile Marketing e Comunicazione di Tescoma Italia, dichiara:<\/p>\n\n\n\n<p>\u201cI prodotti Tescoma sono pensati e progettati da sempre per semplificarti la giornata e farti sentire a casa: abbiamo un catalogo importante, che conta 3500 referenze e costantemente arricchito da novit\u00e0 pensate proprio per accontentare ed incontrare i gusti di tutti, soddisfacendo anche i consumatori pi\u00f9 esigenti. Per la realizzazione di questa campagna, il nostro team creativo si \u00e8 divertito insieme a quello dell&#8217;agenzia Armando Testa ad immaginare contestualizzazioni inedite, cambi di prospettiva, caratterizzazioni giocose dei prodotti Tescoma che sono cos\u00ec diventati i veri protagonisti.\u201d<\/p>\n\n\n\n<p>Primo lancio di campagna dedicato ad uno dei momenti pi\u00f9 importanti della giornata, la colazione, con una delle ultime novit\u00e0, dal design high tech, della gamma Tescoma: il Tostapane della Linea President.<\/p>\n\n\n\n<p>Il progetto si svilupper\u00e0 nel corso dei prossimi mesi con altri soggetti. Presentati sui mezzi stampa, digital, radio, affissione e TV, e con un film in taglio 15\u201d prodotto da Armando Testa Studios, che sar\u00e0 pianificato a partire dal mese di Marzo. Per una campagna integrata che soggetto dopo soggetto racconter\u00e0 tutta la straordinariet\u00e0 di prodotti che, qualunque sia la tua storia, sanno davvero farti sentire a casa.<\/p>\n\n\n\n<p><strong>Credits:<\/strong><strong><\/strong><\/p>\n\n\n\n<p>Direzione creativa: Monica Pirocca e Michela Sartorio<\/p>\n\n\n\n<p>Creative Team: Gaetano Corvino<\/p>\n\n\n\n<p>Direzione Clienti: Benedetta Buzzoni<\/p>\n\n\n\n<p>Team account: Francesca Toschi e Biagio Carrella<\/p>\n\n\n\n<p>Head of Strategy: Guglielmo Pezzino<\/p>\n\n\n\n<p>Illustrazioni, 3D e post produzione: Michelangelo Rossino<\/p>\n\n\n\n<figure class=\"wp-block-image size-large\"><img decoding=\"async\" loading=\"lazy\" width=\"523\" height=\"768\" src=\"https:\/\/newsroom.armandotesta.it\/wp-content\/uploads\/2024\/02\/thumbnail_TESCOMA_PAGINA_tostapane_275x404-523x768.jpg\" alt=\"\" class=\"wp-image-6990\" srcset=\"https:\/\/newsroom.armandotesta.it\/wp-content\/uploads\/2024\/02\/thumbnail_TESCOMA_PAGINA_tostapane_275x404-523x768.jpg 523w, https:\/\/newsroom.armandotesta.it\/wp-content\/uploads\/2024\/02\/thumbnail_TESCOMA_PAGINA_tostapane_275x404-408x600.jpg 408w, https:\/\/newsroom.armandotesta.it\/wp-content\/uploads\/2024\/02\/thumbnail_TESCOMA_PAGINA_tostapane_275x404-768x1128.jpg 768w, https:\/\/newsroom.armandotesta.it\/wp-content\/uploads\/2024\/02\/thumbnail_TESCOMA_PAGINA_tostapane_275x404-1045x1536.jpg 1045w, https:\/\/newsroom.armandotesta.it\/wp-content\/uploads\/2024\/02\/thumbnail_TESCOMA_PAGINA_tostapane_275x404-1394x2048.jpg 1394w, https:\/\/newsroom.armandotesta.it\/wp-content\/uploads\/2024\/02\/thumbnail_TESCOMA_PAGINA_tostapane_275x404-696x1023.jpg 696w, https:\/\/newsroom.armandotesta.it\/wp-content\/uploads\/2024\/02\/thumbnail_TESCOMA_PAGINA_tostapane_275x404-1068x1569.jpg 1068w, https:\/\/newsroom.armandotesta.it\/wp-content\/uploads\/2024\/02\/thumbnail_TESCOMA_PAGINA_tostapane_275x404-286x420.jpg 286w, https:\/\/newsroom.armandotesta.it\/wp-content\/uploads\/2024\/02\/thumbnail_TESCOMA_PAGINA_tostapane_275x404-1320x1939.jpg 1320w, https:\/\/newsroom.armandotesta.it\/wp-content\/uploads\/2024\/02\/thumbnail_TESCOMA_PAGINA_tostapane_275x404.jpg 1624w\" sizes=\"(max-width: 523px) 100vw, 523px\" \/><\/figure>\n","protected":false},"excerpt":{"rendered":"<p>Tescoma, leader nel settore degli utensili per la cucina e per la casa, presenta la nuova campagna di comunicazione, con un progetto ideato da Armando Testa, l\u2019agenzia con la quale ha instaurato un rapporto di collaborazione e fiducia da anni. \u201cOgni casa \u00e8 fatta da chi la abita &#8211; queste le parole della direzione creativa [&hellip;]<\/p>\n","protected":false},"author":5,"featured_media":6990,"comment_status":"closed","ping_status":"open","sticky":false,"template":"","format":"standard","meta":{"_mi_skip_tracking":false},"tags":[],"yoast_head":"<!-- This site is optimized with the Yoast SEO plugin v20.2.1 - https:\/\/yoast.com\/wordpress\/plugins\/seo\/ -->\n<title>Tescoma presenta la nuova creativit\u00e0 della campagna \u201cLa tua casa, la tua storia.\u201d Sempre firmata Armando Testa. - AT News Room<\/title>\n<meta name=\"robots\" content=\"index, follow, max-snippet:-1, max-image-preview:large, max-video-preview:-1\" \/>\n<link rel=\"canonical\" href=\"https:\/\/newsroom.armandotesta.it\/it\/tescoma-presenta-la-nuova-creativita-della-campagna-la-tua-casa-la-tua-storia-sempre-firmata-armando-testa\/\" \/>\n<meta name=\"twitter:card\" content=\"summary_large_image\" \/>\n<meta name=\"twitter:title\" content=\"Tescoma presenta la nuova creativit\u00e0 della campagna \u201cLa tua casa, la tua storia.\u201d Sempre firmata Armando Testa. - AT News Room\" \/>\n<meta name=\"twitter:description\" content=\"Tescoma, leader nel settore degli utensili per la cucina e per la casa, presenta la nuova campagna di comunicazione, con un progetto ideato da Armando Testa, l\u2019agenzia con la quale ha instaurato un rapporto di collaborazione e fiducia da anni. \u201cOgni casa \u00e8 fatta da chi la abita &#8211; queste le parole della direzione creativa [&hellip;]\" \/>\n<meta name=\"twitter:image\" content=\"https:\/\/newsroom.armandotesta.it\/wp-content\/uploads\/2024\/02\/thumbnail_TESCOMA_PAGINA_tostapane_275x404.jpg\" \/>\n<meta name=\"twitter:creator\" content=\"@ArmandoTestaSpA\" \/>\n<meta name=\"twitter:site\" content=\"@ArmandoTestaSpA\" \/>\n<meta name=\"twitter:label1\" content=\"Scritto da\" \/>\n\t<meta name=\"twitter:data1\" content=\"Anna Piizzi\" \/>\n\t<meta name=\"twitter:label2\" content=\"Tempo di lettura stimato\" \/>\n\t<meta name=\"twitter:data2\" content=\"3 minuti\" \/>\n<script type=\"application\/ld+json\" class=\"yoast-schema-graph\">{\"@context\":\"https:\/\/schema.org\",\"@graph\":[{\"@type\":\"WebPage\",\"@id\":\"https:\/\/newsroom.armandotesta.it\/it\/tescoma-presenta-la-nuova-creativita-della-campagna-la-tua-casa-la-tua-storia-sempre-firmata-armando-testa\/\",\"url\":\"https:\/\/newsroom.armandotesta.it\/it\/tescoma-presenta-la-nuova-creativita-della-campagna-la-tua-casa-la-tua-storia-sempre-firmata-armando-testa\/\",\"name\":\"Tescoma presenta la nuova creativit\u00e0 della campagna \u201cLa tua casa, la tua storia.\u201d Sempre firmata Armando Testa. - AT News Room\",\"isPartOf\":{\"@id\":\"https:\/\/newsroom.armandotesta.it\/it\/#website\"},\"datePublished\":\"2024-02-01T12:20:31+00:00\",\"dateModified\":\"2024-02-06T11:43:08+00:00\",\"author\":{\"@id\":\"https:\/\/newsroom.armandotesta.it\/it\/#\/schema\/person\/5d4b22dee94ae271b95d488539ae4346\"},\"breadcrumb\":{\"@id\":\"https:\/\/newsroom.armandotesta.it\/it\/tescoma-presenta-la-nuova-creativita-della-campagna-la-tua-casa-la-tua-storia-sempre-firmata-armando-testa\/#breadcrumb\"},\"inLanguage\":\"it-IT\",\"potentialAction\":[{\"@type\":\"ReadAction\",\"target\":[\"https:\/\/newsroom.armandotesta.it\/it\/tescoma-presenta-la-nuova-creativita-della-campagna-la-tua-casa-la-tua-storia-sempre-firmata-armando-testa\/\"]}]},{\"@type\":\"BreadcrumbList\",\"@id\":\"https:\/\/newsroom.armandotesta.it\/it\/tescoma-presenta-la-nuova-creativita-della-campagna-la-tua-casa-la-tua-storia-sempre-firmata-armando-testa\/#breadcrumb\",\"itemListElement\":[{\"@type\":\"ListItem\",\"position\":1,\"name\":\"Home\",\"item\":\"https:\/\/newsroom.armandotesta.it\/it\/\"},{\"@type\":\"ListItem\",\"position\":2,\"name\":\"Tescoma presenta la nuova creativit\u00e0 della campagna \u201cLa tua casa, la tua storia.\u201d Sempre firmata Armando Testa.\"}]},{\"@type\":\"WebSite\",\"@id\":\"https:\/\/newsroom.armandotesta.it\/it\/#website\",\"url\":\"https:\/\/newsroom.armandotesta.it\/it\/\",\"name\":\"AT News Room\",\"description\":\"\",\"potentialAction\":[{\"@type\":\"SearchAction\",\"target\":{\"@type\":\"EntryPoint\",\"urlTemplate\":\"https:\/\/newsroom.armandotesta.it\/it\/?s={search_term_string}\"},\"query-input\":\"required name=search_term_string\"}],\"inLanguage\":\"it-IT\"},{\"@type\":\"Person\",\"@id\":\"https:\/\/newsroom.armandotesta.it\/it\/#\/schema\/person\/5d4b22dee94ae271b95d488539ae4346\",\"name\":\"Anna Piizzi\",\"image\":{\"@type\":\"ImageObject\",\"inLanguage\":\"it-IT\",\"@id\":\"https:\/\/newsroom.armandotesta.it\/it\/#\/schema\/person\/image\/\",\"url\":\"https:\/\/secure.gravatar.com\/avatar\/4ed2db8b9426cdc2ce87794129f366e4?s=96&d=blank&r=g\",\"contentUrl\":\"https:\/\/secure.gravatar.com\/avatar\/4ed2db8b9426cdc2ce87794129f366e4?s=96&d=blank&r=g\",\"caption\":\"Anna Piizzi\"},\"url\":\"https:\/\/newsroom.armandotesta.it\/it\/author\/anna-piizzi\/\"}]}<\/script>\n<!-- \/ Yoast SEO plugin. -->","yoast_head_json":{"title":"Tescoma presenta la nuova creativit\u00e0 della campagna \u201cLa tua casa, la tua storia.\u201d Sempre firmata Armando Testa. - AT News Room","robots":{"index":"index","follow":"follow","max-snippet":"max-snippet:-1","max-image-preview":"max-image-preview:large","max-video-preview":"max-video-preview:-1"},"canonical":"https:\/\/newsroom.armandotesta.it\/it\/tescoma-presenta-la-nuova-creativita-della-campagna-la-tua-casa-la-tua-storia-sempre-firmata-armando-testa\/","twitter_card":"summary_large_image","twitter_title":"Tescoma presenta la nuova creativit\u00e0 della campagna \u201cLa tua casa, la tua storia.\u201d Sempre firmata Armando Testa. - AT News Room","twitter_description":"Tescoma, leader nel settore degli utensili per la cucina e per la casa, presenta la nuova campagna di comunicazione, con un progetto ideato da Armando Testa, l\u2019agenzia con la quale ha instaurato un rapporto di collaborazione e fiducia da anni. \u201cOgni casa \u00e8 fatta da chi la abita &#8211; queste le parole della direzione creativa [&hellip;]","twitter_image":"https:\/\/newsroom.armandotesta.it\/wp-content\/uploads\/2024\/02\/thumbnail_TESCOMA_PAGINA_tostapane_275x404.jpg","twitter_creator":"@ArmandoTestaSpA","twitter_site":"@ArmandoTestaSpA","twitter_misc":{"Scritto da":"Anna Piizzi","Tempo di lettura stimato":"3 minuti"},"schema":{"@context":"https:\/\/schema.org","@graph":[{"@type":"WebPage","@id":"https:\/\/newsroom.armandotesta.it\/it\/tescoma-presenta-la-nuova-creativita-della-campagna-la-tua-casa-la-tua-storia-sempre-firmata-armando-testa\/","url":"https:\/\/newsroom.armandotesta.it\/it\/tescoma-presenta-la-nuova-creativita-della-campagna-la-tua-casa-la-tua-storia-sempre-firmata-armando-testa\/","name":"Tescoma presenta la nuova creativit\u00e0 della campagna \u201cLa tua casa, la tua storia.\u201d Sempre firmata Armando Testa. - AT News Room","isPartOf":{"@id":"https:\/\/newsroom.armandotesta.it\/it\/#website"},"datePublished":"2024-02-01T12:20:31+00:00","dateModified":"2024-02-06T11:43:08+00:00","author":{"@id":"https:\/\/newsroom.armandotesta.it\/it\/#\/schema\/person\/5d4b22dee94ae271b95d488539ae4346"},"breadcrumb":{"@id":"https:\/\/newsroom.armandotesta.it\/it\/tescoma-presenta-la-nuova-creativita-della-campagna-la-tua-casa-la-tua-storia-sempre-firmata-armando-testa\/#breadcrumb"},"inLanguage":"it-IT","potentialAction":[{"@type":"ReadAction","target":["https:\/\/newsroom.armandotesta.it\/it\/tescoma-presenta-la-nuova-creativita-della-campagna-la-tua-casa-la-tua-storia-sempre-firmata-armando-testa\/"]}]},{"@type":"BreadcrumbList","@id":"https:\/\/newsroom.armandotesta.it\/it\/tescoma-presenta-la-nuova-creativita-della-campagna-la-tua-casa-la-tua-storia-sempre-firmata-armando-testa\/#breadcrumb","itemListElement":[{"@type":"ListItem","position":1,"name":"Home","item":"https:\/\/newsroom.armandotesta.it\/it\/"},{"@type":"ListItem","position":2,"name":"Tescoma presenta la nuova creativit\u00e0 della campagna \u201cLa tua casa, la tua storia.\u201d Sempre firmata Armando Testa."}]},{"@type":"WebSite","@id":"https:\/\/newsroom.armandotesta.it\/it\/#website","url":"https:\/\/newsroom.armandotesta.it\/it\/","name":"AT News Room","description":"","potentialAction":[{"@type":"SearchAction","target":{"@type":"EntryPoint","urlTemplate":"https:\/\/newsroom.armandotesta.it\/it\/?s={search_term_string}"},"query-input":"required name=search_term_string"}],"inLanguage":"it-IT"},{"@type":"Person","@id":"https:\/\/newsroom.armandotesta.it\/it\/#\/schema\/person\/5d4b22dee94ae271b95d488539ae4346","name":"Anna Piizzi","image":{"@type":"ImageObject","inLanguage":"it-IT","@id":"https:\/\/newsroom.armandotesta.it\/it\/#\/schema\/person\/image\/","url":"https:\/\/secure.gravatar.com\/avatar\/4ed2db8b9426cdc2ce87794129f366e4?s=96&d=blank&r=g","contentUrl":"https:\/\/secure.gravatar.com\/avatar\/4ed2db8b9426cdc2ce87794129f366e4?s=96&d=blank&r=g","caption":"Anna Piizzi"},"url":"https:\/\/newsroom.armandotesta.it\/it\/author\/anna-piizzi\/"}]}},"_links":{"self":[{"href":"https:\/\/newsroom.armandotesta.it\/it\/wp-json\/wp\/v2\/posts\/6989\/"}],"collection":[{"href":"https:\/\/newsroom.armandotesta.it\/it\/wp-json\/wp\/v2\/posts\/"}],"about":[{"href":"https:\/\/newsroom.armandotesta.it\/it\/wp-json\/wp\/v2\/types\/post\/"}],"author":[{"embeddable":true,"href":"https:\/\/newsroom.armandotesta.it\/it\/wp-json\/wp\/v2\/users\/5\/"}],"replies":[{"embeddable":true,"href":"https:\/\/newsroom.armandotesta.it\/it\/wp-json\/wp\/v2\/comments\/?post=6989"}],"version-history":[{"count":1,"href":"https:\/\/newsroom.armandotesta.it\/it\/wp-json\/wp\/v2\/posts\/6989\/revisions\/"}],"predecessor-version":[{"id":6991,"href":"https:\/\/newsroom.armandotesta.it\/it\/wp-json\/wp\/v2\/posts\/6989\/revisions\/6991\/"}],"wp:featuredmedia":[{"embeddable":true,"href":"https:\/\/newsroom.armandotesta.it\/it\/wp-json\/wp\/v2\/media\/6990\/"}],"wp:attachment":[{"href":"https:\/\/newsroom.armandotesta.it\/it\/wp-json\/wp\/v2\/media\/?parent=6989"}],"wp:term":[{"taxonomy":"post_tag","embeddable":true,"href":"https:\/\/newsroom.armandotesta.it\/it\/wp-json\/wp\/v2\/tags\/?post=6989"}],"curies":[{"name":"wp","href":"https:\/\/api.w.org\/{rel}","templated":true}]}}