{"id":6998,"date":"2024-02-05T13:43:03","date_gmt":"2024-02-05T12:43:03","guid":{"rendered":"https:\/\/newsroom.armandotesta.it\/?p=6998"},"modified":"2024-02-06T12:47:37","modified_gmt":"2024-02-06T11:47:37","slug":"lucart-group-affida-al-gruppo-armando-testa-la-strategia-di-comunicazione-creativa-del-marchio-tenderly-una-gara-vinta-con-la-tenerezza","status":"publish","type":"post","link":"https:\/\/newsroom.armandotesta.it\/it\/lucart-group-affida-al-gruppo-armando-testa-la-strategia-di-comunicazione-creativa-del-marchio-tenderly-una-gara-vinta-con-la-tenerezza\/","title":{"rendered":"Lucart Group\u00a0affida al Gruppo Armando Testa la\u00a0strategia di comunicazione creativa del marchio Tenderly\u2026 una gara vinta con la tenerezza!"},"content":{"rendered":"\n<p>A seguito di una gara svoltasi negli scorsi mesi, il Gruppo Lucart per il proprio brand Tenderly decide di proseguire la propria lunga storia di tenerezza insieme al Gruppo Armando Testa.<\/p>\n\n\n\n<p>Alla base del progetto vincitore, c\u2019\u00e8 una strategia in cui si va al significato pi\u00f9 profondo di questa parola e al suo valore imprescindibile: Perch\u00e9, mai come oggi c\u2019\u00e8 bisogno di tenerezza, per tutti e in tutti i sensi.&nbsp;<\/p>\n\n\n\n<p>Un mondo pi\u00f9 tenero \u00e8 possibile e noi riusciamo a vederlo: con la campagna, on air in TV, radio e su diversi touch point da marzo 2024, scopriremo come e attraverso quali occhi.<\/p>\n\n\n\n<p>Oltre a sviluppare la nuova strategia e comunicazione con l\u2019obiettivo di aumentare la memorabilit\u00e0 e migliorare la percezione della marca, il Gruppo Armando Testa si occuper\u00e0 anche&nbsp;di creare un nuovo approccio di storytelling per le linee editoriali social che sappia raccontare il brand e i valori che lo caratterizzano da sempre.<\/p>\n\n\n\n<figure class=\"wp-block-image size-large\"><img decoding=\"async\" loading=\"lazy\" width=\"1024\" height=\"724\" src=\"https:\/\/newsroom.armandotesta.it\/wp-content\/uploads\/2024\/02\/logo_Tenderly_color-1024x724.png\" alt=\"\" class=\"wp-image-6999\" srcset=\"https:\/\/newsroom.armandotesta.it\/wp-content\/uploads\/2024\/02\/logo_Tenderly_color-1024x724.png 1024w, https:\/\/newsroom.armandotesta.it\/wp-content\/uploads\/2024\/02\/logo_Tenderly_color-800x566.png 800w, https:\/\/newsroom.armandotesta.it\/wp-content\/uploads\/2024\/02\/logo_Tenderly_color-768x543.png 768w, https:\/\/newsroom.armandotesta.it\/wp-content\/uploads\/2024\/02\/logo_Tenderly_color-1536x1086.png 1536w, https:\/\/newsroom.armandotesta.it\/wp-content\/uploads\/2024\/02\/logo_Tenderly_color-2048x1448.png 2048w, https:\/\/newsroom.armandotesta.it\/wp-content\/uploads\/2024\/02\/logo_Tenderly_color-100x70.png 100w, https:\/\/newsroom.armandotesta.it\/wp-content\/uploads\/2024\/02\/logo_Tenderly_color-696x492.png 696w, https:\/\/newsroom.armandotesta.it\/wp-content\/uploads\/2024\/02\/logo_Tenderly_color-1068x755.png 1068w, https:\/\/newsroom.armandotesta.it\/wp-content\/uploads\/2024\/02\/logo_Tenderly_color-594x420.png 594w, https:\/\/newsroom.armandotesta.it\/wp-content\/uploads\/2024\/02\/logo_Tenderly_color-1920x1358.png 1920w, https:\/\/newsroom.armandotesta.it\/wp-content\/uploads\/2024\/02\/logo_Tenderly_color-1320x934.png 1320w\" sizes=\"(max-width: 1024px) 100vw, 1024px\" \/><\/figure>\n","protected":false},"excerpt":{"rendered":"<p>A seguito di una gara svoltasi negli scorsi mesi, il Gruppo Lucart per il proprio brand Tenderly decide di proseguire la propria lunga storia di tenerezza insieme al Gruppo Armando Testa. Alla base del progetto vincitore, c\u2019\u00e8 una strategia in cui si va al significato pi\u00f9 profondo di questa parola e al suo valore imprescindibile: [&hellip;]<\/p>\n","protected":false},"author":5,"featured_media":6999,"comment_status":"closed","ping_status":"open","sticky":false,"template":"","format":"standard","meta":{"_mi_skip_tracking":false},"tags":[],"yoast_head":"<!-- This site is optimized with the Yoast SEO plugin v20.2.1 - https:\/\/yoast.com\/wordpress\/plugins\/seo\/ -->\n<title>Lucart Group\u00a0affida al Gruppo Armando Testa la\u00a0strategia di comunicazione creativa del marchio Tenderly\u2026 una gara vinta con la tenerezza! - AT News Room<\/title>\n<meta name=\"robots\" content=\"index, follow, max-snippet:-1, max-image-preview:large, max-video-preview:-1\" \/>\n<link rel=\"canonical\" href=\"https:\/\/newsroom.armandotesta.it\/it\/lucart-group-affida-al-gruppo-armando-testa-la-strategia-di-comunicazione-creativa-del-marchio-tenderly-una-gara-vinta-con-la-tenerezza\/\" \/>\n<meta name=\"twitter:card\" content=\"summary_large_image\" \/>\n<meta name=\"twitter:title\" content=\"Lucart Group\u00a0affida al Gruppo Armando Testa la\u00a0strategia di comunicazione creativa del marchio Tenderly\u2026 una gara vinta con la tenerezza! - AT News Room\" \/>\n<meta name=\"twitter:description\" content=\"A seguito di una gara svoltasi negli scorsi mesi, il Gruppo Lucart per il proprio brand Tenderly decide di proseguire la propria lunga storia di tenerezza insieme al Gruppo Armando Testa. Alla base del progetto vincitore, c\u2019\u00e8 una strategia in cui si va al significato pi\u00f9 profondo di questa parola e al suo valore imprescindibile: [&hellip;]\" \/>\n<meta name=\"twitter:image\" content=\"https:\/\/newsroom.armandotesta.it\/wp-content\/uploads\/2024\/02\/logo_Tenderly_color.png\" \/>\n<meta name=\"twitter:creator\" content=\"@ArmandoTestaSpA\" \/>\n<meta name=\"twitter:site\" content=\"@ArmandoTestaSpA\" \/>\n<meta name=\"twitter:label1\" content=\"Scritto da\" \/>\n\t<meta name=\"twitter:data1\" content=\"Anna Piizzi\" \/>\n\t<meta name=\"twitter:label2\" content=\"Tempo di lettura stimato\" \/>\n\t<meta name=\"twitter:data2\" content=\"2 minuti\" \/>\n<script type=\"application\/ld+json\" class=\"yoast-schema-graph\">{\"@context\":\"https:\/\/schema.org\",\"@graph\":[{\"@type\":\"WebPage\",\"@id\":\"https:\/\/newsroom.armandotesta.it\/it\/lucart-group-affida-al-gruppo-armando-testa-la-strategia-di-comunicazione-creativa-del-marchio-tenderly-una-gara-vinta-con-la-tenerezza\/\",\"url\":\"https:\/\/newsroom.armandotesta.it\/it\/lucart-group-affida-al-gruppo-armando-testa-la-strategia-di-comunicazione-creativa-del-marchio-tenderly-una-gara-vinta-con-la-tenerezza\/\",\"name\":\"Lucart Group\u00a0affida al Gruppo Armando Testa la\u00a0strategia di comunicazione creativa del marchio Tenderly\u2026 una gara vinta con la tenerezza! - AT News Room\",\"isPartOf\":{\"@id\":\"https:\/\/newsroom.armandotesta.it\/it\/#website\"},\"datePublished\":\"2024-02-05T12:43:03+00:00\",\"dateModified\":\"2024-02-06T11:47:37+00:00\",\"author\":{\"@id\":\"https:\/\/newsroom.armandotesta.it\/it\/#\/schema\/person\/5d4b22dee94ae271b95d488539ae4346\"},\"breadcrumb\":{\"@id\":\"https:\/\/newsroom.armandotesta.it\/it\/lucart-group-affida-al-gruppo-armando-testa-la-strategia-di-comunicazione-creativa-del-marchio-tenderly-una-gara-vinta-con-la-tenerezza\/#breadcrumb\"},\"inLanguage\":\"it-IT\",\"potentialAction\":[{\"@type\":\"ReadAction\",\"target\":[\"https:\/\/newsroom.armandotesta.it\/it\/lucart-group-affida-al-gruppo-armando-testa-la-strategia-di-comunicazione-creativa-del-marchio-tenderly-una-gara-vinta-con-la-tenerezza\/\"]}]},{\"@type\":\"BreadcrumbList\",\"@id\":\"https:\/\/newsroom.armandotesta.it\/it\/lucart-group-affida-al-gruppo-armando-testa-la-strategia-di-comunicazione-creativa-del-marchio-tenderly-una-gara-vinta-con-la-tenerezza\/#breadcrumb\",\"itemListElement\":[{\"@type\":\"ListItem\",\"position\":1,\"name\":\"Home\",\"item\":\"https:\/\/newsroom.armandotesta.it\/it\/\"},{\"@type\":\"ListItem\",\"position\":2,\"name\":\"Lucart Group\u00a0affida al Gruppo Armando Testa la\u00a0strategia di comunicazione creativa del marchio Tenderly\u2026 una gara vinta con la tenerezza!\"}]},{\"@type\":\"WebSite\",\"@id\":\"https:\/\/newsroom.armandotesta.it\/it\/#website\",\"url\":\"https:\/\/newsroom.armandotesta.it\/it\/\",\"name\":\"AT News Room\",\"description\":\"\",\"potentialAction\":[{\"@type\":\"SearchAction\",\"target\":{\"@type\":\"EntryPoint\",\"urlTemplate\":\"https:\/\/newsroom.armandotesta.it\/it\/?s={search_term_string}\"},\"query-input\":\"required name=search_term_string\"}],\"inLanguage\":\"it-IT\"},{\"@type\":\"Person\",\"@id\":\"https:\/\/newsroom.armandotesta.it\/it\/#\/schema\/person\/5d4b22dee94ae271b95d488539ae4346\",\"name\":\"Anna Piizzi\",\"image\":{\"@type\":\"ImageObject\",\"inLanguage\":\"it-IT\",\"@id\":\"https:\/\/newsroom.armandotesta.it\/it\/#\/schema\/person\/image\/\",\"url\":\"https:\/\/secure.gravatar.com\/avatar\/4ed2db8b9426cdc2ce87794129f366e4?s=96&d=blank&r=g\",\"contentUrl\":\"https:\/\/secure.gravatar.com\/avatar\/4ed2db8b9426cdc2ce87794129f366e4?s=96&d=blank&r=g\",\"caption\":\"Anna Piizzi\"},\"url\":\"https:\/\/newsroom.armandotesta.it\/it\/author\/anna-piizzi\/\"}]}<\/script>\n<!-- \/ Yoast SEO plugin. -->","yoast_head_json":{"title":"Lucart Group\u00a0affida al Gruppo Armando Testa la\u00a0strategia di comunicazione creativa del marchio Tenderly\u2026 una gara vinta con la tenerezza! - AT News Room","robots":{"index":"index","follow":"follow","max-snippet":"max-snippet:-1","max-image-preview":"max-image-preview:large","max-video-preview":"max-video-preview:-1"},"canonical":"https:\/\/newsroom.armandotesta.it\/it\/lucart-group-affida-al-gruppo-armando-testa-la-strategia-di-comunicazione-creativa-del-marchio-tenderly-una-gara-vinta-con-la-tenerezza\/","twitter_card":"summary_large_image","twitter_title":"Lucart Group\u00a0affida al Gruppo Armando Testa la\u00a0strategia di comunicazione creativa del marchio Tenderly\u2026 una gara vinta con la tenerezza! - AT News Room","twitter_description":"A seguito di una gara svoltasi negli scorsi mesi, il Gruppo Lucart per il proprio brand Tenderly decide di proseguire la propria lunga storia di tenerezza insieme al Gruppo Armando Testa. Alla base del progetto vincitore, c\u2019\u00e8 una strategia in cui si va al significato pi\u00f9 profondo di questa parola e al suo valore imprescindibile: [&hellip;]","twitter_image":"https:\/\/newsroom.armandotesta.it\/wp-content\/uploads\/2024\/02\/logo_Tenderly_color.png","twitter_creator":"@ArmandoTestaSpA","twitter_site":"@ArmandoTestaSpA","twitter_misc":{"Scritto da":"Anna Piizzi","Tempo di lettura stimato":"2 minuti"},"schema":{"@context":"https:\/\/schema.org","@graph":[{"@type":"WebPage","@id":"https:\/\/newsroom.armandotesta.it\/it\/lucart-group-affida-al-gruppo-armando-testa-la-strategia-di-comunicazione-creativa-del-marchio-tenderly-una-gara-vinta-con-la-tenerezza\/","url":"https:\/\/newsroom.armandotesta.it\/it\/lucart-group-affida-al-gruppo-armando-testa-la-strategia-di-comunicazione-creativa-del-marchio-tenderly-una-gara-vinta-con-la-tenerezza\/","name":"Lucart Group\u00a0affida al Gruppo Armando Testa la\u00a0strategia di comunicazione creativa del marchio Tenderly\u2026 una gara vinta con la tenerezza! - AT News Room","isPartOf":{"@id":"https:\/\/newsroom.armandotesta.it\/it\/#website"},"datePublished":"2024-02-05T12:43:03+00:00","dateModified":"2024-02-06T11:47:37+00:00","author":{"@id":"https:\/\/newsroom.armandotesta.it\/it\/#\/schema\/person\/5d4b22dee94ae271b95d488539ae4346"},"breadcrumb":{"@id":"https:\/\/newsroom.armandotesta.it\/it\/lucart-group-affida-al-gruppo-armando-testa-la-strategia-di-comunicazione-creativa-del-marchio-tenderly-una-gara-vinta-con-la-tenerezza\/#breadcrumb"},"inLanguage":"it-IT","potentialAction":[{"@type":"ReadAction","target":["https:\/\/newsroom.armandotesta.it\/it\/lucart-group-affida-al-gruppo-armando-testa-la-strategia-di-comunicazione-creativa-del-marchio-tenderly-una-gara-vinta-con-la-tenerezza\/"]}]},{"@type":"BreadcrumbList","@id":"https:\/\/newsroom.armandotesta.it\/it\/lucart-group-affida-al-gruppo-armando-testa-la-strategia-di-comunicazione-creativa-del-marchio-tenderly-una-gara-vinta-con-la-tenerezza\/#breadcrumb","itemListElement":[{"@type":"ListItem","position":1,"name":"Home","item":"https:\/\/newsroom.armandotesta.it\/it\/"},{"@type":"ListItem","position":2,"name":"Lucart Group\u00a0affida al Gruppo Armando Testa la\u00a0strategia di comunicazione creativa del marchio Tenderly\u2026 una gara vinta con la tenerezza!"}]},{"@type":"WebSite","@id":"https:\/\/newsroom.armandotesta.it\/it\/#website","url":"https:\/\/newsroom.armandotesta.it\/it\/","name":"AT News Room","description":"","potentialAction":[{"@type":"SearchAction","target":{"@type":"EntryPoint","urlTemplate":"https:\/\/newsroom.armandotesta.it\/it\/?s={search_term_string}"},"query-input":"required name=search_term_string"}],"inLanguage":"it-IT"},{"@type":"Person","@id":"https:\/\/newsroom.armandotesta.it\/it\/#\/schema\/person\/5d4b22dee94ae271b95d488539ae4346","name":"Anna Piizzi","image":{"@type":"ImageObject","inLanguage":"it-IT","@id":"https:\/\/newsroom.armandotesta.it\/it\/#\/schema\/person\/image\/","url":"https:\/\/secure.gravatar.com\/avatar\/4ed2db8b9426cdc2ce87794129f366e4?s=96&d=blank&r=g","contentUrl":"https:\/\/secure.gravatar.com\/avatar\/4ed2db8b9426cdc2ce87794129f366e4?s=96&d=blank&r=g","caption":"Anna Piizzi"},"url":"https:\/\/newsroom.armandotesta.it\/it\/author\/anna-piizzi\/"}]}},"_links":{"self":[{"href":"https:\/\/newsroom.armandotesta.it\/it\/wp-json\/wp\/v2\/posts\/6998\/"}],"collection":[{"href":"https:\/\/newsroom.armandotesta.it\/it\/wp-json\/wp\/v2\/posts\/"}],"about":[{"href":"https:\/\/newsroom.armandotesta.it\/it\/wp-json\/wp\/v2\/types\/post\/"}],"author":[{"embeddable":true,"href":"https:\/\/newsroom.armandotesta.it\/it\/wp-json\/wp\/v2\/users\/5\/"}],"replies":[{"embeddable":true,"href":"https:\/\/newsroom.armandotesta.it\/it\/wp-json\/wp\/v2\/comments\/?post=6998"}],"version-history":[{"count":2,"href":"https:\/\/newsroom.armandotesta.it\/it\/wp-json\/wp\/v2\/posts\/6998\/revisions\/"}],"predecessor-version":[{"id":7009,"href":"https:\/\/newsroom.armandotesta.it\/it\/wp-json\/wp\/v2\/posts\/6998\/revisions\/7009\/"}],"wp:featuredmedia":[{"embeddable":true,"href":"https:\/\/newsroom.armandotesta.it\/it\/wp-json\/wp\/v2\/media\/6999\/"}],"wp:attachment":[{"href":"https:\/\/newsroom.armandotesta.it\/it\/wp-json\/wp\/v2\/media\/?parent=6998"}],"wp:term":[{"taxonomy":"post_tag","embeddable":true,"href":"https:\/\/newsroom.armandotesta.it\/it\/wp-json\/wp\/v2\/tags\/?post=6998"}],"curies":[{"name":"wp","href":"https:\/\/api.w.org\/{rel}","templated":true}]}}