{"id":7026,"date":"2024-02-13T14:08:24","date_gmt":"2024-02-13T13:08:24","guid":{"rendered":"https:\/\/newsroom.armandotesta.it\/?p=7026"},"modified":"2024-02-14T10:16:39","modified_gmt":"2024-02-14T09:16:39","slug":"armando-testa-punta-sempre-di-piu-sulla-forza-creativa-social","status":"publish","type":"post","link":"https:\/\/newsroom.armandotesta.it\/it\/armando-testa-punta-sempre-di-piu-sulla-forza-creativa-social\/","title":{"rendered":"<strong>Armando Testa punta sempre di pi\u00f9 sulla forza creativa social.<\/strong>"},"content":{"rendered":"\n<p>Benvenuta Valentina!<\/p>\n\n\n\n<p>Valentina Salaro entra nel Gruppo Armando Testa con la carica di Head of Social Content dopo l\u2019ultima esperienza in Publicis LePub dove seguiva Global Clients come Barilla, Lavazza, Marvis e Heineken.<\/p>\n\n\n\n<p>Con il suo ingresso prosegue il progetto di sviluppo e potenziamento del team creativo social,&nbsp;e la valorizzazione del talento, che sta attraversando tutte le anime del Gruppo.<\/p>\n\n\n\n<p><em>\u201cSono molto contenta di poter dare il mio contributo e quello che spero essere un nuovo approccio ai progetti e contenuti nativi digitali in un\u2019agenzia storica e iconica come Armando Testa\u201d <\/em>commenta Valentina Salaro.<\/p>\n\n\n\n<p><em>\u201cChi come noi ha la creativit\u00e0 come centro di gravit\u00e0 non deve limitarsi ad avere i creativi migliori, deve avere anche i migliori \u201cstimolatori\u201d di creativit\u00e0. Benvenuta Valentina, che siamo certi ci aiuter\u00e0 ad essere ancora pi\u00f9 curiosi, coraggiosi e creativi sui social media\u201d a<\/em>ggiunge Nicola Belli, consigliere delegato del Gruppo Armando Testa.<\/p>\n\n\n\n<figure class=\"wp-block-image size-full\"><img decoding=\"async\" loading=\"lazy\" width=\"448\" height=\"640\" src=\"https:\/\/newsroom.armandotesta.it\/wp-content\/uploads\/2024\/02\/thumbnail_Valentina_Salaro.jpg\" alt=\"\" class=\"wp-image-7027\" srcset=\"https:\/\/newsroom.armandotesta.it\/wp-content\/uploads\/2024\/02\/thumbnail_Valentina_Salaro.jpg 448w, https:\/\/newsroom.armandotesta.it\/wp-content\/uploads\/2024\/02\/thumbnail_Valentina_Salaro-420x600.jpg 420w, https:\/\/newsroom.armandotesta.it\/wp-content\/uploads\/2024\/02\/thumbnail_Valentina_Salaro-294x420.jpg 294w\" sizes=\"(max-width: 448px) 100vw, 448px\" \/><\/figure>\n","protected":false},"excerpt":{"rendered":"<p>Benvenuta Valentina! Valentina Salaro entra nel Gruppo Armando Testa con la carica di Head of Social Content dopo l\u2019ultima esperienza in Publicis LePub dove seguiva Global Clients come Barilla, Lavazza, Marvis e Heineken. Con il suo ingresso prosegue il progetto di sviluppo e potenziamento del team creativo social,&nbsp;e la valorizzazione del talento, che sta attraversando [&hellip;]<\/p>\n","protected":false},"author":5,"featured_media":7027,"comment_status":"closed","ping_status":"open","sticky":false,"template":"","format":"standard","meta":{"_mi_skip_tracking":false},"tags":[],"yoast_head":"<!-- This site is optimized with the Yoast SEO plugin v20.2.1 - https:\/\/yoast.com\/wordpress\/plugins\/seo\/ -->\n<title>Armando Testa punta sempre di pi\u00f9 sulla forza creativa social. - AT News Room<\/title>\n<meta name=\"robots\" content=\"index, follow, max-snippet:-1, max-image-preview:large, max-video-preview:-1\" \/>\n<link rel=\"canonical\" href=\"https:\/\/newsroom.armandotesta.it\/it\/armando-testa-punta-sempre-di-piu-sulla-forza-creativa-social\/\" \/>\n<meta name=\"twitter:card\" content=\"summary_large_image\" \/>\n<meta name=\"twitter:title\" content=\"&lt;strong&gt;Armando Testa punta sempre di pi\u00f9 sulla forza creativa social.&lt;\/strong&gt; - AT News Room\" \/>\n<meta name=\"twitter:description\" content=\"Benvenuta Valentina! Valentina Salaro entra nel Gruppo Armando Testa con la carica di Head of Social Content dopo l\u2019ultima esperienza in Publicis LePub dove seguiva Global Clients come Barilla, Lavazza, Marvis e Heineken. Con il suo ingresso prosegue il progetto di sviluppo e potenziamento del team creativo social,&nbsp;e la valorizzazione del talento, che sta attraversando [&hellip;]\" \/>\n<meta name=\"twitter:image\" content=\"https:\/\/newsroom.armandotesta.it\/wp-content\/uploads\/2024\/02\/thumbnail_Valentina_Salaro.jpg\" \/>\n<meta name=\"twitter:creator\" content=\"@ArmandoTestaSpA\" \/>\n<meta name=\"twitter:site\" content=\"@ArmandoTestaSpA\" \/>\n<meta name=\"twitter:label1\" content=\"Scritto da\" \/>\n\t<meta name=\"twitter:data1\" content=\"Anna Piizzi\" \/>\n\t<meta name=\"twitter:label2\" content=\"Tempo di lettura stimato\" \/>\n\t<meta name=\"twitter:data2\" content=\"1 minuto\" \/>\n<script type=\"application\/ld+json\" class=\"yoast-schema-graph\">{\"@context\":\"https:\/\/schema.org\",\"@graph\":[{\"@type\":\"WebPage\",\"@id\":\"https:\/\/newsroom.armandotesta.it\/it\/armando-testa-punta-sempre-di-piu-sulla-forza-creativa-social\/\",\"url\":\"https:\/\/newsroom.armandotesta.it\/it\/armando-testa-punta-sempre-di-piu-sulla-forza-creativa-social\/\",\"name\":\"Armando Testa punta sempre di pi\u00f9 sulla forza creativa social. - AT News Room\",\"isPartOf\":{\"@id\":\"https:\/\/newsroom.armandotesta.it\/it\/#website\"},\"datePublished\":\"2024-02-13T13:08:24+00:00\",\"dateModified\":\"2024-02-14T09:16:39+00:00\",\"author\":{\"@id\":\"https:\/\/newsroom.armandotesta.it\/it\/#\/schema\/person\/5d4b22dee94ae271b95d488539ae4346\"},\"breadcrumb\":{\"@id\":\"https:\/\/newsroom.armandotesta.it\/it\/armando-testa-punta-sempre-di-piu-sulla-forza-creativa-social\/#breadcrumb\"},\"inLanguage\":\"it-IT\",\"potentialAction\":[{\"@type\":\"ReadAction\",\"target\":[\"https:\/\/newsroom.armandotesta.it\/it\/armando-testa-punta-sempre-di-piu-sulla-forza-creativa-social\/\"]}]},{\"@type\":\"BreadcrumbList\",\"@id\":\"https:\/\/newsroom.armandotesta.it\/it\/armando-testa-punta-sempre-di-piu-sulla-forza-creativa-social\/#breadcrumb\",\"itemListElement\":[{\"@type\":\"ListItem\",\"position\":1,\"name\":\"Home\",\"item\":\"https:\/\/newsroom.armandotesta.it\/it\/\"},{\"@type\":\"ListItem\",\"position\":2,\"name\":\"Armando Testa punta sempre di pi\u00f9 sulla forza creativa social.\"}]},{\"@type\":\"WebSite\",\"@id\":\"https:\/\/newsroom.armandotesta.it\/it\/#website\",\"url\":\"https:\/\/newsroom.armandotesta.it\/it\/\",\"name\":\"AT News Room\",\"description\":\"\",\"potentialAction\":[{\"@type\":\"SearchAction\",\"target\":{\"@type\":\"EntryPoint\",\"urlTemplate\":\"https:\/\/newsroom.armandotesta.it\/it\/?s={search_term_string}\"},\"query-input\":\"required name=search_term_string\"}],\"inLanguage\":\"it-IT\"},{\"@type\":\"Person\",\"@id\":\"https:\/\/newsroom.armandotesta.it\/it\/#\/schema\/person\/5d4b22dee94ae271b95d488539ae4346\",\"name\":\"Anna Piizzi\",\"image\":{\"@type\":\"ImageObject\",\"inLanguage\":\"it-IT\",\"@id\":\"https:\/\/newsroom.armandotesta.it\/it\/#\/schema\/person\/image\/\",\"url\":\"https:\/\/secure.gravatar.com\/avatar\/4ed2db8b9426cdc2ce87794129f366e4?s=96&d=blank&r=g\",\"contentUrl\":\"https:\/\/secure.gravatar.com\/avatar\/4ed2db8b9426cdc2ce87794129f366e4?s=96&d=blank&r=g\",\"caption\":\"Anna Piizzi\"},\"url\":\"https:\/\/newsroom.armandotesta.it\/it\/author\/anna-piizzi\/\"}]}<\/script>\n<!-- \/ Yoast SEO plugin. -->","yoast_head_json":{"title":"Armando Testa punta sempre di pi\u00f9 sulla forza creativa social. - AT News Room","robots":{"index":"index","follow":"follow","max-snippet":"max-snippet:-1","max-image-preview":"max-image-preview:large","max-video-preview":"max-video-preview:-1"},"canonical":"https:\/\/newsroom.armandotesta.it\/it\/armando-testa-punta-sempre-di-piu-sulla-forza-creativa-social\/","twitter_card":"summary_large_image","twitter_title":"<strong>Armando Testa punta sempre di pi\u00f9 sulla forza creativa social.<\/strong> - AT News Room","twitter_description":"Benvenuta Valentina! Valentina Salaro entra nel Gruppo Armando Testa con la carica di Head of Social Content dopo l\u2019ultima esperienza in Publicis LePub dove seguiva Global Clients come Barilla, Lavazza, Marvis e Heineken. Con il suo ingresso prosegue il progetto di sviluppo e potenziamento del team creativo social,&nbsp;e la valorizzazione del talento, che sta attraversando [&hellip;]","twitter_image":"https:\/\/newsroom.armandotesta.it\/wp-content\/uploads\/2024\/02\/thumbnail_Valentina_Salaro.jpg","twitter_creator":"@ArmandoTestaSpA","twitter_site":"@ArmandoTestaSpA","twitter_misc":{"Scritto da":"Anna Piizzi","Tempo di lettura stimato":"1 minuto"},"schema":{"@context":"https:\/\/schema.org","@graph":[{"@type":"WebPage","@id":"https:\/\/newsroom.armandotesta.it\/it\/armando-testa-punta-sempre-di-piu-sulla-forza-creativa-social\/","url":"https:\/\/newsroom.armandotesta.it\/it\/armando-testa-punta-sempre-di-piu-sulla-forza-creativa-social\/","name":"Armando Testa punta sempre di pi\u00f9 sulla forza creativa social. - AT News Room","isPartOf":{"@id":"https:\/\/newsroom.armandotesta.it\/it\/#website"},"datePublished":"2024-02-13T13:08:24+00:00","dateModified":"2024-02-14T09:16:39+00:00","author":{"@id":"https:\/\/newsroom.armandotesta.it\/it\/#\/schema\/person\/5d4b22dee94ae271b95d488539ae4346"},"breadcrumb":{"@id":"https:\/\/newsroom.armandotesta.it\/it\/armando-testa-punta-sempre-di-piu-sulla-forza-creativa-social\/#breadcrumb"},"inLanguage":"it-IT","potentialAction":[{"@type":"ReadAction","target":["https:\/\/newsroom.armandotesta.it\/it\/armando-testa-punta-sempre-di-piu-sulla-forza-creativa-social\/"]}]},{"@type":"BreadcrumbList","@id":"https:\/\/newsroom.armandotesta.it\/it\/armando-testa-punta-sempre-di-piu-sulla-forza-creativa-social\/#breadcrumb","itemListElement":[{"@type":"ListItem","position":1,"name":"Home","item":"https:\/\/newsroom.armandotesta.it\/it\/"},{"@type":"ListItem","position":2,"name":"Armando Testa punta sempre di pi\u00f9 sulla forza creativa social."}]},{"@type":"WebSite","@id":"https:\/\/newsroom.armandotesta.it\/it\/#website","url":"https:\/\/newsroom.armandotesta.it\/it\/","name":"AT News Room","description":"","potentialAction":[{"@type":"SearchAction","target":{"@type":"EntryPoint","urlTemplate":"https:\/\/newsroom.armandotesta.it\/it\/?s={search_term_string}"},"query-input":"required name=search_term_string"}],"inLanguage":"it-IT"},{"@type":"Person","@id":"https:\/\/newsroom.armandotesta.it\/it\/#\/schema\/person\/5d4b22dee94ae271b95d488539ae4346","name":"Anna Piizzi","image":{"@type":"ImageObject","inLanguage":"it-IT","@id":"https:\/\/newsroom.armandotesta.it\/it\/#\/schema\/person\/image\/","url":"https:\/\/secure.gravatar.com\/avatar\/4ed2db8b9426cdc2ce87794129f366e4?s=96&d=blank&r=g","contentUrl":"https:\/\/secure.gravatar.com\/avatar\/4ed2db8b9426cdc2ce87794129f366e4?s=96&d=blank&r=g","caption":"Anna Piizzi"},"url":"https:\/\/newsroom.armandotesta.it\/it\/author\/anna-piizzi\/"}]}},"_links":{"self":[{"href":"https:\/\/newsroom.armandotesta.it\/it\/wp-json\/wp\/v2\/posts\/7026\/"}],"collection":[{"href":"https:\/\/newsroom.armandotesta.it\/it\/wp-json\/wp\/v2\/posts\/"}],"about":[{"href":"https:\/\/newsroom.armandotesta.it\/it\/wp-json\/wp\/v2\/types\/post\/"}],"author":[{"embeddable":true,"href":"https:\/\/newsroom.armandotesta.it\/it\/wp-json\/wp\/v2\/users\/5\/"}],"replies":[{"embeddable":true,"href":"https:\/\/newsroom.armandotesta.it\/it\/wp-json\/wp\/v2\/comments\/?post=7026"}],"version-history":[{"count":1,"href":"https:\/\/newsroom.armandotesta.it\/it\/wp-json\/wp\/v2\/posts\/7026\/revisions\/"}],"predecessor-version":[{"id":7028,"href":"https:\/\/newsroom.armandotesta.it\/it\/wp-json\/wp\/v2\/posts\/7026\/revisions\/7028\/"}],"wp:featuredmedia":[{"embeddable":true,"href":"https:\/\/newsroom.armandotesta.it\/it\/wp-json\/wp\/v2\/media\/7027\/"}],"wp:attachment":[{"href":"https:\/\/newsroom.armandotesta.it\/it\/wp-json\/wp\/v2\/media\/?parent=7026"}],"wp:term":[{"taxonomy":"post_tag","embeddable":true,"href":"https:\/\/newsroom.armandotesta.it\/it\/wp-json\/wp\/v2\/tags\/?post=7026"}],"curies":[{"name":"wp","href":"https:\/\/api.w.org\/{rel}","templated":true}]}}