{"id":7052,"date":"2024-03-04T12:44:41","date_gmt":"2024-03-04T11:44:41","guid":{"rendered":"https:\/\/newsroom.armandotesta.it\/?p=7052"},"modified":"2024-03-05T13:19:01","modified_gmt":"2024-03-05T12:19:01","slug":"tescoma-con-armando-testa-presenta-il-primo-soggetto-tv-della-nuova-campagna-sentirsi-a-casa-non-e-mai-stato-piu-straordinario","status":"publish","type":"post","link":"https:\/\/newsroom.armandotesta.it\/it\/tescoma-con-armando-testa-presenta-il-primo-soggetto-tv-della-nuova-campagna-sentirsi-a-casa-non-e-mai-stato-piu-straordinario\/","title":{"rendered":"Tescoma, con Armando Testa, presenta il primo soggetto tv della nuova campagna: sentirsi a casa non \u00e8 mai stato pi\u00f9 straordinario."},"content":{"rendered":"\n<p>E\u2019 on air da domenica 3 marzo il film che, con tutto il sapore di una prima colazione speciale, inaugura i soggetti tv e web della nuova campagna Tescoma \u201cLa tua casa, la tua storia\u201d, sempre ideata dall\u2019agenzia Armando Testa, e dedicata a celebrare l\u2019ampiezza di una gamma di prodotti studiati &#8211; queste le parole del team creativo dell\u2019agenzia &#8211; \u201cnon solo per semplificare la vita, ma per regalare quotidianamente il piacere di sentirsi davvero a casa, ognuno seguendo i ritmi e rituali della propria storia personale.\u201d<\/p>\n\n\n\n<p>La tua idea di \u201cparlatemi solo dopo toast e caff\u00e8\u201d ha trovato casa \u00e8 il titolo del primo soggetto stampa, uscito lo scorso 1\u00b0 febbraio, con una straordinaria casa-Tostapane incastonata tra i palazzi di una coloratissima citt\u00e0. E il primo soggetto tv ci porta a scoprire com\u2019\u00e8 svegliarsi in quella casa, con tutto il sapore di una colazione speciale.&nbsp;<\/p>\n\n\n\n<p>Realizzato da Armando Testa Studios, il film \u00e8 dunque dedicato al Tostapane della Linea President, una delle ultime novit\u00e0 hi-tech del catalogo, ma anche ai prodotti Tescoma che regalano un ottimo inizio di giornata. Con il profumo del caff\u00e8 espresso, con le vitamine di arance spremute al momento grazie allo spremiagrumi elettrico, con il piacere di uova all\u2019occhio di bue e, naturalmente, con tutta la calda fragranza di fette di pane perfettamente tostate dal tostapane Tescoma.<\/p>\n\n\n\n<p>Nicoletta Abeni, Responsabile Marketing e Comunicazione di Tescoma Italia, dichiara:&nbsp;<\/p>\n\n\n\n<p>\u201cSiamo soddisfatti di questo film che rappresenta l\u2019intento della nuova campagna e l\u2019anima della produzione Tescoma, ogni oggetto pensato e progettato per farti sentire a casa, per diventare parte integrante della tua vita e del tuo quotidiano.<\/p>\n\n\n\n<p>Strumenti belli e affidabili che ti accompagnano dalla colazione alla cena, rendendo speciale il tempo che passi a casa con le persone che ami\u201d.&nbsp;<\/p>\n\n\n\n<p>Protagonisti del film, infatti, mamma, pap\u00e0, bimba, e i prodotti Tescoma, testati, come recita il voice over del film \u201cper il compito pi\u00f9 straordinario possibile: qualunque sia la tua storia, farti sentire a casa.\u201d<\/p>\n\n\n\n<p>Cos\u00ec tanto \u201ca casa\u201d che, seguendo l\u2019idea creativa della nuova campagna, l\u2019oggetto diventa fantastica abitazione. Un volo a ritroso dalla finestra della cucina ci sveler\u00e0 infatti che la casa dove la famiglia si sta godendo toast e spremuta non \u00e8 un palazzo qualsiasi, ma una magnifica casa Tostapane nella quale non si pu\u00f2 proprio non avere voglia di abitare. Poco distanti, ecco altre due case-prodotto: la casa Girafrittata e la casa Infusiera, che \u00e8 anche la protagonista del secondo soggetto stampa, sui quotidiani a partire da mercoled\u00ec 28 febbraio.<\/p>\n\n\n\n<p>Colorata, ironica, pop, e \u201cpeople oriented\u201d, come cifra strategica e creativa Armando Testa, la campagna tv si far\u00e0 vedere, e anche sentire, grazie a un jingle molto memorabile creato apposta per Tescoma da Human Touch, che ha studiato anche una versione ad hoc per il comunicato radio, in pianificazione nelle prossime settimane.<\/p>\n\n\n\n<p><strong>Credits:<\/strong><strong><\/strong><\/p>\n\n\n\n<p>Direzione creativa: Monica Pirocca e Michela Sartorio<\/p>\n\n\n\n<p>Creative Team: Gaetano Corvino<\/p>\n\n\n\n<p>Direzione Clienti: Benedetta Buzzoni<\/p>\n\n\n\n<p>Team account: Francesca Toschi e Biagio Carrella<\/p>\n\n\n\n<p>Head of Strategy: Guglielmo Pezzino<\/p>\n\n\n\n<p>Casa di Produzione: Armando Testa Studios<\/p>\n\n\n\n<p>Regia: Giorgio Neri<\/p>\n\n\n\n<p>Post Produzione e 3D: Magoga S.r.l.&nbsp;<\/p>\n\n\n\n<p>Musica: Human Touch&nbsp;<\/p>\n\n\n\n<p>Illustratore campagna stampa: Michelangelo Rossino<\/p>\n\n\n\n<figure class=\"is-layout-flex wp-block-gallery-1 wp-block-gallery has-nested-images columns-default is-cropped\">\n<figure class=\"wp-block-image size-large\"><img decoding=\"async\" loading=\"lazy\" width=\"1024\" height=\"576\" data-id=\"7053\"  src=\"https:\/\/newsroom.armandotesta.it\/wp-content\/uploads\/2024\/03\/05-1024x576.png\" alt=\"\" class=\"wp-image-7053\" srcset=\"https:\/\/newsroom.armandotesta.it\/wp-content\/uploads\/2024\/03\/05-1024x576.png 1024w, https:\/\/newsroom.armandotesta.it\/wp-content\/uploads\/2024\/03\/05-800x450.png 800w, https:\/\/newsroom.armandotesta.it\/wp-content\/uploads\/2024\/03\/05-768x432.png 768w, https:\/\/newsroom.armandotesta.it\/wp-content\/uploads\/2024\/03\/05-1536x864.png 1536w, https:\/\/newsroom.armandotesta.it\/wp-content\/uploads\/2024\/03\/05-696x392.png 696w, https:\/\/newsroom.armandotesta.it\/wp-content\/uploads\/2024\/03\/05-1068x601.png 1068w, https:\/\/newsroom.armandotesta.it\/wp-content\/uploads\/2024\/03\/05-747x420.png 747w, https:\/\/newsroom.armandotesta.it\/wp-content\/uploads\/2024\/03\/05-1320x743.png 1320w, https:\/\/newsroom.armandotesta.it\/wp-content\/uploads\/2024\/03\/05.png 1920w\" sizes=\"(max-width: 1024px) 100vw, 1024px\" \/><\/figure>\n<\/figure>\n\n\n\n<figure class=\"is-layout-flex wp-block-gallery-3 wp-block-gallery has-nested-images columns-default is-cropped\">\n<figure class=\"wp-block-image size-large\"><img decoding=\"async\" loading=\"lazy\" width=\"1024\" height=\"576\" data-id=\"7054\"  src=\"https:\/\/newsroom.armandotesta.it\/wp-content\/uploads\/2024\/03\/06-1024x576.png\" alt=\"\" class=\"wp-image-7054\" srcset=\"https:\/\/newsroom.armandotesta.it\/wp-content\/uploads\/2024\/03\/06-1024x576.png 1024w, https:\/\/newsroom.armandotesta.it\/wp-content\/uploads\/2024\/03\/06-800x450.png 800w, https:\/\/newsroom.armandotesta.it\/wp-content\/uploads\/2024\/03\/06-768x432.png 768w, https:\/\/newsroom.armandotesta.it\/wp-content\/uploads\/2024\/03\/06-1536x864.png 1536w, https:\/\/newsroom.armandotesta.it\/wp-content\/uploads\/2024\/03\/06-696x392.png 696w, https:\/\/newsroom.armandotesta.it\/wp-content\/uploads\/2024\/03\/06-1068x601.png 1068w, https:\/\/newsroom.armandotesta.it\/wp-content\/uploads\/2024\/03\/06-747x420.png 747w, https:\/\/newsroom.armandotesta.it\/wp-content\/uploads\/2024\/03\/06-1320x743.png 1320w, https:\/\/newsroom.armandotesta.it\/wp-content\/uploads\/2024\/03\/06.png 1920w\" sizes=\"(max-width: 1024px) 100vw, 1024px\" \/><\/figure>\n<\/figure>\n\n\n\n<figure class=\"is-layout-flex wp-block-gallery-5 wp-block-gallery has-nested-images columns-default is-cropped\">\n<figure class=\"wp-block-image size-large\"><img decoding=\"async\" loading=\"lazy\" width=\"523\" height=\"768\" data-id=\"7055\"  src=\"https:\/\/newsroom.armandotesta.it\/wp-content\/uploads\/2024\/03\/TESCOMA_PAGINA_teiera_275x404-523x768.jpg\" alt=\"\" class=\"wp-image-7055\" srcset=\"https:\/\/newsroom.armandotesta.it\/wp-content\/uploads\/2024\/03\/TESCOMA_PAGINA_teiera_275x404-523x768.jpg 523w, https:\/\/newsroom.armandotesta.it\/wp-content\/uploads\/2024\/03\/TESCOMA_PAGINA_teiera_275x404-408x600.jpg 408w, https:\/\/newsroom.armandotesta.it\/wp-content\/uploads\/2024\/03\/TESCOMA_PAGINA_teiera_275x404-768x1128.jpg 768w, https:\/\/newsroom.armandotesta.it\/wp-content\/uploads\/2024\/03\/TESCOMA_PAGINA_teiera_275x404-1045x1536.jpg 1045w, https:\/\/newsroom.armandotesta.it\/wp-content\/uploads\/2024\/03\/TESCOMA_PAGINA_teiera_275x404-1394x2048.jpg 1394w, https:\/\/newsroom.armandotesta.it\/wp-content\/uploads\/2024\/03\/TESCOMA_PAGINA_teiera_275x404-696x1023.jpg 696w, https:\/\/newsroom.armandotesta.it\/wp-content\/uploads\/2024\/03\/TESCOMA_PAGINA_teiera_275x404-1068x1569.jpg 1068w, https:\/\/newsroom.armandotesta.it\/wp-content\/uploads\/2024\/03\/TESCOMA_PAGINA_teiera_275x404-286x420.jpg 286w, https:\/\/newsroom.armandotesta.it\/wp-content\/uploads\/2024\/03\/TESCOMA_PAGINA_teiera_275x404-1320x1939.jpg 1320w, https:\/\/newsroom.armandotesta.it\/wp-content\/uploads\/2024\/03\/TESCOMA_PAGINA_teiera_275x404.jpg 1624w\" sizes=\"(max-width: 523px) 100vw, 523px\" \/><\/figure>\n<\/figure>\n\n\n\n<figure class=\"wp-block-embed is-type-video is-provider-youtube wp-block-embed-youtube wp-embed-aspect-16-9 wp-has-aspect-ratio\"><div class=\"wp-block-embed__wrapper\">\n<iframe loading=\"lazy\" title=\"Tescoma - Con Tescoma sei a casa - Tostapane\" width=\"696\" height=\"392\" src=\"https:\/\/www.youtube.com\/embed\/Vce8o4lwrSY?feature=oembed\" frameborder=\"0\" allow=\"accelerometer; autoplay; clipboard-write; encrypted-media; gyroscope; picture-in-picture; web-share\" allowfullscreen><\/iframe>\n<\/div><\/figure>\n","protected":false},"excerpt":{"rendered":"<p>E\u2019 on air da domenica 3 marzo il film che, con tutto il sapore di una prima colazione speciale, inaugura i soggetti tv e web della nuova campagna Tescoma \u201cLa tua casa, la tua storia\u201d, sempre ideata dall\u2019agenzia Armando Testa, e dedicata a celebrare l\u2019ampiezza di una gamma di prodotti studiati &#8211; queste le parole [&hellip;]<\/p>\n","protected":false},"author":5,"featured_media":7055,"comment_status":"closed","ping_status":"open","sticky":false,"template":"","format":"standard","meta":{"_mi_skip_tracking":false},"tags":[],"yoast_head":"<!-- This site is optimized with the Yoast SEO plugin v20.2.1 - https:\/\/yoast.com\/wordpress\/plugins\/seo\/ -->\n<title>Tescoma, con Armando Testa, presenta il primo soggetto tv della nuova campagna: sentirsi a casa non \u00e8 mai stato pi\u00f9 straordinario. - AT News Room<\/title>\n<meta name=\"robots\" content=\"index, follow, max-snippet:-1, max-image-preview:large, max-video-preview:-1\" \/>\n<link rel=\"canonical\" href=\"https:\/\/newsroom.armandotesta.it\/it\/tescoma-con-armando-testa-presenta-il-primo-soggetto-tv-della-nuova-campagna-sentirsi-a-casa-non-e-mai-stato-piu-straordinario\/\" \/>\n<meta name=\"twitter:card\" content=\"summary_large_image\" \/>\n<meta name=\"twitter:title\" content=\"Tescoma, con Armando Testa, presenta il primo soggetto tv della nuova campagna: sentirsi a casa non \u00e8 mai stato pi\u00f9 straordinario. - AT News Room\" \/>\n<meta name=\"twitter:description\" content=\"E\u2019 on air da domenica 3 marzo il film che, con tutto il sapore di una prima colazione speciale, inaugura i soggetti tv e web della nuova campagna Tescoma \u201cLa tua casa, la tua storia\u201d, sempre ideata dall\u2019agenzia Armando Testa, e dedicata a celebrare l\u2019ampiezza di una gamma di prodotti studiati &#8211; queste le parole [&hellip;]\" \/>\n<meta name=\"twitter:image\" content=\"https:\/\/newsroom.armandotesta.it\/wp-content\/uploads\/2024\/03\/TESCOMA_PAGINA_teiera_275x404.jpg\" \/>\n<meta name=\"twitter:creator\" content=\"@ArmandoTestaSpA\" \/>\n<meta name=\"twitter:site\" content=\"@ArmandoTestaSpA\" \/>\n<meta name=\"twitter:label1\" content=\"Scritto da\" \/>\n\t<meta name=\"twitter:data1\" content=\"Anna Piizzi\" \/>\n\t<meta name=\"twitter:label2\" content=\"Tempo di lettura stimato\" \/>\n\t<meta name=\"twitter:data2\" content=\"4 minuti\" \/>\n<script type=\"application\/ld+json\" class=\"yoast-schema-graph\">{\"@context\":\"https:\/\/schema.org\",\"@graph\":[{\"@type\":\"WebPage\",\"@id\":\"https:\/\/newsroom.armandotesta.it\/it\/tescoma-con-armando-testa-presenta-il-primo-soggetto-tv-della-nuova-campagna-sentirsi-a-casa-non-e-mai-stato-piu-straordinario\/\",\"url\":\"https:\/\/newsroom.armandotesta.it\/it\/tescoma-con-armando-testa-presenta-il-primo-soggetto-tv-della-nuova-campagna-sentirsi-a-casa-non-e-mai-stato-piu-straordinario\/\",\"name\":\"Tescoma, con Armando Testa, presenta il primo soggetto tv della nuova campagna: sentirsi a casa non \u00e8 mai stato pi\u00f9 straordinario. - AT News Room\",\"isPartOf\":{\"@id\":\"https:\/\/newsroom.armandotesta.it\/it\/#website\"},\"datePublished\":\"2024-03-04T11:44:41+00:00\",\"dateModified\":\"2024-03-05T12:19:01+00:00\",\"author\":{\"@id\":\"https:\/\/newsroom.armandotesta.it\/it\/#\/schema\/person\/5d4b22dee94ae271b95d488539ae4346\"},\"breadcrumb\":{\"@id\":\"https:\/\/newsroom.armandotesta.it\/it\/tescoma-con-armando-testa-presenta-il-primo-soggetto-tv-della-nuova-campagna-sentirsi-a-casa-non-e-mai-stato-piu-straordinario\/#breadcrumb\"},\"inLanguage\":\"it-IT\",\"potentialAction\":[{\"@type\":\"ReadAction\",\"target\":[\"https:\/\/newsroom.armandotesta.it\/it\/tescoma-con-armando-testa-presenta-il-primo-soggetto-tv-della-nuova-campagna-sentirsi-a-casa-non-e-mai-stato-piu-straordinario\/\"]}]},{\"@type\":\"BreadcrumbList\",\"@id\":\"https:\/\/newsroom.armandotesta.it\/it\/tescoma-con-armando-testa-presenta-il-primo-soggetto-tv-della-nuova-campagna-sentirsi-a-casa-non-e-mai-stato-piu-straordinario\/#breadcrumb\",\"itemListElement\":[{\"@type\":\"ListItem\",\"position\":1,\"name\":\"Home\",\"item\":\"https:\/\/newsroom.armandotesta.it\/it\/\"},{\"@type\":\"ListItem\",\"position\":2,\"name\":\"Tescoma, con Armando Testa, presenta il primo soggetto tv della nuova campagna: sentirsi a casa non \u00e8 mai stato pi\u00f9 straordinario.\"}]},{\"@type\":\"WebSite\",\"@id\":\"https:\/\/newsroom.armandotesta.it\/it\/#website\",\"url\":\"https:\/\/newsroom.armandotesta.it\/it\/\",\"name\":\"AT News Room\",\"description\":\"\",\"potentialAction\":[{\"@type\":\"SearchAction\",\"target\":{\"@type\":\"EntryPoint\",\"urlTemplate\":\"https:\/\/newsroom.armandotesta.it\/it\/?s={search_term_string}\"},\"query-input\":\"required name=search_term_string\"}],\"inLanguage\":\"it-IT\"},{\"@type\":\"Person\",\"@id\":\"https:\/\/newsroom.armandotesta.it\/it\/#\/schema\/person\/5d4b22dee94ae271b95d488539ae4346\",\"name\":\"Anna Piizzi\",\"image\":{\"@type\":\"ImageObject\",\"inLanguage\":\"it-IT\",\"@id\":\"https:\/\/newsroom.armandotesta.it\/it\/#\/schema\/person\/image\/\",\"url\":\"https:\/\/secure.gravatar.com\/avatar\/4ed2db8b9426cdc2ce87794129f366e4?s=96&d=blank&r=g\",\"contentUrl\":\"https:\/\/secure.gravatar.com\/avatar\/4ed2db8b9426cdc2ce87794129f366e4?s=96&d=blank&r=g\",\"caption\":\"Anna Piizzi\"},\"url\":\"https:\/\/newsroom.armandotesta.it\/it\/author\/anna-piizzi\/\"}]}<\/script>\n<!-- \/ Yoast SEO plugin. -->","yoast_head_json":{"title":"Tescoma, con Armando Testa, presenta il primo soggetto tv della nuova campagna: sentirsi a casa non \u00e8 mai stato pi\u00f9 straordinario. - AT News Room","robots":{"index":"index","follow":"follow","max-snippet":"max-snippet:-1","max-image-preview":"max-image-preview:large","max-video-preview":"max-video-preview:-1"},"canonical":"https:\/\/newsroom.armandotesta.it\/it\/tescoma-con-armando-testa-presenta-il-primo-soggetto-tv-della-nuova-campagna-sentirsi-a-casa-non-e-mai-stato-piu-straordinario\/","twitter_card":"summary_large_image","twitter_title":"Tescoma, con Armando Testa, presenta il primo soggetto tv della nuova campagna: sentirsi a casa non \u00e8 mai stato pi\u00f9 straordinario. - AT News Room","twitter_description":"E\u2019 on air da domenica 3 marzo il film che, con tutto il sapore di una prima colazione speciale, inaugura i soggetti tv e web della nuova campagna Tescoma \u201cLa tua casa, la tua storia\u201d, sempre ideata dall\u2019agenzia Armando Testa, e dedicata a celebrare l\u2019ampiezza di una gamma di prodotti studiati &#8211; queste le parole [&hellip;]","twitter_image":"https:\/\/newsroom.armandotesta.it\/wp-content\/uploads\/2024\/03\/TESCOMA_PAGINA_teiera_275x404.jpg","twitter_creator":"@ArmandoTestaSpA","twitter_site":"@ArmandoTestaSpA","twitter_misc":{"Scritto da":"Anna Piizzi","Tempo di lettura stimato":"4 minuti"},"schema":{"@context":"https:\/\/schema.org","@graph":[{"@type":"WebPage","@id":"https:\/\/newsroom.armandotesta.it\/it\/tescoma-con-armando-testa-presenta-il-primo-soggetto-tv-della-nuova-campagna-sentirsi-a-casa-non-e-mai-stato-piu-straordinario\/","url":"https:\/\/newsroom.armandotesta.it\/it\/tescoma-con-armando-testa-presenta-il-primo-soggetto-tv-della-nuova-campagna-sentirsi-a-casa-non-e-mai-stato-piu-straordinario\/","name":"Tescoma, con Armando Testa, presenta il primo soggetto tv della nuova campagna: sentirsi a casa non \u00e8 mai stato pi\u00f9 straordinario. - AT News Room","isPartOf":{"@id":"https:\/\/newsroom.armandotesta.it\/it\/#website"},"datePublished":"2024-03-04T11:44:41+00:00","dateModified":"2024-03-05T12:19:01+00:00","author":{"@id":"https:\/\/newsroom.armandotesta.it\/it\/#\/schema\/person\/5d4b22dee94ae271b95d488539ae4346"},"breadcrumb":{"@id":"https:\/\/newsroom.armandotesta.it\/it\/tescoma-con-armando-testa-presenta-il-primo-soggetto-tv-della-nuova-campagna-sentirsi-a-casa-non-e-mai-stato-piu-straordinario\/#breadcrumb"},"inLanguage":"it-IT","potentialAction":[{"@type":"ReadAction","target":["https:\/\/newsroom.armandotesta.it\/it\/tescoma-con-armando-testa-presenta-il-primo-soggetto-tv-della-nuova-campagna-sentirsi-a-casa-non-e-mai-stato-piu-straordinario\/"]}]},{"@type":"BreadcrumbList","@id":"https:\/\/newsroom.armandotesta.it\/it\/tescoma-con-armando-testa-presenta-il-primo-soggetto-tv-della-nuova-campagna-sentirsi-a-casa-non-e-mai-stato-piu-straordinario\/#breadcrumb","itemListElement":[{"@type":"ListItem","position":1,"name":"Home","item":"https:\/\/newsroom.armandotesta.it\/it\/"},{"@type":"ListItem","position":2,"name":"Tescoma, con Armando Testa, presenta il primo soggetto tv della nuova campagna: sentirsi a casa non \u00e8 mai stato pi\u00f9 straordinario."}]},{"@type":"WebSite","@id":"https:\/\/newsroom.armandotesta.it\/it\/#website","url":"https:\/\/newsroom.armandotesta.it\/it\/","name":"AT News Room","description":"","potentialAction":[{"@type":"SearchAction","target":{"@type":"EntryPoint","urlTemplate":"https:\/\/newsroom.armandotesta.it\/it\/?s={search_term_string}"},"query-input":"required name=search_term_string"}],"inLanguage":"it-IT"},{"@type":"Person","@id":"https:\/\/newsroom.armandotesta.it\/it\/#\/schema\/person\/5d4b22dee94ae271b95d488539ae4346","name":"Anna Piizzi","image":{"@type":"ImageObject","inLanguage":"it-IT","@id":"https:\/\/newsroom.armandotesta.it\/it\/#\/schema\/person\/image\/","url":"https:\/\/secure.gravatar.com\/avatar\/4ed2db8b9426cdc2ce87794129f366e4?s=96&d=blank&r=g","contentUrl":"https:\/\/secure.gravatar.com\/avatar\/4ed2db8b9426cdc2ce87794129f366e4?s=96&d=blank&r=g","caption":"Anna Piizzi"},"url":"https:\/\/newsroom.armandotesta.it\/it\/author\/anna-piizzi\/"}]}},"_links":{"self":[{"href":"https:\/\/newsroom.armandotesta.it\/it\/wp-json\/wp\/v2\/posts\/7052\/"}],"collection":[{"href":"https:\/\/newsroom.armandotesta.it\/it\/wp-json\/wp\/v2\/posts\/"}],"about":[{"href":"https:\/\/newsroom.armandotesta.it\/it\/wp-json\/wp\/v2\/types\/post\/"}],"author":[{"embeddable":true,"href":"https:\/\/newsroom.armandotesta.it\/it\/wp-json\/wp\/v2\/users\/5\/"}],"replies":[{"embeddable":true,"href":"https:\/\/newsroom.armandotesta.it\/it\/wp-json\/wp\/v2\/comments\/?post=7052"}],"version-history":[{"count":1,"href":"https:\/\/newsroom.armandotesta.it\/it\/wp-json\/wp\/v2\/posts\/7052\/revisions\/"}],"predecessor-version":[{"id":7056,"href":"https:\/\/newsroom.armandotesta.it\/it\/wp-json\/wp\/v2\/posts\/7052\/revisions\/7056\/"}],"wp:featuredmedia":[{"embeddable":true,"href":"https:\/\/newsroom.armandotesta.it\/it\/wp-json\/wp\/v2\/media\/7055\/"}],"wp:attachment":[{"href":"https:\/\/newsroom.armandotesta.it\/it\/wp-json\/wp\/v2\/media\/?parent=7052"}],"wp:term":[{"taxonomy":"post_tag","embeddable":true,"href":"https:\/\/newsroom.armandotesta.it\/it\/wp-json\/wp\/v2\/tags\/?post=7052"}],"curies":[{"name":"wp","href":"https:\/\/api.w.org\/{rel}","templated":true}]}}