{"id":7117,"date":"2024-03-18T14:21:32","date_gmt":"2024-03-18T13:21:32","guid":{"rendered":"https:\/\/newsroom.armandotesta.it\/?p=7117"},"modified":"2024-03-22T15:52:19","modified_gmt":"2024-03-22T14:52:19","slug":"la-zeppola-con-amarena-fabbri-firmata-armando-testa-per-la-festa-del-papa","status":"publish","type":"post","link":"https:\/\/newsroom.armandotesta.it\/it\/la-zeppola-con-amarena-fabbri-firmata-armando-testa-per-la-festa-del-papa\/","title":{"rendered":"La zeppola con Amarena Fabbri, firmata Armando Testa per la festa del pap\u00e0."},"content":{"rendered":"\n<p>Il marchio Fabbri 1905 e l\u2019agenzia Armando Testa per la prima volta insieme, uniti dagli stessi valori: entrambi hanno un DNA 100% italiano, entrambi credono nell\u2019eccellenza di ci\u00f2 che fanno, entrambi hanno qualcosa di diverso che li rende unici. E infatti, oggi si scelgono e guardano al futuro.&nbsp;<\/p>\n\n\n\n<p>Il team creativo di Armando Testa ha lavorato in assegnazione diretta al fianco dell\u2019azienda, cercando di comprenderne le esigenze di marketing e di valorizzarne la conoscenza dei consumatori, per cucire sul brand una comunicazione di forte impatto visivo, capace di ingolosire le persone al primo colpo d\u2019occhio.&nbsp;<\/p>\n\n\n\n<p>La nuova campagna affissione, on air fino al 24 marzo, riguarda il prodotto pi\u00f9 famoso di Fabbri 1905, Amarena. Protagonista assoluta della campagna \u00e8 una golosissima zeppola sulla quale ovviamente&nbsp;trionfa l\u2019unica originale ed inimitabile Amarena Fabbri, ma non solo. Il territorio che la campagna va a&nbsp;presidiare \u00e8 infatti quello dell\u2019amore che nasce nel momento in cui si cucina o si assaggia qualcosa di cos\u00ec buono e ben fatto: un amore tanto grande da trasformare in cuore il semplice cucchiaino che ha appoggiato l\u2019amarena sulla zeppola.&nbsp;<\/p>\n\n\n\n<p>Non manca, nel titolo, un riferimento all\u2019Italia e alla sua inimitabile capacit\u00e0 di amare e far amare il cibo, curando ogni dettaglio e rifinitura con la massima attenzione. Proprio come fa Amarena Fabbri che corona a perfezione ogni buonissima zeppola,&nbsp;dolce tipico della festa del Pap\u00e0 il 19 marzo, invitandoci a festeggiare con gusto, semplicit\u00e0 e amore per tutti i pap\u00e0.&nbsp;<\/p>\n\n\n\n<p><strong>Credits<\/strong><\/p>\n\n\n\n<p>Cliente: Fabbri 1905<\/p>\n\n\n\n<p>Corporate Marketing Director: Antonella Tolomelli<\/p>\n\n\n\n<p>Marketing Manager: Francesca Evangelisti<\/p>\n\n\n\n<p>Product Manager: Antonella Lombardi<\/p>\n\n\n\n<p>Agenzia: Armando Testa&nbsp;<\/p>\n\n\n\n<p>Direttore creativo esecutivo: Michele Mariani<\/p>\n\n\n\n<p>Creative team: Andrea Lantelme, Dario D\u2019Angelo, Sara Greco<\/p>\n\n\n\n<p>Client director: Giovanna Far\u00e8<\/p>\n\n\n\n<p>Client service: Federica Cartocci<\/p>\n\n\n\n<p>Fotografo: Studio Gastl<\/p>\n\n\n\n<figure class=\"wp-block-image size-large\"><img decoding=\"async\" loading=\"lazy\" width=\"1024\" height=\"495\" src=\"https:\/\/newsroom.armandotesta.it\/wp-content\/uploads\/2024\/03\/Screenshot-2024-03-04-alle-19.00.48-1024x495.png\" alt=\"\" class=\"wp-image-7118\" srcset=\"https:\/\/newsroom.armandotesta.it\/wp-content\/uploads\/2024\/03\/Screenshot-2024-03-04-alle-19.00.48-1024x495.png 1024w, https:\/\/newsroom.armandotesta.it\/wp-content\/uploads\/2024\/03\/Screenshot-2024-03-04-alle-19.00.48-800x387.png 800w, https:\/\/newsroom.armandotesta.it\/wp-content\/uploads\/2024\/03\/Screenshot-2024-03-04-alle-19.00.48-768x371.png 768w, https:\/\/newsroom.armandotesta.it\/wp-content\/uploads\/2024\/03\/Screenshot-2024-03-04-alle-19.00.48-1536x742.png 1536w, https:\/\/newsroom.armandotesta.it\/wp-content\/uploads\/2024\/03\/Screenshot-2024-03-04-alle-19.00.48-696x336.png 696w, https:\/\/newsroom.armandotesta.it\/wp-content\/uploads\/2024\/03\/Screenshot-2024-03-04-alle-19.00.48-1068x516.png 1068w, https:\/\/newsroom.armandotesta.it\/wp-content\/uploads\/2024\/03\/Screenshot-2024-03-04-alle-19.00.48-869x420.png 869w, https:\/\/newsroom.armandotesta.it\/wp-content\/uploads\/2024\/03\/Screenshot-2024-03-04-alle-19.00.48-1920x928.png 1920w, https:\/\/newsroom.armandotesta.it\/wp-content\/uploads\/2024\/03\/Screenshot-2024-03-04-alle-19.00.48-1320x638.png 1320w, https:\/\/newsroom.armandotesta.it\/wp-content\/uploads\/2024\/03\/Screenshot-2024-03-04-alle-19.00.48.png 2044w\" sizes=\"(max-width: 1024px) 100vw, 1024px\" \/><\/figure>\n","protected":false},"excerpt":{"rendered":"<p>Il marchio Fabbri 1905 e l\u2019agenzia Armando Testa per la prima volta insieme, uniti dagli stessi valori: entrambi hanno un DNA 100% italiano, entrambi credono nell\u2019eccellenza di ci\u00f2 che fanno, entrambi hanno qualcosa di diverso che li rende unici. E infatti, oggi si scelgono e guardano al futuro.&nbsp; Il team creativo di Armando Testa ha [&hellip;]<\/p>\n","protected":false},"author":5,"featured_media":7118,"comment_status":"closed","ping_status":"open","sticky":false,"template":"","format":"standard","meta":{"_mi_skip_tracking":false},"tags":[],"yoast_head":"<!-- This site is optimized with the Yoast SEO plugin v20.2.1 - https:\/\/yoast.com\/wordpress\/plugins\/seo\/ -->\n<title>La zeppola con Amarena Fabbri, firmata Armando Testa per la festa del pap\u00e0. - AT News Room<\/title>\n<meta name=\"robots\" content=\"index, follow, max-snippet:-1, max-image-preview:large, max-video-preview:-1\" \/>\n<link rel=\"canonical\" href=\"https:\/\/newsroom.armandotesta.it\/it\/la-zeppola-con-amarena-fabbri-firmata-armando-testa-per-la-festa-del-papa\/\" \/>\n<meta name=\"twitter:card\" content=\"summary_large_image\" \/>\n<meta name=\"twitter:title\" content=\"La zeppola con Amarena Fabbri, firmata Armando Testa per la festa del pap\u00e0. - AT News Room\" \/>\n<meta name=\"twitter:description\" content=\"Il marchio Fabbri 1905 e l\u2019agenzia Armando Testa per la prima volta insieme, uniti dagli stessi valori: entrambi hanno un DNA 100% italiano, entrambi credono nell\u2019eccellenza di ci\u00f2 che fanno, entrambi hanno qualcosa di diverso che li rende unici. E infatti, oggi si scelgono e guardano al futuro.&nbsp; Il team creativo di Armando Testa ha [&hellip;]\" \/>\n<meta name=\"twitter:image\" content=\"https:\/\/newsroom.armandotesta.it\/wp-content\/uploads\/2024\/03\/Screenshot-2024-03-04-alle-19.00.48.png\" \/>\n<meta name=\"twitter:creator\" content=\"@ArmandoTestaSpA\" \/>\n<meta name=\"twitter:site\" content=\"@ArmandoTestaSpA\" \/>\n<meta name=\"twitter:label1\" content=\"Scritto da\" \/>\n\t<meta name=\"twitter:data1\" content=\"Anna Piizzi\" \/>\n\t<meta name=\"twitter:label2\" content=\"Tempo di lettura stimato\" \/>\n\t<meta name=\"twitter:data2\" content=\"2 minuti\" \/>\n<script type=\"application\/ld+json\" class=\"yoast-schema-graph\">{\"@context\":\"https:\/\/schema.org\",\"@graph\":[{\"@type\":\"WebPage\",\"@id\":\"https:\/\/newsroom.armandotesta.it\/it\/la-zeppola-con-amarena-fabbri-firmata-armando-testa-per-la-festa-del-papa\/\",\"url\":\"https:\/\/newsroom.armandotesta.it\/it\/la-zeppola-con-amarena-fabbri-firmata-armando-testa-per-la-festa-del-papa\/\",\"name\":\"La zeppola con Amarena Fabbri, firmata Armando Testa per la festa del pap\u00e0. - AT News Room\",\"isPartOf\":{\"@id\":\"https:\/\/newsroom.armandotesta.it\/it\/#website\"},\"datePublished\":\"2024-03-18T13:21:32+00:00\",\"dateModified\":\"2024-03-22T14:52:19+00:00\",\"author\":{\"@id\":\"https:\/\/newsroom.armandotesta.it\/it\/#\/schema\/person\/5d4b22dee94ae271b95d488539ae4346\"},\"breadcrumb\":{\"@id\":\"https:\/\/newsroom.armandotesta.it\/it\/la-zeppola-con-amarena-fabbri-firmata-armando-testa-per-la-festa-del-papa\/#breadcrumb\"},\"inLanguage\":\"it-IT\",\"potentialAction\":[{\"@type\":\"ReadAction\",\"target\":[\"https:\/\/newsroom.armandotesta.it\/it\/la-zeppola-con-amarena-fabbri-firmata-armando-testa-per-la-festa-del-papa\/\"]}]},{\"@type\":\"BreadcrumbList\",\"@id\":\"https:\/\/newsroom.armandotesta.it\/it\/la-zeppola-con-amarena-fabbri-firmata-armando-testa-per-la-festa-del-papa\/#breadcrumb\",\"itemListElement\":[{\"@type\":\"ListItem\",\"position\":1,\"name\":\"Home\",\"item\":\"https:\/\/newsroom.armandotesta.it\/it\/\"},{\"@type\":\"ListItem\",\"position\":2,\"name\":\"La zeppola con Amarena Fabbri, firmata Armando Testa per la festa del pap\u00e0.\"}]},{\"@type\":\"WebSite\",\"@id\":\"https:\/\/newsroom.armandotesta.it\/it\/#website\",\"url\":\"https:\/\/newsroom.armandotesta.it\/it\/\",\"name\":\"AT News Room\",\"description\":\"\",\"potentialAction\":[{\"@type\":\"SearchAction\",\"target\":{\"@type\":\"EntryPoint\",\"urlTemplate\":\"https:\/\/newsroom.armandotesta.it\/it\/?s={search_term_string}\"},\"query-input\":\"required name=search_term_string\"}],\"inLanguage\":\"it-IT\"},{\"@type\":\"Person\",\"@id\":\"https:\/\/newsroom.armandotesta.it\/it\/#\/schema\/person\/5d4b22dee94ae271b95d488539ae4346\",\"name\":\"Anna Piizzi\",\"image\":{\"@type\":\"ImageObject\",\"inLanguage\":\"it-IT\",\"@id\":\"https:\/\/newsroom.armandotesta.it\/it\/#\/schema\/person\/image\/\",\"url\":\"https:\/\/secure.gravatar.com\/avatar\/4ed2db8b9426cdc2ce87794129f366e4?s=96&d=blank&r=g\",\"contentUrl\":\"https:\/\/secure.gravatar.com\/avatar\/4ed2db8b9426cdc2ce87794129f366e4?s=96&d=blank&r=g\",\"caption\":\"Anna Piizzi\"},\"url\":\"https:\/\/newsroom.armandotesta.it\/it\/author\/anna-piizzi\/\"}]}<\/script>\n<!-- \/ Yoast SEO plugin. -->","yoast_head_json":{"title":"La zeppola con Amarena Fabbri, firmata Armando Testa per la festa del pap\u00e0. - AT News Room","robots":{"index":"index","follow":"follow","max-snippet":"max-snippet:-1","max-image-preview":"max-image-preview:large","max-video-preview":"max-video-preview:-1"},"canonical":"https:\/\/newsroom.armandotesta.it\/it\/la-zeppola-con-amarena-fabbri-firmata-armando-testa-per-la-festa-del-papa\/","twitter_card":"summary_large_image","twitter_title":"La zeppola con Amarena Fabbri, firmata Armando Testa per la festa del pap\u00e0. - AT News Room","twitter_description":"Il marchio Fabbri 1905 e l\u2019agenzia Armando Testa per la prima volta insieme, uniti dagli stessi valori: entrambi hanno un DNA 100% italiano, entrambi credono nell\u2019eccellenza di ci\u00f2 che fanno, entrambi hanno qualcosa di diverso che li rende unici. E infatti, oggi si scelgono e guardano al futuro.&nbsp; Il team creativo di Armando Testa ha [&hellip;]","twitter_image":"https:\/\/newsroom.armandotesta.it\/wp-content\/uploads\/2024\/03\/Screenshot-2024-03-04-alle-19.00.48.png","twitter_creator":"@ArmandoTestaSpA","twitter_site":"@ArmandoTestaSpA","twitter_misc":{"Scritto da":"Anna Piizzi","Tempo di lettura stimato":"2 minuti"},"schema":{"@context":"https:\/\/schema.org","@graph":[{"@type":"WebPage","@id":"https:\/\/newsroom.armandotesta.it\/it\/la-zeppola-con-amarena-fabbri-firmata-armando-testa-per-la-festa-del-papa\/","url":"https:\/\/newsroom.armandotesta.it\/it\/la-zeppola-con-amarena-fabbri-firmata-armando-testa-per-la-festa-del-papa\/","name":"La zeppola con Amarena Fabbri, firmata Armando Testa per la festa del pap\u00e0. - AT News Room","isPartOf":{"@id":"https:\/\/newsroom.armandotesta.it\/it\/#website"},"datePublished":"2024-03-18T13:21:32+00:00","dateModified":"2024-03-22T14:52:19+00:00","author":{"@id":"https:\/\/newsroom.armandotesta.it\/it\/#\/schema\/person\/5d4b22dee94ae271b95d488539ae4346"},"breadcrumb":{"@id":"https:\/\/newsroom.armandotesta.it\/it\/la-zeppola-con-amarena-fabbri-firmata-armando-testa-per-la-festa-del-papa\/#breadcrumb"},"inLanguage":"it-IT","potentialAction":[{"@type":"ReadAction","target":["https:\/\/newsroom.armandotesta.it\/it\/la-zeppola-con-amarena-fabbri-firmata-armando-testa-per-la-festa-del-papa\/"]}]},{"@type":"BreadcrumbList","@id":"https:\/\/newsroom.armandotesta.it\/it\/la-zeppola-con-amarena-fabbri-firmata-armando-testa-per-la-festa-del-papa\/#breadcrumb","itemListElement":[{"@type":"ListItem","position":1,"name":"Home","item":"https:\/\/newsroom.armandotesta.it\/it\/"},{"@type":"ListItem","position":2,"name":"La zeppola con Amarena Fabbri, firmata Armando Testa per la festa del pap\u00e0."}]},{"@type":"WebSite","@id":"https:\/\/newsroom.armandotesta.it\/it\/#website","url":"https:\/\/newsroom.armandotesta.it\/it\/","name":"AT News Room","description":"","potentialAction":[{"@type":"SearchAction","target":{"@type":"EntryPoint","urlTemplate":"https:\/\/newsroom.armandotesta.it\/it\/?s={search_term_string}"},"query-input":"required name=search_term_string"}],"inLanguage":"it-IT"},{"@type":"Person","@id":"https:\/\/newsroom.armandotesta.it\/it\/#\/schema\/person\/5d4b22dee94ae271b95d488539ae4346","name":"Anna Piizzi","image":{"@type":"ImageObject","inLanguage":"it-IT","@id":"https:\/\/newsroom.armandotesta.it\/it\/#\/schema\/person\/image\/","url":"https:\/\/secure.gravatar.com\/avatar\/4ed2db8b9426cdc2ce87794129f366e4?s=96&d=blank&r=g","contentUrl":"https:\/\/secure.gravatar.com\/avatar\/4ed2db8b9426cdc2ce87794129f366e4?s=96&d=blank&r=g","caption":"Anna Piizzi"},"url":"https:\/\/newsroom.armandotesta.it\/it\/author\/anna-piizzi\/"}]}},"_links":{"self":[{"href":"https:\/\/newsroom.armandotesta.it\/it\/wp-json\/wp\/v2\/posts\/7117\/"}],"collection":[{"href":"https:\/\/newsroom.armandotesta.it\/it\/wp-json\/wp\/v2\/posts\/"}],"about":[{"href":"https:\/\/newsroom.armandotesta.it\/it\/wp-json\/wp\/v2\/types\/post\/"}],"author":[{"embeddable":true,"href":"https:\/\/newsroom.armandotesta.it\/it\/wp-json\/wp\/v2\/users\/5\/"}],"replies":[{"embeddable":true,"href":"https:\/\/newsroom.armandotesta.it\/it\/wp-json\/wp\/v2\/comments\/?post=7117"}],"version-history":[{"count":3,"href":"https:\/\/newsroom.armandotesta.it\/it\/wp-json\/wp\/v2\/posts\/7117\/revisions\/"}],"predecessor-version":[{"id":7139,"href":"https:\/\/newsroom.armandotesta.it\/it\/wp-json\/wp\/v2\/posts\/7117\/revisions\/7139\/"}],"wp:featuredmedia":[{"embeddable":true,"href":"https:\/\/newsroom.armandotesta.it\/it\/wp-json\/wp\/v2\/media\/7118\/"}],"wp:attachment":[{"href":"https:\/\/newsroom.armandotesta.it\/it\/wp-json\/wp\/v2\/media\/?parent=7117"}],"wp:term":[{"taxonomy":"post_tag","embeddable":true,"href":"https:\/\/newsroom.armandotesta.it\/it\/wp-json\/wp\/v2\/tags\/?post=7117"}],"curies":[{"name":"wp","href":"https:\/\/api.w.org\/{rel}","templated":true}]}}