{"id":7319,"date":"2024-05-10T14:19:24","date_gmt":"2024-05-10T12:19:24","guid":{"rendered":"https:\/\/newsroom.armandotesta.it\/?p=7319"},"modified":"2024-05-13T10:36:19","modified_gmt":"2024-05-13T08:36:19","slug":"ieo-e-monzino-con-armando-testa-per-sensibilizzare-sulla-lotta-al-cancro-e-le-malattie-cardiovascolari-al-via-due-nuove-campagne-per-il-5x1000","status":"publish","type":"post","link":"https:\/\/newsroom.armandotesta.it\/it\/ieo-e-monzino-con-armando-testa-per-sensibilizzare-sulla-lotta-al-cancro-e-le-malattie-cardiovascolari-al-via-due-nuove-campagne-per-il-5x1000\/","title":{"rendered":"<strong>IEO e Monzino con Armando Testa per sensibilizzare sulla lotta al cancro e le malattie cardiovascolari: al via due nuove campagne per il 5&#215;1000.<\/strong>"},"content":{"rendered":"\n<p>L\u2019Istituto Europeo di Oncologia celebra i suoi 30 anni di attivit\u00e0: 30 anni di impegno nelle diverse aree della lotta ai tumori.<\/p>\n\n\n\n<p>E la nuova campagna di raccolta fondi per il 5&#215;1000, che porta la firma dell\u2019agenzia Armando Testa, \u00e8 l\u2019occasione per celebrare questa lotta, dove la ricerca, l&#8217;innovazione e la centralit\u00e0 del paziente continuano a fare dello IEO un&#8217;eccellenza nel campo dell&#8217;oncologia.<\/p>\n\n\n\n<p>Nasce cos\u00ec una campagna dal forte impatto emotivo che costruisce su un concetto che ha fatto la storia dell\u2019Istituto: il cancro ha paura dello IEO. E oggi raccontiamo il perch\u00e9. Ecco che le caratteristiche del cancro, quelle che fanno pi\u00f9 paura, sono le stesse che da 30 anni fanno dello IEO un avversario cos\u00ec temibile. Il cancro \u00e8 forte, veloce, tenace, il cancro corre, ma \u201clo IEO di pi\u00f9\u201d, questo il nuovo concept a firma del brand. Saranno proprio i medici a mostrare con fierezza la forza dello IEO, che prende vita attraverso le loro ombre che assumono la forma di animali pronti a combattere.&nbsp;<\/p>\n\n\n\n<p>Punto di riferimento nella lotta alle malattie cardiovascolari \u00e8 invece il Centro Cardiologico Monzino, parte dello stesso gruppo di IEO, che ha deciso di presidiare il momento di raccolta del 5&#215;1000 con una campagna bold e memorabile, che vede i suoi medici in veste di writers, autori di forti dichiarazioni di sfida verso le malattie cardiovascolari, per rafforzare il loro amore per la ricerca, la cura e l\u2019innovazione. \u201cIl Monzino si batte per il cuore&#8221; questo \u00e8 lo slogan ideato da Armando Testa, per rafforzare l\u2019attitude combattente delle persone che ogni giorno si battono per far battere i cuori dei loro pazienti.<\/p>\n\n\n\n<p>Entrambe le creativit\u00e0 sono state scattate dal fotografo Gabriele Inzaghi.<\/p>\n\n\n\n<p>Le campagne saranno on air dai primi di maggio&nbsp;e vivranno sui media tradizionali e digitali durante il periodo della raccolta del 5&#215;1000.<\/p>\n\n\n\n<p>La campagna \u00e8 pianificata da Media Italia<em>.<\/em><\/p>\n\n\n\n<p>Per IEO inoltre sar\u00e0 realizzato un video celebrativo per i 30 anni.<\/p>\n\n\n\n<p><strong>Credits:<\/strong><\/p>\n\n\n\n<p>Cliente: IEO<\/p>\n\n\n\n<p>Agenzia: Armando Testa Group<\/p>\n\n\n\n<p>Executive creative direction: Georgia Ferraro e&nbsp;Nicola Cellemme&nbsp;<\/p>\n\n\n\n<p>Team creativo: Lorenzo Blangiardo, Maria Meioli, Roberta Campagna<\/p>\n\n\n\n<p>Client director: Sascha van der Plas<\/p>\n\n\n\n<p>Fotografo: Gabriele Inzaghi<\/p>\n\n\n\n<p>Pianificazione media: Media Italia<\/p>\n\n\n\n<figure class=\"wp-block-image size-large\"><img decoding=\"async\" loading=\"lazy\" width=\"1024\" height=\"581\" src=\"https:\/\/newsroom.armandotesta.it\/wp-content\/uploads\/2024\/05\/thumbnail_Forlanini-1024x581.png\" alt=\"\" class=\"wp-image-7320\" srcset=\"https:\/\/newsroom.armandotesta.it\/wp-content\/uploads\/2024\/05\/thumbnail_Forlanini-1024x581.png 1024w, https:\/\/newsroom.armandotesta.it\/wp-content\/uploads\/2024\/05\/thumbnail_Forlanini-800x454.png 800w, https:\/\/newsroom.armandotesta.it\/wp-content\/uploads\/2024\/05\/thumbnail_Forlanini-768x435.png 768w, https:\/\/newsroom.armandotesta.it\/wp-content\/uploads\/2024\/05\/thumbnail_Forlanini-1536x871.png 1536w, https:\/\/newsroom.armandotesta.it\/wp-content\/uploads\/2024\/05\/thumbnail_Forlanini-696x395.png 696w, https:\/\/newsroom.armandotesta.it\/wp-content\/uploads\/2024\/05\/thumbnail_Forlanini-1068x605.png 1068w, https:\/\/newsroom.armandotesta.it\/wp-content\/uploads\/2024\/05\/thumbnail_Forlanini-741x420.png 741w, https:\/\/newsroom.armandotesta.it\/wp-content\/uploads\/2024\/05\/thumbnail_Forlanini-1320x748.png 1320w, https:\/\/newsroom.armandotesta.it\/wp-content\/uploads\/2024\/05\/thumbnail_Forlanini.png 1912w\" sizes=\"(max-width: 1024px) 100vw, 1024px\" \/><\/figure>\n\n\n\n<figure class=\"wp-block-image size-large\"><img decoding=\"async\" loading=\"lazy\" width=\"1024\" height=\"576\" src=\"https:\/\/newsroom.armandotesta.it\/wp-content\/uploads\/2024\/05\/16-92-1024x576.jpg\" alt=\"\" class=\"wp-image-7321\" srcset=\"https:\/\/newsroom.armandotesta.it\/wp-content\/uploads\/2024\/05\/16-92-1024x576.jpg 1024w, https:\/\/newsroom.armandotesta.it\/wp-content\/uploads\/2024\/05\/16-92-800x450.jpg 800w, https:\/\/newsroom.armandotesta.it\/wp-content\/uploads\/2024\/05\/16-92-768x432.jpg 768w, https:\/\/newsroom.armandotesta.it\/wp-content\/uploads\/2024\/05\/16-92-1536x864.jpg 1536w, https:\/\/newsroom.armandotesta.it\/wp-content\/uploads\/2024\/05\/16-92-2048x1152.jpg 2048w, https:\/\/newsroom.armandotesta.it\/wp-content\/uploads\/2024\/05\/16-92-696x392.jpg 696w, https:\/\/newsroom.armandotesta.it\/wp-content\/uploads\/2024\/05\/16-92-1068x601.jpg 1068w, https:\/\/newsroom.armandotesta.it\/wp-content\/uploads\/2024\/05\/16-92-747x420.jpg 747w, https:\/\/newsroom.armandotesta.it\/wp-content\/uploads\/2024\/05\/16-92-1920x1080.jpg 1920w, https:\/\/newsroom.armandotesta.it\/wp-content\/uploads\/2024\/05\/16-92-1320x743.jpg 1320w\" sizes=\"(max-width: 1024px) 100vw, 1024px\" \/><\/figure>\n\n\n\n<figure class=\"wp-block-image size-large\"><img decoding=\"async\" loading=\"lazy\" width=\"1024\" height=\"576\" src=\"https:\/\/newsroom.armandotesta.it\/wp-content\/uploads\/2024\/05\/16-9-1024x576.jpg\" alt=\"\" class=\"wp-image-7322\" srcset=\"https:\/\/newsroom.armandotesta.it\/wp-content\/uploads\/2024\/05\/16-9-1024x576.jpg 1024w, https:\/\/newsroom.armandotesta.it\/wp-content\/uploads\/2024\/05\/16-9-800x450.jpg 800w, https:\/\/newsroom.armandotesta.it\/wp-content\/uploads\/2024\/05\/16-9-768x432.jpg 768w, https:\/\/newsroom.armandotesta.it\/wp-content\/uploads\/2024\/05\/16-9-1536x864.jpg 1536w, https:\/\/newsroom.armandotesta.it\/wp-content\/uploads\/2024\/05\/16-9-2048x1152.jpg 2048w, https:\/\/newsroom.armandotesta.it\/wp-content\/uploads\/2024\/05\/16-9-696x392.jpg 696w, https:\/\/newsroom.armandotesta.it\/wp-content\/uploads\/2024\/05\/16-9-1068x601.jpg 1068w, https:\/\/newsroom.armandotesta.it\/wp-content\/uploads\/2024\/05\/16-9-747x420.jpg 747w, https:\/\/newsroom.armandotesta.it\/wp-content\/uploads\/2024\/05\/16-9-1920x1080.jpg 1920w, https:\/\/newsroom.armandotesta.it\/wp-content\/uploads\/2024\/05\/16-9-1320x743.jpg 1320w\" sizes=\"(max-width: 1024px) 100vw, 1024px\" \/><\/figure>\n","protected":false},"excerpt":{"rendered":"<p>L\u2019Istituto Europeo di Oncologia celebra i suoi 30 anni di attivit\u00e0: 30 anni di impegno nelle diverse aree della lotta ai tumori. E la nuova campagna di raccolta fondi per il 5&#215;1000, che porta la firma dell\u2019agenzia Armando Testa, \u00e8 l\u2019occasione per celebrare questa lotta, dove la ricerca, l&#8217;innovazione e la centralit\u00e0 del paziente continuano [&hellip;]<\/p>\n","protected":false},"author":5,"featured_media":7321,"comment_status":"closed","ping_status":"open","sticky":false,"template":"","format":"standard","meta":{"_mi_skip_tracking":false},"tags":[],"yoast_head":"<!-- This site is optimized with the Yoast SEO plugin v20.2.1 - https:\/\/yoast.com\/wordpress\/plugins\/seo\/ -->\n<title>IEO e Monzino con Armando Testa per sensibilizzare sulla lotta al cancro e le malattie cardiovascolari: al via due nuove campagne per il 5x1000. - AT News Room<\/title>\n<meta name=\"robots\" content=\"index, follow, max-snippet:-1, max-image-preview:large, max-video-preview:-1\" \/>\n<link rel=\"canonical\" href=\"https:\/\/newsroom.armandotesta.it\/it\/ieo-e-monzino-con-armando-testa-per-sensibilizzare-sulla-lotta-al-cancro-e-le-malattie-cardiovascolari-al-via-due-nuove-campagne-per-il-5x1000\/\" \/>\n<meta name=\"twitter:card\" content=\"summary_large_image\" \/>\n<meta name=\"twitter:title\" content=\"&lt;strong&gt;IEO e Monzino con Armando Testa per sensibilizzare sulla lotta al cancro e le malattie cardiovascolari: al via due nuove campagne per il 5x1000.&lt;\/strong&gt; - AT News Room\" \/>\n<meta name=\"twitter:description\" content=\"L\u2019Istituto Europeo di Oncologia celebra i suoi 30 anni di attivit\u00e0: 30 anni di impegno nelle diverse aree della lotta ai tumori. E la nuova campagna di raccolta fondi per il 5&#215;1000, che porta la firma dell\u2019agenzia Armando Testa, \u00e8 l\u2019occasione per celebrare questa lotta, dove la ricerca, l&#8217;innovazione e la centralit\u00e0 del paziente continuano [&hellip;]\" \/>\n<meta name=\"twitter:image\" content=\"https:\/\/newsroom.armandotesta.it\/wp-content\/uploads\/2024\/05\/16-92-scaled.jpg\" \/>\n<meta name=\"twitter:creator\" content=\"@ArmandoTestaSpA\" \/>\n<meta name=\"twitter:site\" content=\"@ArmandoTestaSpA\" \/>\n<meta name=\"twitter:label1\" content=\"Scritto da\" \/>\n\t<meta name=\"twitter:data1\" content=\"Anna Piizzi\" \/>\n\t<meta name=\"twitter:label2\" content=\"Tempo di lettura stimato\" \/>\n\t<meta name=\"twitter:data2\" content=\"3 minuti\" \/>\n<script type=\"application\/ld+json\" class=\"yoast-schema-graph\">{\"@context\":\"https:\/\/schema.org\",\"@graph\":[{\"@type\":\"WebPage\",\"@id\":\"https:\/\/newsroom.armandotesta.it\/it\/ieo-e-monzino-con-armando-testa-per-sensibilizzare-sulla-lotta-al-cancro-e-le-malattie-cardiovascolari-al-via-due-nuove-campagne-per-il-5x1000\/\",\"url\":\"https:\/\/newsroom.armandotesta.it\/it\/ieo-e-monzino-con-armando-testa-per-sensibilizzare-sulla-lotta-al-cancro-e-le-malattie-cardiovascolari-al-via-due-nuove-campagne-per-il-5x1000\/\",\"name\":\"IEO e Monzino con Armando Testa per sensibilizzare sulla lotta al cancro e le malattie cardiovascolari: al via due nuove campagne per il 5x1000. - AT News Room\",\"isPartOf\":{\"@id\":\"https:\/\/newsroom.armandotesta.it\/it\/#website\"},\"datePublished\":\"2024-05-10T12:19:24+00:00\",\"dateModified\":\"2024-05-13T08:36:19+00:00\",\"author\":{\"@id\":\"https:\/\/newsroom.armandotesta.it\/it\/#\/schema\/person\/5d4b22dee94ae271b95d488539ae4346\"},\"breadcrumb\":{\"@id\":\"https:\/\/newsroom.armandotesta.it\/it\/ieo-e-monzino-con-armando-testa-per-sensibilizzare-sulla-lotta-al-cancro-e-le-malattie-cardiovascolari-al-via-due-nuove-campagne-per-il-5x1000\/#breadcrumb\"},\"inLanguage\":\"it-IT\",\"potentialAction\":[{\"@type\":\"ReadAction\",\"target\":[\"https:\/\/newsroom.armandotesta.it\/it\/ieo-e-monzino-con-armando-testa-per-sensibilizzare-sulla-lotta-al-cancro-e-le-malattie-cardiovascolari-al-via-due-nuove-campagne-per-il-5x1000\/\"]}]},{\"@type\":\"BreadcrumbList\",\"@id\":\"https:\/\/newsroom.armandotesta.it\/it\/ieo-e-monzino-con-armando-testa-per-sensibilizzare-sulla-lotta-al-cancro-e-le-malattie-cardiovascolari-al-via-due-nuove-campagne-per-il-5x1000\/#breadcrumb\",\"itemListElement\":[{\"@type\":\"ListItem\",\"position\":1,\"name\":\"Home\",\"item\":\"https:\/\/newsroom.armandotesta.it\/it\/\"},{\"@type\":\"ListItem\",\"position\":2,\"name\":\"IEO e Monzino con Armando Testa per sensibilizzare sulla lotta al cancro e le malattie cardiovascolari: al via due nuove campagne per il 5&#215;1000.\"}]},{\"@type\":\"WebSite\",\"@id\":\"https:\/\/newsroom.armandotesta.it\/it\/#website\",\"url\":\"https:\/\/newsroom.armandotesta.it\/it\/\",\"name\":\"AT News Room\",\"description\":\"\",\"potentialAction\":[{\"@type\":\"SearchAction\",\"target\":{\"@type\":\"EntryPoint\",\"urlTemplate\":\"https:\/\/newsroom.armandotesta.it\/it\/?s={search_term_string}\"},\"query-input\":\"required name=search_term_string\"}],\"inLanguage\":\"it-IT\"},{\"@type\":\"Person\",\"@id\":\"https:\/\/newsroom.armandotesta.it\/it\/#\/schema\/person\/5d4b22dee94ae271b95d488539ae4346\",\"name\":\"Anna Piizzi\",\"image\":{\"@type\":\"ImageObject\",\"inLanguage\":\"it-IT\",\"@id\":\"https:\/\/newsroom.armandotesta.it\/it\/#\/schema\/person\/image\/\",\"url\":\"https:\/\/secure.gravatar.com\/avatar\/4ed2db8b9426cdc2ce87794129f366e4?s=96&d=blank&r=g\",\"contentUrl\":\"https:\/\/secure.gravatar.com\/avatar\/4ed2db8b9426cdc2ce87794129f366e4?s=96&d=blank&r=g\",\"caption\":\"Anna Piizzi\"},\"url\":\"https:\/\/newsroom.armandotesta.it\/it\/author\/anna-piizzi\/\"}]}<\/script>\n<!-- \/ Yoast SEO plugin. -->","yoast_head_json":{"title":"IEO e Monzino con Armando Testa per sensibilizzare sulla lotta al cancro e le malattie cardiovascolari: al via due nuove campagne per il 5x1000. - AT News Room","robots":{"index":"index","follow":"follow","max-snippet":"max-snippet:-1","max-image-preview":"max-image-preview:large","max-video-preview":"max-video-preview:-1"},"canonical":"https:\/\/newsroom.armandotesta.it\/it\/ieo-e-monzino-con-armando-testa-per-sensibilizzare-sulla-lotta-al-cancro-e-le-malattie-cardiovascolari-al-via-due-nuove-campagne-per-il-5x1000\/","twitter_card":"summary_large_image","twitter_title":"<strong>IEO e Monzino con Armando Testa per sensibilizzare sulla lotta al cancro e le malattie cardiovascolari: al via due nuove campagne per il 5x1000.<\/strong> - AT News Room","twitter_description":"L\u2019Istituto Europeo di Oncologia celebra i suoi 30 anni di attivit\u00e0: 30 anni di impegno nelle diverse aree della lotta ai tumori. E la nuova campagna di raccolta fondi per il 5&#215;1000, che porta la firma dell\u2019agenzia Armando Testa, \u00e8 l\u2019occasione per celebrare questa lotta, dove la ricerca, l&#8217;innovazione e la centralit\u00e0 del paziente continuano [&hellip;]","twitter_image":"https:\/\/newsroom.armandotesta.it\/wp-content\/uploads\/2024\/05\/16-92-scaled.jpg","twitter_creator":"@ArmandoTestaSpA","twitter_site":"@ArmandoTestaSpA","twitter_misc":{"Scritto da":"Anna Piizzi","Tempo di lettura stimato":"3 minuti"},"schema":{"@context":"https:\/\/schema.org","@graph":[{"@type":"WebPage","@id":"https:\/\/newsroom.armandotesta.it\/it\/ieo-e-monzino-con-armando-testa-per-sensibilizzare-sulla-lotta-al-cancro-e-le-malattie-cardiovascolari-al-via-due-nuove-campagne-per-il-5x1000\/","url":"https:\/\/newsroom.armandotesta.it\/it\/ieo-e-monzino-con-armando-testa-per-sensibilizzare-sulla-lotta-al-cancro-e-le-malattie-cardiovascolari-al-via-due-nuove-campagne-per-il-5x1000\/","name":"IEO e Monzino con Armando Testa per sensibilizzare sulla lotta al cancro e le malattie cardiovascolari: al via due nuove campagne per il 5x1000. - AT News Room","isPartOf":{"@id":"https:\/\/newsroom.armandotesta.it\/it\/#website"},"datePublished":"2024-05-10T12:19:24+00:00","dateModified":"2024-05-13T08:36:19+00:00","author":{"@id":"https:\/\/newsroom.armandotesta.it\/it\/#\/schema\/person\/5d4b22dee94ae271b95d488539ae4346"},"breadcrumb":{"@id":"https:\/\/newsroom.armandotesta.it\/it\/ieo-e-monzino-con-armando-testa-per-sensibilizzare-sulla-lotta-al-cancro-e-le-malattie-cardiovascolari-al-via-due-nuove-campagne-per-il-5x1000\/#breadcrumb"},"inLanguage":"it-IT","potentialAction":[{"@type":"ReadAction","target":["https:\/\/newsroom.armandotesta.it\/it\/ieo-e-monzino-con-armando-testa-per-sensibilizzare-sulla-lotta-al-cancro-e-le-malattie-cardiovascolari-al-via-due-nuove-campagne-per-il-5x1000\/"]}]},{"@type":"BreadcrumbList","@id":"https:\/\/newsroom.armandotesta.it\/it\/ieo-e-monzino-con-armando-testa-per-sensibilizzare-sulla-lotta-al-cancro-e-le-malattie-cardiovascolari-al-via-due-nuove-campagne-per-il-5x1000\/#breadcrumb","itemListElement":[{"@type":"ListItem","position":1,"name":"Home","item":"https:\/\/newsroom.armandotesta.it\/it\/"},{"@type":"ListItem","position":2,"name":"IEO e Monzino con Armando Testa per sensibilizzare sulla lotta al cancro e le malattie cardiovascolari: al via due nuove campagne per il 5&#215;1000."}]},{"@type":"WebSite","@id":"https:\/\/newsroom.armandotesta.it\/it\/#website","url":"https:\/\/newsroom.armandotesta.it\/it\/","name":"AT News Room","description":"","potentialAction":[{"@type":"SearchAction","target":{"@type":"EntryPoint","urlTemplate":"https:\/\/newsroom.armandotesta.it\/it\/?s={search_term_string}"},"query-input":"required name=search_term_string"}],"inLanguage":"it-IT"},{"@type":"Person","@id":"https:\/\/newsroom.armandotesta.it\/it\/#\/schema\/person\/5d4b22dee94ae271b95d488539ae4346","name":"Anna Piizzi","image":{"@type":"ImageObject","inLanguage":"it-IT","@id":"https:\/\/newsroom.armandotesta.it\/it\/#\/schema\/person\/image\/","url":"https:\/\/secure.gravatar.com\/avatar\/4ed2db8b9426cdc2ce87794129f366e4?s=96&d=blank&r=g","contentUrl":"https:\/\/secure.gravatar.com\/avatar\/4ed2db8b9426cdc2ce87794129f366e4?s=96&d=blank&r=g","caption":"Anna Piizzi"},"url":"https:\/\/newsroom.armandotesta.it\/it\/author\/anna-piizzi\/"}]}},"_links":{"self":[{"href":"https:\/\/newsroom.armandotesta.it\/it\/wp-json\/wp\/v2\/posts\/7319\/"}],"collection":[{"href":"https:\/\/newsroom.armandotesta.it\/it\/wp-json\/wp\/v2\/posts\/"}],"about":[{"href":"https:\/\/newsroom.armandotesta.it\/it\/wp-json\/wp\/v2\/types\/post\/"}],"author":[{"embeddable":true,"href":"https:\/\/newsroom.armandotesta.it\/it\/wp-json\/wp\/v2\/users\/5\/"}],"replies":[{"embeddable":true,"href":"https:\/\/newsroom.armandotesta.it\/it\/wp-json\/wp\/v2\/comments\/?post=7319"}],"version-history":[{"count":1,"href":"https:\/\/newsroom.armandotesta.it\/it\/wp-json\/wp\/v2\/posts\/7319\/revisions\/"}],"predecessor-version":[{"id":7323,"href":"https:\/\/newsroom.armandotesta.it\/it\/wp-json\/wp\/v2\/posts\/7319\/revisions\/7323\/"}],"wp:featuredmedia":[{"embeddable":true,"href":"https:\/\/newsroom.armandotesta.it\/it\/wp-json\/wp\/v2\/media\/7321\/"}],"wp:attachment":[{"href":"https:\/\/newsroom.armandotesta.it\/it\/wp-json\/wp\/v2\/media\/?parent=7319"}],"wp:term":[{"taxonomy":"post_tag","embeddable":true,"href":"https:\/\/newsroom.armandotesta.it\/it\/wp-json\/wp\/v2\/tags\/?post=7319"}],"curies":[{"name":"wp","href":"https:\/\/api.w.org\/{rel}","templated":true}]}}