{"id":7380,"date":"2024-05-28T15:55:42","date_gmt":"2024-05-28T13:55:42","guid":{"rendered":"https:\/\/newsroom.armandotesta.it\/?p=7380"},"modified":"2024-05-28T17:12:31","modified_gmt":"2024-05-28T15:12:31","slug":"riso-gallo-e-armando-testa-di-nuovo-insieme-per-bonta-pronte-ed-e-subito-amore","status":"publish","type":"post","link":"https:\/\/newsroom.armandotesta.it\/it\/riso-gallo-e-armando-testa-di-nuovo-insieme-per-bonta-pronte-ed-e-subito-amore\/","title":{"rendered":"<strong>Riso Gallo e Armando Testa di nuovo insieme per Bont\u00e0 Pronte. Ed \u00e8 subito amore!<\/strong>"},"content":{"rendered":"\n<p>Le Bont\u00e0 Pronte di Riso Gallo sono tornate a comunicare in televisione, con un nuovo flight dello spot gi\u00e0 andato on air in precedenza.<\/p>\n\n\n\n<p>Per la prima volta le Bont\u00e0 Pronte Riso Gallo saranno presenti anche in affissione, con una nuova campagna firmata Armando Testa e pianificata strategicamente in prossimit\u00e0 di selezionati punti vendita Esselunga a Torino e Firenze.<\/p>\n\n\n\n<p>A potenziamento delle campagne tv e ooh, il flight sar\u00e0 supportato da una campagna display.<\/p>\n\n\n\n<p>Protagonista delle creativit\u00e0 \u00e8, ancora una volta, l\u2019istrionico gallo che, se in Tv seduce l\u2019audience con la simpatia e la musicalit\u00e0 del suo \u201ccanto\u201d, nei due soggetti affissione veste i panni dell\u2019appassionato della cucina che ha appena avuto un colpo di fulmine per le Bont\u00e0 Pronte, e di un artista dei fornelli che si sente in vena di creare capolavori.&nbsp;<\/p>\n\n\n\n<p>Del resto, amore ed ispirazione sono i due sentimenti pi\u00f9 facili da provare quando si assaggiano le Bont\u00e0 Pronte Riso Gallo, perfette per dare sfogo alla creativit\u00e0 perch\u00e9 preparate con risi selezionati e ingredienti di alta qualit\u00e0, ottime come base da arricchire a piacere.<\/p>\n\n\n\n<p>La pianificazione \u00e8 a cura di Media Italia.<\/p>\n\n\n\n<p>Credits:<\/p>\n\n\n\n<p>Direzione Creativa Esecutiva: Michele Mariani&nbsp;<\/p>\n\n\n\n<p>Team creativo: Dario D\u2019Angelo, Daniele Bona, Clara Vincelli<\/p>\n\n\n\n<p>Motion Designer: Fabio Semeraro<\/p>\n\n\n\n<p>Direzione Clienti: Gina Graci<\/p>\n\n\n\n<p>Team Account: Federica Cartocci<\/p>\n\n\n\n<p>Casa di produzione: Armando Testa Studios<\/p>\n\n\n\n<p>Animazione Gallo: H7-25 Studio<\/p>\n\n\n\n<p>Voce del Gallo: Paolo de Santis&nbsp;<\/p>\n\n\n\n<figure class=\"wp-block-image size-large\"><img decoding=\"async\" loading=\"lazy\" width=\"1024\" height=\"503\" src=\"https:\/\/newsroom.armandotesta.it\/wp-content\/uploads\/2024\/05\/Riso-Gallo_affissione_soggetto-Artista-1024x503.png\" alt=\"\" class=\"wp-image-7381\" srcset=\"https:\/\/newsroom.armandotesta.it\/wp-content\/uploads\/2024\/05\/Riso-Gallo_affissione_soggetto-Artista-1024x503.png 1024w, https:\/\/newsroom.armandotesta.it\/wp-content\/uploads\/2024\/05\/Riso-Gallo_affissione_soggetto-Artista-800x393.png 800w, https:\/\/newsroom.armandotesta.it\/wp-content\/uploads\/2024\/05\/Riso-Gallo_affissione_soggetto-Artista-768x377.png 768w, https:\/\/newsroom.armandotesta.it\/wp-content\/uploads\/2024\/05\/Riso-Gallo_affissione_soggetto-Artista-1536x755.png 1536w, https:\/\/newsroom.armandotesta.it\/wp-content\/uploads\/2024\/05\/Riso-Gallo_affissione_soggetto-Artista-2048x1006.png 2048w, https:\/\/newsroom.armandotesta.it\/wp-content\/uploads\/2024\/05\/Riso-Gallo_affissione_soggetto-Artista-324x160.png 324w, https:\/\/newsroom.armandotesta.it\/wp-content\/uploads\/2024\/05\/Riso-Gallo_affissione_soggetto-Artista-533x261.png 533w, https:\/\/newsroom.armandotesta.it\/wp-content\/uploads\/2024\/05\/Riso-Gallo_affissione_soggetto-Artista-696x342.png 696w, https:\/\/newsroom.armandotesta.it\/wp-content\/uploads\/2024\/05\/Riso-Gallo_affissione_soggetto-Artista-1068x525.png 1068w, https:\/\/newsroom.armandotesta.it\/wp-content\/uploads\/2024\/05\/Riso-Gallo_affissione_soggetto-Artista-855x420.png 855w, https:\/\/newsroom.armandotesta.it\/wp-content\/uploads\/2024\/05\/Riso-Gallo_affissione_soggetto-Artista-1920x943.png 1920w, https:\/\/newsroom.armandotesta.it\/wp-content\/uploads\/2024\/05\/Riso-Gallo_affissione_soggetto-Artista-1320x648.png 1320w\" sizes=\"(max-width: 1024px) 100vw, 1024px\" \/><\/figure>\n\n\n\n<figure class=\"wp-block-image size-large\"><img decoding=\"async\" loading=\"lazy\" width=\"1024\" height=\"507\" src=\"https:\/\/newsroom.armandotesta.it\/wp-content\/uploads\/2024\/05\/Riso-Gallo_affissione_soggetto-Innamorato-1024x507.png\" alt=\"\" class=\"wp-image-7382\" srcset=\"https:\/\/newsroom.armandotesta.it\/wp-content\/uploads\/2024\/05\/Riso-Gallo_affissione_soggetto-Innamorato-1024x507.png 1024w, https:\/\/newsroom.armandotesta.it\/wp-content\/uploads\/2024\/05\/Riso-Gallo_affissione_soggetto-Innamorato-800x396.png 800w, https:\/\/newsroom.armandotesta.it\/wp-content\/uploads\/2024\/05\/Riso-Gallo_affissione_soggetto-Innamorato-768x380.png 768w, https:\/\/newsroom.armandotesta.it\/wp-content\/uploads\/2024\/05\/Riso-Gallo_affissione_soggetto-Innamorato-1536x760.png 1536w, https:\/\/newsroom.armandotesta.it\/wp-content\/uploads\/2024\/05\/Riso-Gallo_affissione_soggetto-Innamorato-2048x1014.png 2048w, https:\/\/newsroom.armandotesta.it\/wp-content\/uploads\/2024\/05\/Riso-Gallo_affissione_soggetto-Innamorato-324x160.png 324w, https:\/\/newsroom.armandotesta.it\/wp-content\/uploads\/2024\/05\/Riso-Gallo_affissione_soggetto-Innamorato-696x344.png 696w, https:\/\/newsroom.armandotesta.it\/wp-content\/uploads\/2024\/05\/Riso-Gallo_affissione_soggetto-Innamorato-1068x529.png 1068w, https:\/\/newsroom.armandotesta.it\/wp-content\/uploads\/2024\/05\/Riso-Gallo_affissione_soggetto-Innamorato-849x420.png 849w, https:\/\/newsroom.armandotesta.it\/wp-content\/uploads\/2024\/05\/Riso-Gallo_affissione_soggetto-Innamorato-1920x950.png 1920w, https:\/\/newsroom.armandotesta.it\/wp-content\/uploads\/2024\/05\/Riso-Gallo_affissione_soggetto-Innamorato-1320x653.png 1320w\" sizes=\"(max-width: 1024px) 100vw, 1024px\" \/><\/figure>\n","protected":false},"excerpt":{"rendered":"<p>Le Bont\u00e0 Pronte di Riso Gallo sono tornate a comunicare in televisione, con un nuovo flight dello spot gi\u00e0 andato on air in precedenza. Per la prima volta le Bont\u00e0 Pronte Riso Gallo saranno presenti anche in affissione, con una nuova campagna firmata Armando Testa e pianificata strategicamente in prossimit\u00e0 di selezionati punti vendita Esselunga [&hellip;]<\/p>\n","protected":false},"author":5,"featured_media":7382,"comment_status":"closed","ping_status":"open","sticky":false,"template":"","format":"standard","meta":{"_mi_skip_tracking":false},"tags":[],"yoast_head":"<!-- This site is optimized with the Yoast SEO plugin v20.2.1 - https:\/\/yoast.com\/wordpress\/plugins\/seo\/ -->\n<title>Riso Gallo e Armando Testa di nuovo insieme per Bont\u00e0 Pronte. Ed \u00e8 subito amore! - AT News Room<\/title>\n<meta name=\"robots\" content=\"index, follow, max-snippet:-1, max-image-preview:large, max-video-preview:-1\" \/>\n<link rel=\"canonical\" href=\"https:\/\/newsroom.armandotesta.it\/it\/riso-gallo-e-armando-testa-di-nuovo-insieme-per-bonta-pronte-ed-e-subito-amore\/\" \/>\n<meta name=\"twitter:card\" content=\"summary_large_image\" \/>\n<meta name=\"twitter:title\" content=\"&lt;strong&gt;Riso Gallo e Armando Testa di nuovo insieme per Bont\u00e0 Pronte. Ed \u00e8 subito amore!&lt;\/strong&gt; - AT News Room\" \/>\n<meta name=\"twitter:description\" content=\"Le Bont\u00e0 Pronte di Riso Gallo sono tornate a comunicare in televisione, con un nuovo flight dello spot gi\u00e0 andato on air in precedenza. Per la prima volta le Bont\u00e0 Pronte Riso Gallo saranno presenti anche in affissione, con una nuova campagna firmata Armando Testa e pianificata strategicamente in prossimit\u00e0 di selezionati punti vendita Esselunga [&hellip;]\" \/>\n<meta name=\"twitter:image\" content=\"https:\/\/newsroom.armandotesta.it\/wp-content\/uploads\/2024\/05\/Riso-Gallo_affissione_soggetto-Innamorato.png\" \/>\n<meta name=\"twitter:creator\" content=\"@ArmandoTestaSpA\" \/>\n<meta name=\"twitter:site\" content=\"@ArmandoTestaSpA\" \/>\n<meta name=\"twitter:label1\" content=\"Scritto da\" \/>\n\t<meta name=\"twitter:data1\" content=\"Anna Piizzi\" \/>\n\t<meta name=\"twitter:label2\" content=\"Tempo di lettura stimato\" \/>\n\t<meta name=\"twitter:data2\" content=\"2 minuti\" \/>\n<script type=\"application\/ld+json\" class=\"yoast-schema-graph\">{\"@context\":\"https:\/\/schema.org\",\"@graph\":[{\"@type\":\"WebPage\",\"@id\":\"https:\/\/newsroom.armandotesta.it\/it\/riso-gallo-e-armando-testa-di-nuovo-insieme-per-bonta-pronte-ed-e-subito-amore\/\",\"url\":\"https:\/\/newsroom.armandotesta.it\/it\/riso-gallo-e-armando-testa-di-nuovo-insieme-per-bonta-pronte-ed-e-subito-amore\/\",\"name\":\"Riso Gallo e Armando Testa di nuovo insieme per Bont\u00e0 Pronte. Ed \u00e8 subito amore! - AT News Room\",\"isPartOf\":{\"@id\":\"https:\/\/newsroom.armandotesta.it\/it\/#website\"},\"datePublished\":\"2024-05-28T13:55:42+00:00\",\"dateModified\":\"2024-05-28T15:12:31+00:00\",\"author\":{\"@id\":\"https:\/\/newsroom.armandotesta.it\/it\/#\/schema\/person\/5d4b22dee94ae271b95d488539ae4346\"},\"breadcrumb\":{\"@id\":\"https:\/\/newsroom.armandotesta.it\/it\/riso-gallo-e-armando-testa-di-nuovo-insieme-per-bonta-pronte-ed-e-subito-amore\/#breadcrumb\"},\"inLanguage\":\"it-IT\",\"potentialAction\":[{\"@type\":\"ReadAction\",\"target\":[\"https:\/\/newsroom.armandotesta.it\/it\/riso-gallo-e-armando-testa-di-nuovo-insieme-per-bonta-pronte-ed-e-subito-amore\/\"]}]},{\"@type\":\"BreadcrumbList\",\"@id\":\"https:\/\/newsroom.armandotesta.it\/it\/riso-gallo-e-armando-testa-di-nuovo-insieme-per-bonta-pronte-ed-e-subito-amore\/#breadcrumb\",\"itemListElement\":[{\"@type\":\"ListItem\",\"position\":1,\"name\":\"Home\",\"item\":\"https:\/\/newsroom.armandotesta.it\/it\/\"},{\"@type\":\"ListItem\",\"position\":2,\"name\":\"Riso Gallo e Armando Testa di nuovo insieme per Bont\u00e0 Pronte. Ed \u00e8 subito amore!\"}]},{\"@type\":\"WebSite\",\"@id\":\"https:\/\/newsroom.armandotesta.it\/it\/#website\",\"url\":\"https:\/\/newsroom.armandotesta.it\/it\/\",\"name\":\"AT News Room\",\"description\":\"\",\"potentialAction\":[{\"@type\":\"SearchAction\",\"target\":{\"@type\":\"EntryPoint\",\"urlTemplate\":\"https:\/\/newsroom.armandotesta.it\/it\/?s={search_term_string}\"},\"query-input\":\"required name=search_term_string\"}],\"inLanguage\":\"it-IT\"},{\"@type\":\"Person\",\"@id\":\"https:\/\/newsroom.armandotesta.it\/it\/#\/schema\/person\/5d4b22dee94ae271b95d488539ae4346\",\"name\":\"Anna Piizzi\",\"image\":{\"@type\":\"ImageObject\",\"inLanguage\":\"it-IT\",\"@id\":\"https:\/\/newsroom.armandotesta.it\/it\/#\/schema\/person\/image\/\",\"url\":\"https:\/\/secure.gravatar.com\/avatar\/4ed2db8b9426cdc2ce87794129f366e4?s=96&d=blank&r=g\",\"contentUrl\":\"https:\/\/secure.gravatar.com\/avatar\/4ed2db8b9426cdc2ce87794129f366e4?s=96&d=blank&r=g\",\"caption\":\"Anna Piizzi\"},\"url\":\"https:\/\/newsroom.armandotesta.it\/it\/author\/anna-piizzi\/\"}]}<\/script>\n<!-- \/ Yoast SEO plugin. -->","yoast_head_json":{"title":"Riso Gallo e Armando Testa di nuovo insieme per Bont\u00e0 Pronte. Ed \u00e8 subito amore! - AT News Room","robots":{"index":"index","follow":"follow","max-snippet":"max-snippet:-1","max-image-preview":"max-image-preview:large","max-video-preview":"max-video-preview:-1"},"canonical":"https:\/\/newsroom.armandotesta.it\/it\/riso-gallo-e-armando-testa-di-nuovo-insieme-per-bonta-pronte-ed-e-subito-amore\/","twitter_card":"summary_large_image","twitter_title":"<strong>Riso Gallo e Armando Testa di nuovo insieme per Bont\u00e0 Pronte. Ed \u00e8 subito amore!<\/strong> - AT News Room","twitter_description":"Le Bont\u00e0 Pronte di Riso Gallo sono tornate a comunicare in televisione, con un nuovo flight dello spot gi\u00e0 andato on air in precedenza. Per la prima volta le Bont\u00e0 Pronte Riso Gallo saranno presenti anche in affissione, con una nuova campagna firmata Armando Testa e pianificata strategicamente in prossimit\u00e0 di selezionati punti vendita Esselunga [&hellip;]","twitter_image":"https:\/\/newsroom.armandotesta.it\/wp-content\/uploads\/2024\/05\/Riso-Gallo_affissione_soggetto-Innamorato.png","twitter_creator":"@ArmandoTestaSpA","twitter_site":"@ArmandoTestaSpA","twitter_misc":{"Scritto da":"Anna Piizzi","Tempo di lettura stimato":"2 minuti"},"schema":{"@context":"https:\/\/schema.org","@graph":[{"@type":"WebPage","@id":"https:\/\/newsroom.armandotesta.it\/it\/riso-gallo-e-armando-testa-di-nuovo-insieme-per-bonta-pronte-ed-e-subito-amore\/","url":"https:\/\/newsroom.armandotesta.it\/it\/riso-gallo-e-armando-testa-di-nuovo-insieme-per-bonta-pronte-ed-e-subito-amore\/","name":"Riso Gallo e Armando Testa di nuovo insieme per Bont\u00e0 Pronte. Ed \u00e8 subito amore! - AT News Room","isPartOf":{"@id":"https:\/\/newsroom.armandotesta.it\/it\/#website"},"datePublished":"2024-05-28T13:55:42+00:00","dateModified":"2024-05-28T15:12:31+00:00","author":{"@id":"https:\/\/newsroom.armandotesta.it\/it\/#\/schema\/person\/5d4b22dee94ae271b95d488539ae4346"},"breadcrumb":{"@id":"https:\/\/newsroom.armandotesta.it\/it\/riso-gallo-e-armando-testa-di-nuovo-insieme-per-bonta-pronte-ed-e-subito-amore\/#breadcrumb"},"inLanguage":"it-IT","potentialAction":[{"@type":"ReadAction","target":["https:\/\/newsroom.armandotesta.it\/it\/riso-gallo-e-armando-testa-di-nuovo-insieme-per-bonta-pronte-ed-e-subito-amore\/"]}]},{"@type":"BreadcrumbList","@id":"https:\/\/newsroom.armandotesta.it\/it\/riso-gallo-e-armando-testa-di-nuovo-insieme-per-bonta-pronte-ed-e-subito-amore\/#breadcrumb","itemListElement":[{"@type":"ListItem","position":1,"name":"Home","item":"https:\/\/newsroom.armandotesta.it\/it\/"},{"@type":"ListItem","position":2,"name":"Riso Gallo e Armando Testa di nuovo insieme per Bont\u00e0 Pronte. Ed \u00e8 subito amore!"}]},{"@type":"WebSite","@id":"https:\/\/newsroom.armandotesta.it\/it\/#website","url":"https:\/\/newsroom.armandotesta.it\/it\/","name":"AT News Room","description":"","potentialAction":[{"@type":"SearchAction","target":{"@type":"EntryPoint","urlTemplate":"https:\/\/newsroom.armandotesta.it\/it\/?s={search_term_string}"},"query-input":"required name=search_term_string"}],"inLanguage":"it-IT"},{"@type":"Person","@id":"https:\/\/newsroom.armandotesta.it\/it\/#\/schema\/person\/5d4b22dee94ae271b95d488539ae4346","name":"Anna Piizzi","image":{"@type":"ImageObject","inLanguage":"it-IT","@id":"https:\/\/newsroom.armandotesta.it\/it\/#\/schema\/person\/image\/","url":"https:\/\/secure.gravatar.com\/avatar\/4ed2db8b9426cdc2ce87794129f366e4?s=96&d=blank&r=g","contentUrl":"https:\/\/secure.gravatar.com\/avatar\/4ed2db8b9426cdc2ce87794129f366e4?s=96&d=blank&r=g","caption":"Anna Piizzi"},"url":"https:\/\/newsroom.armandotesta.it\/it\/author\/anna-piizzi\/"}]}},"_links":{"self":[{"href":"https:\/\/newsroom.armandotesta.it\/it\/wp-json\/wp\/v2\/posts\/7380\/"}],"collection":[{"href":"https:\/\/newsroom.armandotesta.it\/it\/wp-json\/wp\/v2\/posts\/"}],"about":[{"href":"https:\/\/newsroom.armandotesta.it\/it\/wp-json\/wp\/v2\/types\/post\/"}],"author":[{"embeddable":true,"href":"https:\/\/newsroom.armandotesta.it\/it\/wp-json\/wp\/v2\/users\/5\/"}],"replies":[{"embeddable":true,"href":"https:\/\/newsroom.armandotesta.it\/it\/wp-json\/wp\/v2\/comments\/?post=7380"}],"version-history":[{"count":2,"href":"https:\/\/newsroom.armandotesta.it\/it\/wp-json\/wp\/v2\/posts\/7380\/revisions\/"}],"predecessor-version":[{"id":7387,"href":"https:\/\/newsroom.armandotesta.it\/it\/wp-json\/wp\/v2\/posts\/7380\/revisions\/7387\/"}],"wp:featuredmedia":[{"embeddable":true,"href":"https:\/\/newsroom.armandotesta.it\/it\/wp-json\/wp\/v2\/media\/7382\/"}],"wp:attachment":[{"href":"https:\/\/newsroom.armandotesta.it\/it\/wp-json\/wp\/v2\/media\/?parent=7380"}],"wp:term":[{"taxonomy":"post_tag","embeddable":true,"href":"https:\/\/newsroom.armandotesta.it\/it\/wp-json\/wp\/v2\/tags\/?post=7380"}],"curies":[{"name":"wp","href":"https:\/\/api.w.org\/{rel}","templated":true}]}}