{"id":896,"date":"2017-06-22T12:00:00","date_gmt":"2017-06-22T10:00:00","guid":{"rendered":"https:\/\/newsroom.armandotesta.it\/\/2017\/06\/22\/amaro-montenegro-e-il-gruppo-armando-testa-raccontano-i-veri-bartender-con-un-video-che-lancia-il-contest-be-the-vero-bartender-the-talent\/"},"modified":"2019-03-14T12:25:43","modified_gmt":"2019-03-14T11:25:43","slug":"amaro-montenegro-e-il-gruppo-armando-testa-raccontano-i-veri-bartender-con-un-video-che-lancia-il-contest-be-the-vero-bartender-the-talent","status":"publish","type":"post","link":"https:\/\/newsroom.armandotesta.it\/it\/amaro-montenegro-e-il-gruppo-armando-testa-raccontano-i-veri-bartender-con-un-video-che-lancia-il-contest-be-the-vero-bartender-the-talent\/","title":{"rendered":"AMARO MONTENEGRO E IL GRUPPO ARMANDO TESTA RACCONTANO I VERI BARTENDER CON UN VIDEO CHE LANCIA IL CONTEST BE THE VERO BARTENDER &#8211; THE TALENT"},"content":{"rendered":"Riparte il contest di Amaro Montenegro Be The Vero Bartender &#8211; The Talent e per lanciarlo Amaro Montenegro racconta in un video le caratteristiche dei bartender veri e autentici, dei moderni eroi.  Il video \u00e8 online da met\u00e0 giugno sul sito betheverobartender.it e in due differenti formati brevi sui canali social del brand e sui web magazine di settore, con l\u2019obiettivo di supportare il recruitment per la seconda edizione di Be The Vero Bartender &#8211; The Talent. Un\u2019avvincente competizione che, tra prove tecniche e pratiche, premier\u00e0 chi riuscir\u00e0 a creare il migliore Twist on Classic a base Amaro Montenegro, regalando la partecipazione a Bar Convent Berlin 2017.    Il video di lancio \u00e8 un manifesto che racconta un&#8217;immagine aspirazionale, vicina ed empatica del vero bartender: dalla personalit\u00e0 forte e rassicurante, pronto in ogni occasione ad affrontare lo stress dei ritmi del banco bar.  Il concept creativo, studiato dal Gruppo Armando Testa, racconta la storia di tre professionisti, del loro talento autentico che coltivano shake dopo shake.  Tre personalit\u00e0, conosciute e vicine al target, interpretano i valori della marca trasformandosi nel Vero Artista (Daniele Gentili), che crea ogni giorno straordinari capolavori; nel Vero Gentleman (Mattia Pastori), che conquista i suoi clienti anche con un piccolo gesto; nel Vero Macho (Federica Bernardis) che sa gestire anche le situazioni pi\u00f9 complicate; e nel Vero Amico (Daniele Gentili), che ascolta i suoi clienti fino alle prime luci dell\u2019alba.   Per il Gruppo Armando Testa hanno collaborato, sotto la direzione creativa di Jacopo Morini, la copywriter Roberta Montagnoli e l\u2019art director Silvia Bruno. La produzione video \u00e8 a cura di Diaviva con la regia di Luca Robecchi.    Il contest lanciato dal video segue il tour di Masterclass Be The Vero Bartender, che ha coinvolto i migliori locali della night life di otto citt\u00e0 italiane, in collaborazione con mixologist di fama internazionale.  AMARO MONTENEGRO    E&#8217; il 1885, e dopo lunghe e appassionate sperimentazioni dell&#8217;erborista bolognese Stanislao Cobianchi nasce uno dei pi\u00f9 famosi simboli della tradizione liquoristica italiana, Amaro Montenegro.  Un mito che da oltre 130 anni mantiene immutate le sue qualit\u00e0 uniche che fanno di Amaro Montenegro l\u2019amaro numero uno in Italia. Una tradizione inalterata anche nella bottiglia che, con le sue forme sinuose e innovative, ha distinto Amaro Montenegro negli anni conservandone gelosamente il carattere, oltre che il sapore. Amaro Montenegro viene infatti preparato ancor oggi seguendo la tradizionale ricetta, fatta di oltre 40 erbe, spezie e agrumi sapientemente selezionati e miscelati; una formula e un processo custoditi segretamente da pi\u00f9 di un secolo che conferiscono ad Amaro Montenegro un gusto inconfondibile e dalla straordinaria complessit\u00e0.  Grazie a queste caratteristiche uniche nel profilo organolettico, Amaro Montenegro \u00e8 un sorprendente e versatile ingrediente per cocktail innovativi o per twist di grandi classici che sono gi\u00e0 diventati una tendenza nel mondo della mixology sia in Italia che all\u2019estero.  Amaro Montenegro, sapore vero.      GRUPPO MONTENEGRO    Fondato nel 1885, Gruppo Montenegro \u00e8 una realt\u00e0 imprenditoriale italiana leader di mercato nei settori alimentare e bevande alcoliche che vanta brand da sempre nell\u2019immaginario degli italiani: Amaro Montenegro, Vecchia Romagna, Infusi Bonomelli, Th\u00e8 Infr\u00e8, Olio Cuore, Spezie Cannamela, Polenta Valsugana, Pizza Catar\u00ec. Iconici simboli del Made in Italy, rappresentano al meglio la costante ricerca dell\u2019eccellenza nel rispetto della tradizione e l\u2019attenzione particolare alla qualit\u00e0 dei prodotti e alla loro sostenibilit\u00e0 che da sempre contraddistinguono Gruppo Montenegro.  Grazie ad una solida rete distributiva nazionale e internazionale, i brand del Gruppo si confermano ancora oggi dei veri e propri ambasciatori della cultura e della tradizione italiana.          Informazioni per la stampa:    Gruppo Armando Testa  Nini Collini &#8211;  ncollini@armandotesta.it &#8211; tel. 02 48082315-6  &#8211;  cel. 335 7175227    Hill+Knowlton Strategies Milano  Anna Lisa Margheriti \u2013 annalisa.margheriti@hkstrategies.com \u2013 t. 348 2300285  Francesca Forni &#8211; francesca.forni@hkstrategies.com \u2013 t. 340 5234333\r\n\r\n<ul class=\"is-layout-flex wp-block-gallery-1 wp-block-gallery columns-1 is-cropped\">\r\n<li class=\"blocks-gallery-item\">\n   <figure>\n  <a href=\"https:\/\/newsroom.armandotesta.it\/\/wp-content\/uploads\/2019\/03\/251734-2-4cbd63-original-1498148613.jpg\">\n   <img decoding=\"async\" src=\"https:\/\/newsroom.armandotesta.it\/\/wp-content\/uploads\/2019\/03\/251734-2-4cbd63-original-1498148613.jpg\" \n       alt=\"\" \n      data-link=\"https:\/\/newsroom.armandotesta.it\/\/wp-content\/uploads\/2019\/03\/251734-2-4cbd63-original-1498148613.jpg\" \n     class=\"td-modal-image\"\/>\n  <\/a>\n  <\/figure>\n <\/li><li class=\"blocks-gallery-item\">\n <figure>\n  <a href=\"https:\/\/newsroom.armandotesta.it\/\/wp-content\/uploads\/2019\/03\/251733-1-42bf12-original-1498148612.jpg\">\n   <img decoding=\"async\" src=\"https:\/\/newsroom.armandotesta.it\/\/wp-content\/uploads\/2019\/03\/251733-1-42bf12-original-1498148612.jpg\" \n       alt=\"\" \n      data-link=\"https:\/\/newsroom.armandotesta.it\/\/wp-content\/uploads\/2019\/03\/251733-1-42bf12-original-1498148612.jpg\" \n     class=\"td-modal-image\"\/>\n  <\/a>\n  <\/figure>\n <\/li><\/ul>\r\n\r\n\n<figure class=\"wp-block-embed-youtube wp-block-embed is-type-video is-provider-youtube wp-embed-aspect-16-9 wp-has-aspect-ratio\"><div class=\"wp-block-embed__wrapper\">\n<iframe loading=\"lazy\" width=\"696\" height=\"392\" src=\"https:\/\/www.youtube.com\/embed\/BUTwHXoeIx0?feature=oembed\" frameborder=\"0\" allow=\"accelerometer; autoplay; encrypted-media; gyroscope; picture-in-picture\" allowfullscreen><\/iframe>\n<\/div>\n<\/figure>\n","protected":false},"excerpt":{"rendered":"<p>Riparte il contest di Amaro Montenegro Be The Vero Bartender &#8211; The Talent e per lanciarlo Amaro Montenegro racconta in un video le caratteristiche dei bartender veri e autentici, dei moderni eroi.<br \/>\nIl video \u00e8 online da met\u00e0 giugno sul sito betheverobartender.it e in due differenti formati brevi sui canali social del brand e sui web magazine di settore, con l\u2019obiettivo di supportare il recruitment per la seconda edizione di Be The Vero Bartender &#8211; The Talent. Un\u2019avvincente competizione che, tra prove tecniche e pratiche, premier\u00e0 chi riuscir\u00e0 a creare il migliore Twist on Classic a base Amaro Montenegro, regalando la partecipazione a Bar Convent Berlin 2017.<\/p>\n","protected":false},"author":2,"featured_media":897,"comment_status":"closed","ping_status":"open","sticky":false,"template":"","format":"standard","meta":{"_mi_skip_tracking":false},"tags":[],"yoast_head":"<!-- This site is optimized with the Yoast SEO plugin v20.2.1 - https:\/\/yoast.com\/wordpress\/plugins\/seo\/ -->\n<title>AMARO MONTENEGRO E IL GRUPPO ARMANDO TESTA RACCONTANO I VERI BARTENDER CON UN VIDEO CHE LANCIA IL CONTEST BE THE VERO BARTENDER - THE TALENT - AT News Room<\/title>\n<meta name=\"robots\" content=\"index, follow, max-snippet:-1, max-image-preview:large, max-video-preview:-1\" \/>\n<link rel=\"canonical\" href=\"https:\/\/newsroom.armandotesta.it\/it\/amaro-montenegro-e-il-gruppo-armando-testa-raccontano-i-veri-bartender-con-un-video-che-lancia-il-contest-be-the-vero-bartender-the-talent\/\" \/>\n<meta name=\"twitter:card\" content=\"summary_large_image\" \/>\n<meta name=\"twitter:title\" content=\"AMARO MONTENEGRO E IL GRUPPO ARMANDO TESTA RACCONTANO I VERI BARTENDER CON UN VIDEO CHE LANCIA IL CONTEST BE THE VERO BARTENDER - THE TALENT - AT News Room\" \/>\n<meta name=\"twitter:description\" content=\"Riparte il contest di Amaro Montenegro Be The Vero Bartender - The Talent e per lanciarlo Amaro Montenegro racconta in un video le caratteristiche dei bartender veri e autentici, dei moderni eroi. Il video \u00e8 online da met\u00e0 giugno sul sito betheverobartender.it e in due differenti formati brevi sui canali social del brand e sui web magazine di settore, con l\u2019obiettivo di supportare il recruitment per la seconda edizione di Be The Vero Bartender - The Talent. Un\u2019avvincente competizione che, tra prove tecniche e pratiche, premier\u00e0 chi riuscir\u00e0 a creare il migliore Twist on Classic a base Amaro Montenegro, regalando la partecipazione a Bar Convent Berlin 2017.\" \/>\n<meta name=\"twitter:image\" content=\"https:\/\/newsroom.armandotesta.it\/wp-content\/uploads\/2019\/03\/251734-2-4cbd63-original-1498148613.jpg\" \/>\n<meta name=\"twitter:creator\" content=\"@ArmandoTestaSpA\" \/>\n<meta name=\"twitter:site\" content=\"@ArmandoTestaSpA\" \/>\n<meta name=\"twitter:label1\" content=\"Scritto da\" \/>\n\t<meta name=\"twitter:data1\" content=\"Andrea Vincenzi\" \/>\n\t<meta name=\"twitter:label2\" content=\"Tempo di lettura stimato\" \/>\n\t<meta name=\"twitter:data2\" content=\"3 minuti\" \/>\n<script type=\"application\/ld+json\" class=\"yoast-schema-graph\">{\"@context\":\"https:\/\/schema.org\",\"@graph\":[{\"@type\":\"WebPage\",\"@id\":\"https:\/\/newsroom.armandotesta.it\/it\/amaro-montenegro-e-il-gruppo-armando-testa-raccontano-i-veri-bartender-con-un-video-che-lancia-il-contest-be-the-vero-bartender-the-talent\/\",\"url\":\"https:\/\/newsroom.armandotesta.it\/it\/amaro-montenegro-e-il-gruppo-armando-testa-raccontano-i-veri-bartender-con-un-video-che-lancia-il-contest-be-the-vero-bartender-the-talent\/\",\"name\":\"AMARO MONTENEGRO E IL GRUPPO ARMANDO TESTA RACCONTANO I VERI BARTENDER CON UN VIDEO CHE LANCIA IL CONTEST BE THE VERO BARTENDER - THE TALENT - AT News Room\",\"isPartOf\":{\"@id\":\"https:\/\/newsroom.armandotesta.it\/it\/#website\"},\"datePublished\":\"2017-06-22T10:00:00+00:00\",\"dateModified\":\"2019-03-14T11:25:43+00:00\",\"author\":{\"@id\":\"https:\/\/newsroom.armandotesta.it\/it\/#\/schema\/person\/097102a7d9da7e918db236bada3a1c5a\"},\"breadcrumb\":{\"@id\":\"https:\/\/newsroom.armandotesta.it\/it\/amaro-montenegro-e-il-gruppo-armando-testa-raccontano-i-veri-bartender-con-un-video-che-lancia-il-contest-be-the-vero-bartender-the-talent\/#breadcrumb\"},\"inLanguage\":\"it-IT\",\"potentialAction\":[{\"@type\":\"ReadAction\",\"target\":[\"https:\/\/newsroom.armandotesta.it\/it\/amaro-montenegro-e-il-gruppo-armando-testa-raccontano-i-veri-bartender-con-un-video-che-lancia-il-contest-be-the-vero-bartender-the-talent\/\"]}]},{\"@type\":\"BreadcrumbList\",\"@id\":\"https:\/\/newsroom.armandotesta.it\/it\/amaro-montenegro-e-il-gruppo-armando-testa-raccontano-i-veri-bartender-con-un-video-che-lancia-il-contest-be-the-vero-bartender-the-talent\/#breadcrumb\",\"itemListElement\":[{\"@type\":\"ListItem\",\"position\":1,\"name\":\"Home\",\"item\":\"https:\/\/newsroom.armandotesta.it\/it\/\"},{\"@type\":\"ListItem\",\"position\":2,\"name\":\"AMARO MONTENEGRO E IL GRUPPO ARMANDO TESTA RACCONTANO I VERI BARTENDER CON UN VIDEO CHE LANCIA IL CONTEST BE THE VERO BARTENDER &#8211; THE TALENT\"}]},{\"@type\":\"WebSite\",\"@id\":\"https:\/\/newsroom.armandotesta.it\/it\/#website\",\"url\":\"https:\/\/newsroom.armandotesta.it\/it\/\",\"name\":\"AT News Room\",\"description\":\"\",\"potentialAction\":[{\"@type\":\"SearchAction\",\"target\":{\"@type\":\"EntryPoint\",\"urlTemplate\":\"https:\/\/newsroom.armandotesta.it\/it\/?s={search_term_string}\"},\"query-input\":\"required name=search_term_string\"}],\"inLanguage\":\"it-IT\"},{\"@type\":\"Person\",\"@id\":\"https:\/\/newsroom.armandotesta.it\/it\/#\/schema\/person\/097102a7d9da7e918db236bada3a1c5a\",\"name\":\"Andrea Vincenzi\",\"image\":{\"@type\":\"ImageObject\",\"inLanguage\":\"it-IT\",\"@id\":\"https:\/\/newsroom.armandotesta.it\/it\/#\/schema\/person\/image\/\",\"url\":\"https:\/\/secure.gravatar.com\/avatar\/314572425b98ddd7b713352e3f07cfca?s=96&d=blank&r=g\",\"contentUrl\":\"https:\/\/secure.gravatar.com\/avatar\/314572425b98ddd7b713352e3f07cfca?s=96&d=blank&r=g\",\"caption\":\"Andrea Vincenzi\"},\"sameAs\":[\"https:\/\/twitter.com\/ArmandoTestaSpA\"],\"url\":\"https:\/\/newsroom.armandotesta.it\/it\/author\/avincenzi\/\"}]}<\/script>\n<!-- \/ Yoast SEO plugin. -->","yoast_head_json":{"title":"AMARO MONTENEGRO E IL GRUPPO ARMANDO TESTA RACCONTANO I VERI BARTENDER CON UN VIDEO CHE LANCIA IL CONTEST BE THE VERO BARTENDER - THE TALENT - AT News Room","robots":{"index":"index","follow":"follow","max-snippet":"max-snippet:-1","max-image-preview":"max-image-preview:large","max-video-preview":"max-video-preview:-1"},"canonical":"https:\/\/newsroom.armandotesta.it\/it\/amaro-montenegro-e-il-gruppo-armando-testa-raccontano-i-veri-bartender-con-un-video-che-lancia-il-contest-be-the-vero-bartender-the-talent\/","twitter_card":"summary_large_image","twitter_title":"AMARO MONTENEGRO E IL GRUPPO ARMANDO TESTA RACCONTANO I VERI BARTENDER CON UN VIDEO CHE LANCIA IL CONTEST BE THE VERO BARTENDER - THE TALENT - AT News Room","twitter_description":"Riparte il contest di Amaro Montenegro Be The Vero Bartender - The Talent e per lanciarlo Amaro Montenegro racconta in un video le caratteristiche dei bartender veri e autentici, dei moderni eroi. Il video \u00e8 online da met\u00e0 giugno sul sito betheverobartender.it e in due differenti formati brevi sui canali social del brand e sui web magazine di settore, con l\u2019obiettivo di supportare il recruitment per la seconda edizione di Be The Vero Bartender - The Talent. Un\u2019avvincente competizione che, tra prove tecniche e pratiche, premier\u00e0 chi riuscir\u00e0 a creare il migliore Twist on Classic a base Amaro Montenegro, regalando la partecipazione a Bar Convent Berlin 2017.","twitter_image":"https:\/\/newsroom.armandotesta.it\/wp-content\/uploads\/2019\/03\/251734-2-4cbd63-original-1498148613.jpg","twitter_creator":"@ArmandoTestaSpA","twitter_site":"@ArmandoTestaSpA","twitter_misc":{"Scritto da":"Andrea Vincenzi","Tempo di lettura stimato":"3 minuti"},"schema":{"@context":"https:\/\/schema.org","@graph":[{"@type":"WebPage","@id":"https:\/\/newsroom.armandotesta.it\/it\/amaro-montenegro-e-il-gruppo-armando-testa-raccontano-i-veri-bartender-con-un-video-che-lancia-il-contest-be-the-vero-bartender-the-talent\/","url":"https:\/\/newsroom.armandotesta.it\/it\/amaro-montenegro-e-il-gruppo-armando-testa-raccontano-i-veri-bartender-con-un-video-che-lancia-il-contest-be-the-vero-bartender-the-talent\/","name":"AMARO MONTENEGRO E IL GRUPPO ARMANDO TESTA RACCONTANO I VERI BARTENDER CON UN VIDEO CHE LANCIA IL CONTEST BE THE VERO BARTENDER - THE TALENT - AT News Room","isPartOf":{"@id":"https:\/\/newsroom.armandotesta.it\/it\/#website"},"datePublished":"2017-06-22T10:00:00+00:00","dateModified":"2019-03-14T11:25:43+00:00","author":{"@id":"https:\/\/newsroom.armandotesta.it\/it\/#\/schema\/person\/097102a7d9da7e918db236bada3a1c5a"},"breadcrumb":{"@id":"https:\/\/newsroom.armandotesta.it\/it\/amaro-montenegro-e-il-gruppo-armando-testa-raccontano-i-veri-bartender-con-un-video-che-lancia-il-contest-be-the-vero-bartender-the-talent\/#breadcrumb"},"inLanguage":"it-IT","potentialAction":[{"@type":"ReadAction","target":["https:\/\/newsroom.armandotesta.it\/it\/amaro-montenegro-e-il-gruppo-armando-testa-raccontano-i-veri-bartender-con-un-video-che-lancia-il-contest-be-the-vero-bartender-the-talent\/"]}]},{"@type":"BreadcrumbList","@id":"https:\/\/newsroom.armandotesta.it\/it\/amaro-montenegro-e-il-gruppo-armando-testa-raccontano-i-veri-bartender-con-un-video-che-lancia-il-contest-be-the-vero-bartender-the-talent\/#breadcrumb","itemListElement":[{"@type":"ListItem","position":1,"name":"Home","item":"https:\/\/newsroom.armandotesta.it\/it\/"},{"@type":"ListItem","position":2,"name":"AMARO MONTENEGRO E IL GRUPPO ARMANDO TESTA RACCONTANO I VERI BARTENDER CON UN VIDEO CHE LANCIA IL CONTEST BE THE VERO BARTENDER &#8211; THE TALENT"}]},{"@type":"WebSite","@id":"https:\/\/newsroom.armandotesta.it\/it\/#website","url":"https:\/\/newsroom.armandotesta.it\/it\/","name":"AT News Room","description":"","potentialAction":[{"@type":"SearchAction","target":{"@type":"EntryPoint","urlTemplate":"https:\/\/newsroom.armandotesta.it\/it\/?s={search_term_string}"},"query-input":"required name=search_term_string"}],"inLanguage":"it-IT"},{"@type":"Person","@id":"https:\/\/newsroom.armandotesta.it\/it\/#\/schema\/person\/097102a7d9da7e918db236bada3a1c5a","name":"Andrea Vincenzi","image":{"@type":"ImageObject","inLanguage":"it-IT","@id":"https:\/\/newsroom.armandotesta.it\/it\/#\/schema\/person\/image\/","url":"https:\/\/secure.gravatar.com\/avatar\/314572425b98ddd7b713352e3f07cfca?s=96&d=blank&r=g","contentUrl":"https:\/\/secure.gravatar.com\/avatar\/314572425b98ddd7b713352e3f07cfca?s=96&d=blank&r=g","caption":"Andrea Vincenzi"},"sameAs":["https:\/\/twitter.com\/ArmandoTestaSpA"],"url":"https:\/\/newsroom.armandotesta.it\/it\/author\/avincenzi\/"}]}},"_links":{"self":[{"href":"https:\/\/newsroom.armandotesta.it\/it\/wp-json\/wp\/v2\/posts\/896\/"}],"collection":[{"href":"https:\/\/newsroom.armandotesta.it\/it\/wp-json\/wp\/v2\/posts\/"}],"about":[{"href":"https:\/\/newsroom.armandotesta.it\/it\/wp-json\/wp\/v2\/types\/post\/"}],"author":[{"embeddable":true,"href":"https:\/\/newsroom.armandotesta.it\/it\/wp-json\/wp\/v2\/users\/2\/"}],"replies":[{"embeddable":true,"href":"https:\/\/newsroom.armandotesta.it\/it\/wp-json\/wp\/v2\/comments\/?post=896"}],"version-history":[{"count":3,"href":"https:\/\/newsroom.armandotesta.it\/it\/wp-json\/wp\/v2\/posts\/896\/revisions\/"}],"predecessor-version":[{"id":2368,"href":"https:\/\/newsroom.armandotesta.it\/it\/wp-json\/wp\/v2\/posts\/896\/revisions\/2368\/"}],"wp:featuredmedia":[{"embeddable":true,"href":"https:\/\/newsroom.armandotesta.it\/it\/wp-json\/wp\/v2\/media\/897\/"}],"wp:attachment":[{"href":"https:\/\/newsroom.armandotesta.it\/it\/wp-json\/wp\/v2\/media\/?parent=896"}],"wp:term":[{"taxonomy":"post_tag","embeddable":true,"href":"https:\/\/newsroom.armandotesta.it\/it\/wp-json\/wp\/v2\/tags\/?post=896"}],"curies":[{"name":"wp","href":"https:\/\/api.w.org\/{rel}","templated":true}]}}