{"id":929,"date":"2017-05-04T12:00:00","date_gmt":"2017-05-04T10:00:00","guid":{"rendered":"https:\/\/newsroom.armandotesta.it\/\/2017\/05\/04\/giuseppe-mayer-entra-in-armando-testa\/"},"modified":"2019-03-14T12:26:08","modified_gmt":"2019-03-14T11:26:08","slug":"giuseppe-mayer-entra-in-armando-testa","status":"publish","type":"post","link":"https:\/\/newsroom.armandotesta.it\/it\/giuseppe-mayer-entra-in-armando-testa\/","title":{"rendered":"GIUSEPPE MAYER ENTRA IN ARMANDO TESTA"},"content":{"rendered":"<p>Il Gruppo Armando Testa d\u00e0 il benvenuto a Giuseppe Mayer che entra con un doppio ruolo; da un lato infatti il manager sar\u00e0 Chief Digital Officer di Armando Testa, con la responsabilit\u00e0 di seguire e sviluppare i progetti integrati dell\u2019agenzia.<\/p><p>Dall\u2019altro Mayer assumer\u00e0 il ruolo di CEO di TDH, Testa Digital Hub, societ\u00e0 del gruppo specializzata in digitale, innovazione ed experience marketing; in questa posizione subentra a Valentino Cagnetta, CEO di Media Italia, che per 3 anni ha guidato TDH insieme al Direttore Creativo, Jacopo Morini. <\/p>    <p>\u201cEntrare nel Gruppo Armando Testa \u00e8 per me motivo di grande orgoglio; una storia unica nel panorama mondiale, un presente che ha radici solide e ben radicate in Italia, ma con un respiro realmente internazionale nei clienti e nei lavori che vengono realizzati. <\/p>  <p>Inoltre avr\u00f2 l\u2019opportunit\u00e0 di guidare Testa Digital Hub, un team di 20 talenti digitali basato a Torino, e non vedo l\u2019ora di metterci alla prova su progetti e clienti insieme con il mio nuovo partner creativo Jacopo Morini.<\/p>  <p>Voglio poi ringraziare qui Valentino Cagnetta, che in questi primi anni di TDH ha dato un contributo fondamentale sia alla crescita del gruppo di lavoro sia a consolidare la credibilit\u00e0 dell\u2019agenzia in un ambito cos\u00ec sfidante ed innovativo.\u201d<\/p>    <p>Giuseppe Mayer viene dal gruppo WPP dove ha ricoperto negli ultimi anni il ruolo di Chief Innovation Officer nella sede italiana di Grey; precedentemente \u00e8 stato socio e General Manager di Ambito5, agenzia specializzata in Social Business che ha venduto nel 2014 al gruppo Publicis. <br \/><\/p>\r\n\r\n<ul class=\"is-layout-flex wp-block-gallery-1 wp-block-gallery columns-1 is-cropped\">\r\n<li class=\"blocks-gallery-item\">\n <figure>\n  <a href=\"https:\/\/newsroom.armandotesta.it\/\/wp-content\/uploads\/2019\/03\/246400-Mayer_Morini-734e71-original-1493994782.jpeg\">\n   <img decoding=\"async\" src=\"https:\/\/newsroom.armandotesta.it\/\/wp-content\/uploads\/2019\/03\/246400-Mayer_Morini-734e71-original-1493994782.jpeg\" \n       alt=\"\" \n      data-link=\"https:\/\/newsroom.armandotesta.it\/\/wp-content\/uploads\/2019\/03\/246400-Mayer_Morini-734e71-original-1493994782.jpeg\" \n     class=\"td-modal-image\"\/>\n  <\/a>\n  <\/figure>\n <\/li><li class=\"blocks-gallery-item\">\n <figure>\n  <a href=\"https:\/\/newsroom.armandotesta.it\/\/wp-content\/uploads\/2019\/03\/246399-Mayer1-63eaf8-original-1493994781.jpeg\">\n <img decoding=\"async\" src=\"https:\/\/newsroom.armandotesta.it\/\/wp-content\/uploads\/2019\/03\/246399-Mayer1-63eaf8-original-1493994781.jpeg\" \n         alt=\"\" \n      data-link=\"https:\/\/newsroom.armandotesta.it\/\/wp-content\/uploads\/2019\/03\/246399-Mayer1-63eaf8-original-1493994781.jpeg\" \n       class=\"td-modal-image\"\/>\n  <\/a>\n  <\/figure>\n <\/li><\/ul>\r\n\r\n","protected":false},"excerpt":{"rendered":"<p>Il Gruppo Armando Testa d\u00e0 il benvenuto a Giuseppe Mayer che entra con un doppio ruolo; da un lato infatti il manager sar\u00e0 Chief Digital Officer di Armando Testa, con la responsabilit\u00e0 di seguire e sviluppare i progetti integrati dell\u2019agenzia.<\/p>\n","protected":false},"author":2,"featured_media":930,"comment_status":"closed","ping_status":"open","sticky":false,"template":"","format":"standard","meta":{"_mi_skip_tracking":false},"tags":[],"yoast_head":"<!-- This site is optimized with the Yoast SEO plugin v20.2.1 - https:\/\/yoast.com\/wordpress\/plugins\/seo\/ -->\n<title>GIUSEPPE MAYER ENTRA IN ARMANDO TESTA - AT News Room<\/title>\n<meta name=\"robots\" content=\"index, follow, max-snippet:-1, max-image-preview:large, max-video-preview:-1\" \/>\n<link rel=\"canonical\" href=\"https:\/\/newsroom.armandotesta.it\/it\/giuseppe-mayer-entra-in-armando-testa\/\" \/>\n<meta name=\"twitter:card\" content=\"summary_large_image\" \/>\n<meta name=\"twitter:title\" content=\"GIUSEPPE MAYER ENTRA IN ARMANDO TESTA - AT News Room\" \/>\n<meta name=\"twitter:description\" content=\"Il Gruppo Armando Testa d\u00e0 il benvenuto a Giuseppe Mayer che entra con un doppio ruolo; da un lato infatti il manager sar\u00e0 Chief Digital Officer di Armando Testa, con la responsabilit\u00e0 di seguire e sviluppare i progetti integrati dell\u2019agenzia.\" \/>\n<meta name=\"twitter:image\" content=\"https:\/\/newsroom.armandotesta.it\/wp-content\/uploads\/2019\/03\/246399-Mayer1-63eaf8-original-1493994781.jpeg\" \/>\n<meta name=\"twitter:creator\" content=\"@ArmandoTestaSpA\" \/>\n<meta name=\"twitter:site\" content=\"@ArmandoTestaSpA\" \/>\n<meta name=\"twitter:label1\" content=\"Scritto da\" \/>\n\t<meta name=\"twitter:data1\" content=\"Andrea Vincenzi\" \/>\n\t<meta name=\"twitter:label2\" content=\"Tempo di lettura stimato\" \/>\n\t<meta name=\"twitter:data2\" content=\"1 minuto\" \/>\n<script type=\"application\/ld+json\" class=\"yoast-schema-graph\">{\"@context\":\"https:\/\/schema.org\",\"@graph\":[{\"@type\":\"WebPage\",\"@id\":\"https:\/\/newsroom.armandotesta.it\/it\/giuseppe-mayer-entra-in-armando-testa\/\",\"url\":\"https:\/\/newsroom.armandotesta.it\/it\/giuseppe-mayer-entra-in-armando-testa\/\",\"name\":\"GIUSEPPE MAYER ENTRA IN ARMANDO TESTA - AT News Room\",\"isPartOf\":{\"@id\":\"https:\/\/newsroom.armandotesta.it\/it\/#website\"},\"datePublished\":\"2017-05-04T10:00:00+00:00\",\"dateModified\":\"2019-03-14T11:26:08+00:00\",\"author\":{\"@id\":\"https:\/\/newsroom.armandotesta.it\/it\/#\/schema\/person\/097102a7d9da7e918db236bada3a1c5a\"},\"breadcrumb\":{\"@id\":\"https:\/\/newsroom.armandotesta.it\/it\/giuseppe-mayer-entra-in-armando-testa\/#breadcrumb\"},\"inLanguage\":\"it-IT\",\"potentialAction\":[{\"@type\":\"ReadAction\",\"target\":[\"https:\/\/newsroom.armandotesta.it\/it\/giuseppe-mayer-entra-in-armando-testa\/\"]}]},{\"@type\":\"BreadcrumbList\",\"@id\":\"https:\/\/newsroom.armandotesta.it\/it\/giuseppe-mayer-entra-in-armando-testa\/#breadcrumb\",\"itemListElement\":[{\"@type\":\"ListItem\",\"position\":1,\"name\":\"Home\",\"item\":\"https:\/\/newsroom.armandotesta.it\/it\/\"},{\"@type\":\"ListItem\",\"position\":2,\"name\":\"GIUSEPPE MAYER ENTRA IN ARMANDO TESTA\"}]},{\"@type\":\"WebSite\",\"@id\":\"https:\/\/newsroom.armandotesta.it\/it\/#website\",\"url\":\"https:\/\/newsroom.armandotesta.it\/it\/\",\"name\":\"AT News Room\",\"description\":\"\",\"potentialAction\":[{\"@type\":\"SearchAction\",\"target\":{\"@type\":\"EntryPoint\",\"urlTemplate\":\"https:\/\/newsroom.armandotesta.it\/it\/?s={search_term_string}\"},\"query-input\":\"required name=search_term_string\"}],\"inLanguage\":\"it-IT\"},{\"@type\":\"Person\",\"@id\":\"https:\/\/newsroom.armandotesta.it\/it\/#\/schema\/person\/097102a7d9da7e918db236bada3a1c5a\",\"name\":\"Andrea Vincenzi\",\"image\":{\"@type\":\"ImageObject\",\"inLanguage\":\"it-IT\",\"@id\":\"https:\/\/newsroom.armandotesta.it\/it\/#\/schema\/person\/image\/\",\"url\":\"https:\/\/secure.gravatar.com\/avatar\/314572425b98ddd7b713352e3f07cfca?s=96&d=blank&r=g\",\"contentUrl\":\"https:\/\/secure.gravatar.com\/avatar\/314572425b98ddd7b713352e3f07cfca?s=96&d=blank&r=g\",\"caption\":\"Andrea Vincenzi\"},\"sameAs\":[\"https:\/\/twitter.com\/ArmandoTestaSpA\"],\"url\":\"https:\/\/newsroom.armandotesta.it\/it\/author\/avincenzi\/\"}]}<\/script>\n<!-- \/ Yoast SEO plugin. -->","yoast_head_json":{"title":"GIUSEPPE MAYER ENTRA IN ARMANDO TESTA - AT News Room","robots":{"index":"index","follow":"follow","max-snippet":"max-snippet:-1","max-image-preview":"max-image-preview:large","max-video-preview":"max-video-preview:-1"},"canonical":"https:\/\/newsroom.armandotesta.it\/it\/giuseppe-mayer-entra-in-armando-testa\/","twitter_card":"summary_large_image","twitter_title":"GIUSEPPE MAYER ENTRA IN ARMANDO TESTA - AT News Room","twitter_description":"Il Gruppo Armando Testa d\u00e0 il benvenuto a Giuseppe Mayer che entra con un doppio ruolo; da un lato infatti il manager sar\u00e0 Chief Digital Officer di Armando Testa, con la responsabilit\u00e0 di seguire e sviluppare i progetti integrati dell\u2019agenzia.","twitter_image":"https:\/\/newsroom.armandotesta.it\/wp-content\/uploads\/2019\/03\/246399-Mayer1-63eaf8-original-1493994781.jpeg","twitter_creator":"@ArmandoTestaSpA","twitter_site":"@ArmandoTestaSpA","twitter_misc":{"Scritto da":"Andrea Vincenzi","Tempo di lettura stimato":"1 minuto"},"schema":{"@context":"https:\/\/schema.org","@graph":[{"@type":"WebPage","@id":"https:\/\/newsroom.armandotesta.it\/it\/giuseppe-mayer-entra-in-armando-testa\/","url":"https:\/\/newsroom.armandotesta.it\/it\/giuseppe-mayer-entra-in-armando-testa\/","name":"GIUSEPPE MAYER ENTRA IN ARMANDO TESTA - AT News Room","isPartOf":{"@id":"https:\/\/newsroom.armandotesta.it\/it\/#website"},"datePublished":"2017-05-04T10:00:00+00:00","dateModified":"2019-03-14T11:26:08+00:00","author":{"@id":"https:\/\/newsroom.armandotesta.it\/it\/#\/schema\/person\/097102a7d9da7e918db236bada3a1c5a"},"breadcrumb":{"@id":"https:\/\/newsroom.armandotesta.it\/it\/giuseppe-mayer-entra-in-armando-testa\/#breadcrumb"},"inLanguage":"it-IT","potentialAction":[{"@type":"ReadAction","target":["https:\/\/newsroom.armandotesta.it\/it\/giuseppe-mayer-entra-in-armando-testa\/"]}]},{"@type":"BreadcrumbList","@id":"https:\/\/newsroom.armandotesta.it\/it\/giuseppe-mayer-entra-in-armando-testa\/#breadcrumb","itemListElement":[{"@type":"ListItem","position":1,"name":"Home","item":"https:\/\/newsroom.armandotesta.it\/it\/"},{"@type":"ListItem","position":2,"name":"GIUSEPPE MAYER ENTRA IN ARMANDO TESTA"}]},{"@type":"WebSite","@id":"https:\/\/newsroom.armandotesta.it\/it\/#website","url":"https:\/\/newsroom.armandotesta.it\/it\/","name":"AT News Room","description":"","potentialAction":[{"@type":"SearchAction","target":{"@type":"EntryPoint","urlTemplate":"https:\/\/newsroom.armandotesta.it\/it\/?s={search_term_string}"},"query-input":"required name=search_term_string"}],"inLanguage":"it-IT"},{"@type":"Person","@id":"https:\/\/newsroom.armandotesta.it\/it\/#\/schema\/person\/097102a7d9da7e918db236bada3a1c5a","name":"Andrea Vincenzi","image":{"@type":"ImageObject","inLanguage":"it-IT","@id":"https:\/\/newsroom.armandotesta.it\/it\/#\/schema\/person\/image\/","url":"https:\/\/secure.gravatar.com\/avatar\/314572425b98ddd7b713352e3f07cfca?s=96&d=blank&r=g","contentUrl":"https:\/\/secure.gravatar.com\/avatar\/314572425b98ddd7b713352e3f07cfca?s=96&d=blank&r=g","caption":"Andrea Vincenzi"},"sameAs":["https:\/\/twitter.com\/ArmandoTestaSpA"],"url":"https:\/\/newsroom.armandotesta.it\/it\/author\/avincenzi\/"}]}},"_links":{"self":[{"href":"https:\/\/newsroom.armandotesta.it\/it\/wp-json\/wp\/v2\/posts\/929\/"}],"collection":[{"href":"https:\/\/newsroom.armandotesta.it\/it\/wp-json\/wp\/v2\/posts\/"}],"about":[{"href":"https:\/\/newsroom.armandotesta.it\/it\/wp-json\/wp\/v2\/types\/post\/"}],"author":[{"embeddable":true,"href":"https:\/\/newsroom.armandotesta.it\/it\/wp-json\/wp\/v2\/users\/2\/"}],"replies":[{"embeddable":true,"href":"https:\/\/newsroom.armandotesta.it\/it\/wp-json\/wp\/v2\/comments\/?post=929"}],"version-history":[{"count":2,"href":"https:\/\/newsroom.armandotesta.it\/it\/wp-json\/wp\/v2\/posts\/929\/revisions\/"}],"predecessor-version":[{"id":1221,"href":"https:\/\/newsroom.armandotesta.it\/it\/wp-json\/wp\/v2\/posts\/929\/revisions\/1221\/"}],"wp:featuredmedia":[{"embeddable":true,"href":"https:\/\/newsroom.armandotesta.it\/it\/wp-json\/wp\/v2\/media\/930\/"}],"wp:attachment":[{"href":"https:\/\/newsroom.armandotesta.it\/it\/wp-json\/wp\/v2\/media\/?parent=929"}],"wp:term":[{"taxonomy":"post_tag","embeddable":true,"href":"https:\/\/newsroom.armandotesta.it\/it\/wp-json\/wp\/v2\/tags\/?post=929"}],"curies":[{"name":"wp","href":"https:\/\/api.w.org\/{rel}","templated":true}]}}